{"id":253896,"date":"2025-11-24T21:31:11","date_gmt":"2025-11-24T21:31:11","guid":{"rendered":"https:\/\/www.europesays.com\/es\/253896\/"},"modified":"2025-11-24T21:31:11","modified_gmt":"2025-11-24T21:31:11","slug":"somos-una-maquina-casi-perfecta-el-orgullo-del-capitan-de-italia-tras-el-tricampeonato-de-copa-davis","status":"publish","type":"post","link":"https:\/\/www.europesays.com\/es\/253896\/","title":{"rendered":"\u00abSomos una m\u00e1quina casi perfecta\u00bb: el orgullo del capit\u00e1n de Italia tras el tricampeonato de Copa Davis"},"content":{"rendered":"<p>24  de  nov, 2025, 15:25 ET<\/p>\n<p>Nivel supremo exhibi\u00f3 la <a href=\"https:\/\/espndeportes.espn.com\/tenis\/nota\/_\/id\/15996374\/copa-davis-italia-alcanzo-un-hito-de-hace-medio-siglo-y-rompio-la-historia-moderna-del-torneo\" target=\"_blank\" rel=\"nofollow noopener\"><strong>Italia<\/strong><\/a><b> <\/b>de <strong>Filippo Volandri <\/strong>para consagrarse tricampe\u00f3n de <a href=\"https:\/\/espndeportes.espn.com\/tenis\/nota\/_\/id\/15996076\/italia-tricampeona-de-la-copa-davis-como-quedo-la-tabla-historica-de-titulos-estados-unidos-australia-gran-bretana\" target=\"_blank\" rel=\"nofollow noopener\"><strong>Copa Davis<\/strong><\/a>, superando a <a href=\"https:\/\/espndeportes.espn.com\/tenis\/nota\/_\/id\/15978986\/copa-davis-sin-sinner-y-con-un-equipo-alternativo-italia-no-sufrio-contra-austria-y-se-clasifico-a-las-semifinales\" target=\"_blank\" rel=\"nofollow noopener\">Austria<\/a>, <a href=\"https:\/\/espndeportes.espn.com\/tenis\/nota\/_\/id\/15987006\/copa-davis-italia-no-extrano-a-sinner-ni-a-musetti-vencio-a-belgica-y-se-metio-en-la-final-resultado-berrettini-cobolli\" target=\"_blank\" rel=\"nofollow noopener\">B\u00e9lgica<\/a> y <a href=\"https:\/\/espndeportes.espn.com\/tenis\/nota\/_\/id\/15994857\/copa-davis-2025-final-italia-espana-berrettini-munar-carreno-busta-cobolli\" target=\"_blank\" rel=\"nofollow noopener\">Espa\u00f1a<\/a> sin mayores inconvenientes durante la \u00faltima semana para bajarle el precio a las ausencias de <a href=\"https:\/\/espndeportes.espn.com\/tenis\/nota\/_\/id\/15996464\/las-felicitaciones-de-sinner-al-equipo-italiano-por-el-tricampeonato-en-la-copa-davis-espana\" target=\"_blank\" rel=\"nofollow noopener\">Jannik Sinner<\/a> (2\u00b0) y <a href=\"https:\/\/espndeportes.espn.com\/tenis\/nota\/_\/id\/15955496\/la-fuerte-decision-que-tomo-lorenzo-musetti-tras-quedar-eliminado-de-las-atp-finals-2025-baja-copa-davis-italia\" target=\"_blank\" rel=\"nofollow noopener\">Lorenzo Musetti<\/a> (8\u00b0), y confirmar que atraviesa ampliamente el <a href=\"https:\/\/espndeportes.espn.com\/tenis\/nota\/_\/id\/15987641\/italia-maxima-potencia-en-copa-davis-figuras-en-el-circuito-campeones-presente-historico-sinner-musetti-paolini-cobolli\" target=\"_blank\" rel=\"nofollow noopener\">mejor momento de su historia<\/a>.<\/p>\n<p>\u00abFue una eliminatoria dur\u00edsima. Espa\u00f1a jug\u00f3 con enorme orgullo. Cobolli y Berrettini tuvieron que elevarse en momentos cr\u00edticos, y lo hicieron.<strong> Estoy llorando y no llor\u00e9 la primera vez que ganamos el t\u00edtulo<\/strong>. Como grupo tenemos el poder de hacerlo. Es un gran equipo y solo con un equipo as\u00ed consigues ganar\u00bb, manifest\u00f3 el capit\u00e1n de la Azzurra, que dirige al seleccionado desde 2021 y en esta oportunidad confi\u00f3 en Matteo Berrettini (56\u00b0), <a href=\"https:\/\/espndeportes.espn.com\/tenis\/nota\/_\/id\/15996233\/cobolli-el-heroe-menos-pensado-de-italia-en-la-copa-davis-he-dado-todo-lo-que-tenia-el-corazon-espana-tricampeon\" target=\"_blank\" rel=\"nofollow noopener\">Flavio Cobolli<\/a> (22\u00b0), Lorenzo Sonego (39\u00b0), Andrea Vavassori (14\u00b0 en dobles) y Simone Bolelli (13\u00b0 en dobles).<\/p>\n<p>Selecciones Editoriales<\/p>\n<p>2 Relacionado<\/p>\n<p>Posteriormente, aquel que desestim\u00f3 la convocatoria de <a href=\"https:\/\/espndeportes.espn.com\/tenis\/nota\/_\/id\/15937961\/luciano-darderi-decepcionado-al-no-ser-convocado-a-la-copa-davis-estaba-listo-para-jugar-finals-sinner-italia-volandri\" target=\"_blank\" rel=\"nofollow noopener\">Luciano Darderi<\/a> (26\u00b0) y Matteo Arnaldi (62\u00b0), entre otros, puntualiz\u00f3 en el rendimiento en el SuperTennis Arena de Bolonia: \u00abLos partidos que se ven aqu\u00ed son diferentes a cualquier otro de un torneo normal. Es algo \u00fanico y por eso es hermoso. <strong>Cuando me preguntaban si jug\u00e1bamos por la tercera, siempre dec\u00eda que jug\u00e1bamos por la de 2025<\/strong>. Cada torneo es diferente, los jugadores cambian. Y tengo la suerte de tener siempre tantas opciones\u00bb.<\/p>\n<p>\u00abNos dimos cinco a\u00f1os para ganar una Davis. Ellos<strong> fueron m\u00e1s r\u00e1pido de lo que yo jam\u00e1s habr\u00eda pensado<\/strong>. Aprendimos, corregimos, nos reorganizamos. Tenemos muchos jugadores que podr\u00edan haber jugado. Siempre tuve una elecci\u00f3n dif\u00edcil. <strong>Este equipo me motiva todos los d\u00edas<\/strong>\u00ab, prolong\u00f3 el ex n\u00famero 25 del mundo, de 44 a\u00f1os y retirado en 2016, el cual se encarg\u00f3 de guiar al combinado nacional hacia su cuarta coronaci\u00f3n en el evento de naciones, despu\u00e9s de 1976, <a href=\"https:\/\/espndeportes.espn.com\/tenis\/nota\/_\/id\/14483694\/copa-davis-2024-final-italia-paises-bajos-cronica-resultados-berrettini-sinner-griekspoor-van-de-zandschulp-tenis\" target=\"_blank\" rel=\"nofollow noopener\">2023<\/a> y <a href=\"https:\/\/espndeportes.espn.com\/tenis\/nota\/_\/id\/14483694\/copa-davis-2024-final-italia-paises-bajos-cronica-resultados-berrettini-sinner-griekspoor-van-de-zandschulp-tenis\" target=\"_blank\" rel=\"nofollow noopener\">2024<\/a>.<\/p>\n<p>Por otro lado, el nacido en Livorno, dos veces proclamado en el circuito masculino, no dud\u00f3 en manifestar su orgullo por tama\u00f1os resultados: \u00abEstoy listo para empezar a trabajar desde ma\u00f1ana. <strong>No estamos aqu\u00ed para batir r\u00e9cords<\/strong>. Estamos aqu\u00ed para trabajar al m\u00e1ximo cada a\u00f1o. Si ganamos, significa que lo hemos logrado. <strong>Somos una m\u00e1quina casi perfecta. Es el resultado del trabajo conjunto<\/strong>: la Federaci\u00f3n, el equipo t\u00e9cnico, los entrenadores, los jugadores. Un gran equipo\u00bb.<\/p>\n<p>\u00abEn cinco a\u00f1os, creo que he tenido seis o siete debutantes. Si podemos crear los jugadores del futuro gracias a estas victorias, el \u00e9xito es a\u00fan m\u00e1s preciado. Como capit\u00e1n, la responsabilidad es hacia los chicos y la naci\u00f3n. <strong>Fui un buen jugador, tal vez, pero no comparable a estos muchachos<\/strong>\u00ab, cerr\u00f3 Volandri, quien seguramente ir\u00e1 en b\u00fasqueda de otro trofeo en 2026.<\/p>\n","protected":false},"excerpt":{"rendered":"24 de nov, 2025, 15:25 ET Nivel supremo exhibi\u00f3 la Italia de Filippo Volandri para consagrarse tricampe\u00f3n de&hellip;\n","protected":false},"author":2,"featured_media":253897,"comment_status":"","ping_status":"","sticky":false,"template":"","format":"standard","meta":{"footnotes":""},"categories":[93],"tags":[168,25,24,23,167],"class_list":{"0":"post-253896","1":"post","2":"type-post","3":"status-publish","4":"format-standard","5":"has-post-thumbnail","7":"category-deportes","8":"tag-deportes","9":"tag-es","10":"tag-espana","11":"tag-spain","12":"tag-sports"},"share_on_mastodon":{"url":"https:\/\/pubeurope.com\/@es\/115606813648368512","error":""},"_links":{"self":[{"href":"https:\/\/www.europesays.com\/es\/wp-json\/wp\/v2\/posts\/253896","targetHints":{"allow":["GET"]}}],"collection":[{"href":"https:\/\/www.europesays.com\/es\/wp-json\/wp\/v2\/posts"}],"about":[{"href":"https:\/\/www.europesays.com\/es\/wp-json\/wp\/v2\/types\/post"}],"author":[{"embeddable":true,"href":"https:\/\/www.europesays.com\/es\/wp-json\/wp\/v2\/users\/2"}],"replies":[{"embeddable":true,"href":"https:\/\/www.europesays.com\/es\/wp-json\/wp\/v2\/comments?post=253896"}],"version-history":[{"count":0,"href":"https:\/\/www.europesays.com\/es\/wp-json\/wp\/v2\/posts\/253896\/revisions"}],"wp:featuredmedia":[{"embeddable":true,"href":"https:\/\/www.europesays.com\/es\/wp-json\/wp\/v2\/media\/253897"}],"wp:attachment":[{"href":"https:\/\/www.europesays.com\/es\/wp-json\/wp\/v2\/media?parent=253896"}],"wp:term":[{"taxonomy":"category","embeddable":true,"href":"https:\/\/www.europesays.com\/es\/wp-json\/wp\/v2\/categories?post=253896"},{"taxonomy":"post_tag","embeddable":true,"href":"https:\/\/www.europesays.com\/es\/wp-json\/wp\/v2\/tags?post=253896"}],"curies":[{"name":"wp","href":"https:\/\/api.w.org\/{rel}","templated":true}]}}