{"id":253902,"date":"2025-11-24T21:34:09","date_gmt":"2025-11-24T21:34:09","guid":{"rendered":"https:\/\/www.europesays.com\/es\/253902\/"},"modified":"2025-11-24T21:34:09","modified_gmt":"2025-11-24T21:34:09","slug":"shingeki-no-kyojin-vuelve-a-lo-grande-con-una-colaboracion-gratuita-con-uno-de-los-grandes-olvidados-en-los-goty","status":"publish","type":"post","link":"https:\/\/www.europesays.com\/es\/253902\/","title":{"rendered":"\u2018Shingeki no Kyojin\u2019 vuelve a lo grande con una colaboraci\u00f3n gratuita con uno de los grandes olvidados en los GOTY"},"content":{"rendered":"<p class=\"\">\u2018Shingeki no Kyojin\u2019 dio por <a href=\"https:\/\/as.com\/meristation\/manga-y-anime\/el-aviso-del-productor-de-shingeki-no-kyojin-sobre-nuevas-peliculas-que-llegaran-en-un-futuro-n\/\" target=\"_self\" rel=\"nofollow noopener\" title=\"https:\/\/as.com\/meristation\/manga-y-anime\/el-aviso-del-productor-de-shingeki-no-kyojin-sobre-nuevas-peliculas-que-llegaran-en-un-futuro-n\/\">finalizada su historia hace a\u00f1os<\/a>, pero de vez en cuando la licencia se asoma para darle m\u00e1s contenido a sus fans. <b>Lo \u00faltimo llegar\u00e1 este 25 de noviembre<\/b> <a href=\"https:\/\/as.com\/meristation\/analisis\/analisis-de-assassins-creed-shadows-la-fantasia-del-japon-feudal-definitiva-n\/\" target=\"_self\" rel=\"nofollow noopener\" title=\"https:\/\/as.com\/meristation\/analisis\/analisis-de-assassins-creed-shadows-la-fantasia-del-japon-feudal-definitiva-n\/\">a Assassin\u2019s Creed Shadows<\/a>. El juego de Ubisoft se refuerza con novedades gratuitas que los seguidores de la serie no se pueden perder.<\/p>\n<p class=\"\">Este nuevo arco narrativo introducir\u00e1 a los jugadores en una nueva misi\u00f3n<b> \u201cguiados por Ada, una mujer vestida de manera extra\u00f1a\u201d<\/b>, donde se aventurar\u00e1n en la Capilla cristalizada donde el surgir de los titanes origin\u00f3 algunos de los momentos clave del manga y el anime.<\/p>\n<p class=\"\">Al completar la misi\u00f3n se recibir\u00e1n recompensas exclusivas tem\u00e1ticas, como una nueva katana. En la tienda se ofertar\u00e1n paquetes con objetos de personalizaci\u00f3n tem\u00e1ticos, entre los que se incluye la indumentaria de Mikasa para Naoe, un traje inspirado por los titanes para Yasuke y mucho m\u00e1s. <b>El evento durar\u00e1 hasta el 22 de diciembre en todas las versiones del juego<\/b>: PS5, Xbox Series X|S, PC y Nintendo Switch 2 (disponible a partir del 2 de diciembre).<\/p>\n<p><img decoding=\"async\" src=\"https:\/\/www.europesays.com\/es\/wp-content\/uploads\/2025\/11\/ZMNXN6UQEREIZNZNMJFLFPIDUM.jpg\" alt=\"\u2018Shingeki no Kyojin\u2019 vuelve a lo grande con una colaboraci\u00f3n gratuita con uno de los grandes olvidados en los GOTY\" height=\"2160\" width=\"3840\"   loading=\"lazy\"\/><\/p>\n<p class=\"\">Junto a la misi\u00f3n de \u2018Ataque a los Titanes\u2019, Ubisoft lanzar\u00e1 tambi\u00e9n otra trama gratuita llamada <b>\u201cDesconcertantes\u201d<\/b>, que llevar\u00e1 a los protagonistas a aprender habilidades innatas del otro, rompiendo as\u00ed el equilibrio de estilos que hab\u00eda hasta el momento.<\/p>\n<p class=\"\">Decimos \u201colvidado\u201d en los GOTY 2025 <a href=\"https:\/\/as.com\/meristation\/noticias\/nominados-a-los-goty-2025-lista-completa-de-todas-las-categorias-en-the-game-awards-f202511-n\/\" target=\"_self\" rel=\"nofollow noopener\" title=\"https:\/\/as.com\/meristation\/noticias\/nominados-a-los-goty-2025-lista-completa-de-todas-las-categorias-en-the-game-awards-f202511-n\/\">porque el juego de Ubisoft solo ha sido nominado a innovaci\u00f3n en accesibilidad<\/a>, cuando al mismo tiempo ha sido uno de los grandes t\u00edtulos del a\u00f1o. <b>Su fuerte ambientaci\u00f3n en Jap\u00f3n<\/b> y sus mejoras t\u00e9cnicas frente a otros de la saga alimentaron la conversaci\u00f3n alrededor del juego en los meses despu\u00e9s de su lanzamiento.<\/p>\n<p><b>\u00bfC\u00f3mo accedo a la misi\u00f3n de \u2018Ataque a los titanes\u2019 en Assassin\u2019s Creed Shadows?<\/b><\/p>\n<p class=\"\">Para acceder a la misi\u00f3n tendr\u00e1s que haber desbloqueado a Yasuke avanzando en la trama principal. <b>Cuando lo hagas, tendr\u00e1s que dirigirte al noreste de Yamashiro<\/b>, donde aparecer\u00e1 un icono con el personaje que te activar\u00e1 la misi\u00f3n.<\/p>\n<p>Noticias relacionadas<\/p>\n<p class=\"\">Suscr\u00edbete al <a href=\"https:\/\/www.youtube.com\/@meristation\" target=\"_self\" rel=\"nofollow noopener\" title=\"https:\/\/www.youtube.com\/@meristation\">canal de MeriStation en YouTube<\/a>, tu web de videojuegos y entretenimiento para conocer todas las noticias y novedades sobre el mundo del videojuego, cine, series, manga y anime. An\u00e1lisis, entrevistas, tr\u00e1ileres, gameplays, p\u00f3dcast y mucho m\u00e1s. Tambi\u00e9n te animamos a seguir <a href=\"https:\/\/www.tiktok.com\/@meristation\" rel=\"nofollow noopener\" title=\"https:\/\/www.tiktok.com\/@meristation\" target=\"_blank\">nuestra cuenta de TikTok<\/a>. <\/p>\n<p class=\"\">\u00a1S\u00edguenos en ambas y, si est\u00e1s interesado en licenciar este contenido, pincha <a href=\"https:\/\/profesional.elpais.com\/soluciones-sindicacion?utm_medium=interno&amp;utm_source=crosslinking&amp;utm_campaign=sindicacion_as_pie_articulos\" target=\"_blank\" rel=\"nofollow noopener\" title=\"https:\/\/profesional.elpais.com\/soluciones-sindicacion?utm_medium=interno&amp;utm_source=crosslinking&amp;utm_campaign=sindicacion_as_pie_articulos\">aqu\u00ed<\/a>!<\/p>\n<p><script async src=\"\/\/www.tiktok.com\/embed.js\"><\/script><\/p>\n","protected":false},"excerpt":{"rendered":"\u2018Shingeki no Kyojin\u2019 dio por finalizada su historia hace a\u00f1os, pero de vez en cuando la licencia se&hellip;\n","protected":false},"author":2,"featured_media":253903,"comment_status":"","ping_status":"","sticky":false,"template":"","format":"standard","meta":{"footnotes":""},"categories":[81],"tags":[119,123,124,25,24,117,121,122,23,118,120],"class_list":{"0":"post-253902","1":"post","2":"type-post","3":"status-publish","4":"format-standard","5":"has-post-thumbnail","7":"category-ciencia-y-tecnologia","8":"tag-ciencia","9":"tag-ciencia-y-tecnologia","10":"tag-cienciaytecnologia","11":"tag-es","12":"tag-espana","13":"tag-science","14":"tag-science-and-technology","15":"tag-scienceandtechnology","16":"tag-spain","17":"tag-technology","18":"tag-tecnologia"},"share_on_mastodon":{"url":"https:\/\/pubeurope.com\/@es\/115606826615035734","error":""},"_links":{"self":[{"href":"https:\/\/www.europesays.com\/es\/wp-json\/wp\/v2\/posts\/253902","targetHints":{"allow":["GET"]}}],"collection":[{"href":"https:\/\/www.europesays.com\/es\/wp-json\/wp\/v2\/posts"}],"about":[{"href":"https:\/\/www.europesays.com\/es\/wp-json\/wp\/v2\/types\/post"}],"author":[{"embeddable":true,"href":"https:\/\/www.europesays.com\/es\/wp-json\/wp\/v2\/users\/2"}],"replies":[{"embeddable":true,"href":"https:\/\/www.europesays.com\/es\/wp-json\/wp\/v2\/comments?post=253902"}],"version-history":[{"count":0,"href":"https:\/\/www.europesays.com\/es\/wp-json\/wp\/v2\/posts\/253902\/revisions"}],"wp:featuredmedia":[{"embeddable":true,"href":"https:\/\/www.europesays.com\/es\/wp-json\/wp\/v2\/media\/253903"}],"wp:attachment":[{"href":"https:\/\/www.europesays.com\/es\/wp-json\/wp\/v2\/media?parent=253902"}],"wp:term":[{"taxonomy":"category","embeddable":true,"href":"https:\/\/www.europesays.com\/es\/wp-json\/wp\/v2\/categories?post=253902"},{"taxonomy":"post_tag","embeddable":true,"href":"https:\/\/www.europesays.com\/es\/wp-json\/wp\/v2\/tags?post=253902"}],"curies":[{"name":"wp","href":"https:\/\/api.w.org\/{rel}","templated":true}]}}