{"id":253904,"date":"2025-11-24T21:35:11","date_gmt":"2025-11-24T21:35:11","guid":{"rendered":"https:\/\/www.europesays.com\/es\/253904\/"},"modified":"2025-11-24T21:35:11","modified_gmt":"2025-11-24T21:35:11","slug":"byd-echa-un-jarro-de-agua-fria-a-su-hipotetica-fabrica-en-espana","status":"publish","type":"post","link":"https:\/\/www.europesays.com\/es\/253904\/","title":{"rendered":"BYD echa un jarro de agua fr\u00eda a su hipot\u00e9tica f\u00e1brica en Espa\u00f1a"},"content":{"rendered":"<p>BYD no tiene un plan encima de la mesa para abrir una f\u00e1brica en nuestro pa\u00eds. Al menos, eso es lo que sostiene Alberto de Aza, director general de BYD para Espa\u00f1a y Portugal, quien en una entrevista a EFE ha declarado que la compa\u00f1\u00eda est\u00e1 centrada en su f\u00e1brica h\u00fangara. Seg\u00fan De Aza, ni hay problema productivos ni hay intenciones de abrir una planta en Espa\u00f1a.\u00a0<\/p>\n<p><strong>BYD se interesa por Espa\u00f1a<\/strong>. Espa\u00f1a ha sonado fuerte en dos ocasiones para ser el hogar de una planta productora de coches de BYD para Europa. Lo hizo primero en 2023 cuando se supo que <a class=\"text-outboundlink\" href=\"https:\/\/www.xataka.com\/movilidad\/byd-esta-gira-europa-busca-ciudad-donde-fabricar-coches-hay-dos-espanolas-candidatas\" data-vars-post-title=\"BYD est\u00e1 de gira por Europa en busca de una ciudad donde fabricar coches. Y hay dos espa\u00f1olas candidatas \" data-vars-post-url=\"https:\/\/www.xataka.com\/movilidad\/byd-esta-gira-europa-busca-ciudad-donde-fabricar-coches-hay-dos-espanolas-candidatas\" rel=\"nofollow noopener\" target=\"_blank\">la compa\u00f1\u00eda estaba de gira por Europa<\/a> buscando ubicaci\u00f3n a una f\u00e1brica. Antes de que terminara ese mismo a\u00f1o, <a class=\"text-outboundlink\" href=\"https:\/\/www.xataka.com\/movilidad\/espana-se-queda-primera-fabrica-byd-fabricante-chino-coches-electricos-se-decide-hungria\" data-vars-post-title=\"Espa\u00f1a se queda sin la primera f\u00e1brica de BYD. El fabricante chino de coches el\u00e9ctricos se decide por Hungr\u00eda \" data-vars-post-url=\"https:\/\/www.xataka.com\/movilidad\/espana-se-queda-primera-fabrica-byd-fabricante-chino-coches-electricos-se-decide-hungria\" rel=\"nofollow noopener\" target=\"_blank\">supimos que Hungr\u00eda hab\u00eda sido la elegida<\/a>.\u00a0<\/p>\n<p>Ahora, las informaciones han apuntado a que BYD vuelve a estar estudiando la apertura de una f\u00e1brica. Y, seg\u00fan <a rel=\"noopener, noreferrer nofollow\" href=\"https:\/\/www.reuters.com\/world\/china\/spain-frontrunner-chinese-carmaker-byds-third-european-plant-sources-say-2025-10-14\/\" target=\"_blank\">Reuters<\/a>, Espa\u00f1a volv\u00eda a ser una de las primeras candidatas. Sus costes operativos y el buen rendimiento en el pa\u00eds parec\u00edan ser dos alicientes a tener muy en cuenta de cara al futuro.\u00a0<\/p>\n<p>    <a href=\"https:\/\/www.xataka.com\/movilidad\/no-podemos-permitir-que-hagan-cuatro-chapas-ruedas-renault-presiona-europa-copie-modelo-chino\" class=\"pivot-outboundlink\" data-vars-post-title=\"Para Renault, los fabricantes chinos est\u00e1n haciendo &quot;cuatro chapas con ruedas&quot; en Europa. Y creen tener la soluci\u00f3n\" rel=\"nofollow noopener\" target=\"_blank\"><br \/>\n     <img loading=\"lazy\" decoding=\"async\" alt=\"Para Renault, los fabricantes chinos est\u00e1n haciendo &quot;cuatro chapas con ruedas&quot; en Europa. Y creen tener la soluci\u00f3n\" width=\"375\" height=\"142\" src=\"https:\/\/www.europesays.com\/es\/wp-content\/uploads\/2025\/11\/1764020109_824_375_142.jpeg\"\/><br \/>\n    <\/a><\/p>\n<p><strong>No hay planes<\/strong>. Eso es lo que ha contestado Alberto de Aza, director general de BYD para Espa\u00f1a y Portugal, en una entrevista a <a rel=\"noopener, noreferrer nofollow\" href=\"https:\/\/efe.com\/cataluna\/2025-11-21\/byd-asegura-que-en-este-momento-no-tiene-ningun-plan-para-ubicar-una-planta-en-espana\/\" target=\"_blank\">EFE<\/a>. El m\u00e1ximo responsable de la compa\u00f1\u00eda en nuestro pa\u00eds ha se\u00f1alado que \u00abno hay ning\u00fan plan concreto en este momento para implantar un centro productivo en Espa\u00f1a\u00bb.\u00a0<\/p>\n<p>La respuesta es un jarro de agua fr\u00eda a las informaciones que apuntaban a que Espa\u00f1a era la primera en la l\u00ednea de salida de esta nueva carrera. De hecho, hace tan solo unos d\u00edas que <a rel=\"noopener, noreferrer nofollow\" href=\"https:\/\/www.lavanguardia.com\/economia\/20251106\/11235927\/byd-fabrica-catalunya-generalitat-samper-govern-fabricacion.html\" target=\"_blank\">la Generalitat de Catalunya confirmaba<\/a> que hab\u00edan mantenido conversaciones con representantes de la empresa. Y poco antes, en octubre, el propio <a class=\"text-outboundlink\" href=\"https:\/\/www.xataka.com\/movilidad\/espana-se-perfila-como-destino-proxima-fabrica-byd-reuters-apuesta-que-consolidaria-su-presencia-europa\" data-vars-post-title=\"Espa\u00f1a se perfila como el destino de la pr\u00f3xima f\u00e1brica de BYD, seg\u00fan Reuters: el siguiente cap\u00edtulo de su avance en Europa\" data-vars-post-url=\"https:\/\/www.xataka.com\/movilidad\/espana-se-perfila-como-destino-proxima-fabrica-byd-reuters-apuesta-que-consolidaria-su-presencia-europa\" rel=\"nofollow noopener\" target=\"_blank\">De Aza hablaba de Espa\u00f1a como \u00abun lugar ideal\u00bb<\/a> para ampliar la fabricaci\u00f3n europea de la compa\u00f1\u00eda.<\/p>\n<p>    <a href=\"https:\/\/www.xataka.com\/movilidad\/catl-planea-abrir-gigafactoria-baterias-para-coches-espana-justifica-que-sus-2-000-primeros-empleados-sean-chinos\" class=\"pivot-outboundlink\" data-vars-post-title=\"La f\u00e1brica de CATL en Zaragoza va a dar trabajo a 2.000 personas. A 2.000 personas que vendr\u00e1n de China, en concreto\" rel=\"nofollow noopener\" target=\"_blank\"><br \/>\n     <img loading=\"lazy\" decoding=\"async\" alt=\"La f\u00e1brica de CATL en Zaragoza va a dar trabajo a 2.000 personas. A 2.000 personas que vendr\u00e1n de China, en concreto\" width=\"375\" height=\"142\" src=\"https:\/\/www.europesays.com\/es\/wp-content\/uploads\/2025\/11\/1764020109_879_375_142.jpeg\"\/><br \/>\n    <\/a><\/p>\n<p><strong>De momento, Hungr\u00eda<\/strong>. De momento, BYD parece estar enfrascada en la apertura de su planta en Hungr\u00eda. Todo indica que \u00abluego ya ver\u00e1\u00bb. Y es que la compa\u00f1\u00eda ha arrancado con mucha fuerza en nuestro pa\u00eds pero buena parte del mercado europeo <a rel=\"noopener, noreferrer nofollow\" href=\"https:\/\/forococheselectricos.com\/noticias\/byd-arrasa-en-espana-pasa-desapercibido-otros-mercados-europeos-20251124-39000.html#google_vignette\" target=\"_blank\">se le est\u00e1 resistiendo<\/a>. La apuesta por los h\u00edbridos enchufables a precios atractivos, como el <a class=\"text-outboundlink\" href=\"https:\/\/www.xataka.com\/movilidad\/byd-atto-2-dm-i-opiniones-primera-toma-contacto-fotos\" data-vars-post-title=\"Pens\u00e1bamos en el BYD Atto 2 DM-i como el h\u00edbrido enchufable para dar un golpe en la mesa. Es toda una bomba\" data-vars-post-url=\"https:\/\/www.xataka.com\/movilidad\/byd-atto-2-dm-i-opiniones-primera-toma-contacto-fotos\" rel=\"nofollow noopener\" target=\"_blank\">BYD Atto 2 DM-i<\/a> es la confirmaci\u00f3n de que tratan de buscar soluciones y alternativas.\u00a0<\/p>\n<p>A esto hay que sumar que la compa\u00f1\u00eda ha enfrentado <a class=\"text-outboundlink\" href=\"https:\/\/www.xataka.com\/movilidad\/que-china-fabricara-sus-coches-europa-parecia-plan-perfecto-que-llenaron-trabajadores-chinos\" data-vars-post-title=\"Que China fabricara sus coches en Europa parec\u00eda un plan perfecto. Hasta que las llenaron de trabajadores chinos \" data-vars-post-url=\"https:\/\/www.xataka.com\/movilidad\/que-china-fabricara-sus-coches-europa-parecia-plan-perfecto-que-llenaron-trabajadores-chinos\" rel=\"nofollow noopener\" target=\"_blank\">algunas complicaciones<\/a> relacionadas con su planta de Hungr\u00eda. La primera la de si est\u00e1 utilizando la cantidad suficiente de empleados locales. La segunda la de si va a crear una red industrial lo suficientemente tupida a su alrededor.\u00a0<\/p>\n<p>    <a href=\"https:\/\/www.xataka.com\/movilidad\/que-china-fabricara-sus-coches-europa-parecia-plan-perfecto-que-llenaron-trabajadores-chinos\" class=\"pivot-outboundlink\" data-vars-post-title=\"Que China fabricara sus coches en Europa parec\u00eda un plan perfecto. Hasta que las llenaron de trabajadores chinos \" rel=\"nofollow noopener\" target=\"_blank\"><br \/>\n     <img loading=\"lazy\" decoding=\"async\" alt=\"Que China fabricara sus coches en Europa parec\u00eda un plan perfecto. Hasta que las llenaron de trabajadores chinos \" width=\"375\" height=\"142\" src=\"https:\/\/www.europesays.com\/es\/wp-content\/uploads\/2025\/11\/1764020110_90_375_142.jpeg\"\/><br \/>\n    <\/a><\/p>\n<p><strong>Encaje complicado<\/strong>. BYD no es la \u00fanica compa\u00f1\u00eda que est\u00e1 en el ojo de la Uni\u00f3n Europea por c\u00f3mo fabrican (en este caso, esperan fabricar) sus coches en suelo europeo. De momento, los coches el\u00e9ctricos venidos de China est\u00e1n gravados con <a class=\"text-outboundlink\" href=\"https:\/\/www.xataka.com\/movilidad\/hoy-entran-vigor-aranceles-union-europea-al-coche-electrico-chino-fabricantes-alcanzados-tarifas\" data-vars-post-title=\"Hoy entran en vigor los &quot;aranceles&quot; de la Uni\u00f3n Europea al coche el\u00e9ctrico chino: fabricantes alcanzados y tarifas\" data-vars-post-url=\"https:\/\/www.xataka.com\/movilidad\/hoy-entran-vigor-aranceles-union-europea-al-coche-electrico-chino-fabricantes-alcanzados-tarifas\" rel=\"nofollow noopener\" target=\"_blank\">aranceles espec\u00edficos para cada compa\u00f1\u00eda<\/a> pero no as\u00ed los h\u00edbridos enchufables. Para evitar ese arancel espec\u00edfico y el general (del 10% a las importaciones que llegan desde China), los fabricantes chinos hablan de producir en Europa.\u00a0<\/p>\n<p>Sin embargo, la Uni\u00f3n Europea vigila de cerca c\u00f3mo se fabrican estos coches. Y es que se habla de producir veh\u00edculos <a class=\"text-outboundlink\" href=\"https:\/\/www.xataka.com\/movilidad\/manufactura-coches-chinos-europa-peculiar-hay-parlamentarios-que-consideran-que-no-esta-bien\" data-vars-post-title=\"&quot;Montan coches chinos con componentes chinos y personal chino&quot;: la UE empieza a sospechar de las plantas de los fabricantes\" data-vars-post-url=\"https:\/\/www.xataka.com\/movilidad\/manufactura-coches-chinos-europa-peculiar-hay-parlamentarios-que-consideran-que-no-esta-bien\" rel=\"nofollow noopener\" target=\"_blank\">utilizando kits ya casi montados<\/a> que llegan a Europa en barco y al que se les dan los \u00faltimos retoques en suelo europeo. Algo as\u00ed como si un puzzle de 1.000 piezas llegara la montado a falta de unir cuatro grandes grupos de ellas.\u00a0<\/p>\n<p>Esto, aseguran los reguladores europeos, <a class=\"text-outboundlink\" href=\"https:\/\/www.xataka.com\/movilidad\/no-buen-modelo-chery-confiaba-espana-para-asaltar-mercado-europeo-aranceles-europa-tiene-otra-opinion\" data-vars-post-title=\"Las marcas chinas cre\u00edan haber encontrado un &quot;atajo&quot; a los aranceles al coche el\u00e9ctrico en Espa\u00f1a. Hasta que Europa se dio cuenta\" data-vars-post-url=\"https:\/\/www.xataka.com\/movilidad\/no-buen-modelo-chery-confiaba-espana-para-asaltar-mercado-europeo-aranceles-europa-tiene-otra-opinion\" rel=\"nofollow noopener\" target=\"_blank\">podr\u00eda no ser suficiente<\/a> para saltarse los aranceles. Es una pr\u00e1ctica que ya <a class=\"text-outboundlink\" href=\"https:\/\/www.xataka.com\/movilidad\/espana-sufre-juego-equilibrios-coche-electrico-chino-chery-retrasa-ano-produccion-omoda-barcelona\" data-vars-post-title=\"Espa\u00f1a sufre en el juego de equilibrios del coche el\u00e9ctrico chino: Chery retrasa un a\u00f1o la producci\u00f3n de Omoda en Barcelona \" data-vars-post-url=\"https:\/\/www.xataka.com\/movilidad\/espana-sufre-juego-equilibrios-coche-electrico-chino-chery-retrasa-ano-produccion-omoda-barcelona\" rel=\"nofollow noopener\" target=\"_blank\">ha retrasado la llegada del Omoda 5 el\u00e9ctrico<\/a> a la f\u00e1brica de Barcelona, por ejemplo.\u00a0<\/p>\n<p>    <a href=\"https:\/\/www.xataka.com\/movilidad\/espana-miraba-a-coches-chinos-como-tabla-salvacion-guerra-comercial-corre-riesgo-morir-ahogado\" class=\"pivot-outboundlink\" data-vars-post-title=\"Espa\u00f1a miraba a los coches chinos como una tabla de salvaci\u00f3n. En la guerra comercial, corre el riesgo de morir ahogado \" rel=\"nofollow noopener\" target=\"_blank\"><br \/>\n     <img loading=\"lazy\" decoding=\"async\" alt=\"Espa\u00f1a miraba a los coches chinos como una tabla de salvaci\u00f3n. En la guerra comercial, corre el riesgo de morir ahogado \" width=\"375\" height=\"142\" src=\"https:\/\/www.europesays.com\/es\/wp-content\/uploads\/2025\/11\/1764020111_787_375_142.jpeg\"\/><br \/>\n    <\/a><\/p>\n<p><strong>Espa\u00f1a, \u00bfpor qu\u00e9?<\/strong> A lo anterior hay que sumar un detalle: <a class=\"text-outboundlink\" href=\"https:\/\/www.xataka.com\/movilidad\/espana-miraba-a-coches-chinos-como-tabla-salvacion-guerra-comercial-corre-riesgo-morir-ahogado\" data-vars-post-title=\"Espa\u00f1a miraba a los coches chinos como una tabla de salvaci\u00f3n. En la guerra comercial, corre el riesgo de morir ahogado \" data-vars-post-url=\"https:\/\/www.xataka.com\/movilidad\/espana-miraba-a-coches-chinos-como-tabla-salvacion-guerra-comercial-corre-riesgo-morir-ahogado\" rel=\"nofollow noopener\" target=\"_blank\">Espa\u00f1a se ha movido en un complicado juego de equilibrios con China<\/a>. Adem\u00e1s de que nuestro pa\u00eds ofrece costes operativos (laborales o de energ\u00eda) m\u00e1s bajos a los fabricantes frente a otras naciones europeas, lo cierto es que hay otro punto de vista.\u00a0<\/p>\n<p>En la aprobaci\u00f3n final de los aranceles a los coches el\u00e9ctricos chinos, Espa\u00f1a vir\u00f3 <a class=\"text-outboundlink\" href=\"https:\/\/www.xataka.com\/movilidad\/espana-jugo-a-no-mojarse-aranceles-al-coche-electrico-chino-zaragoza-esta-cerca-ser-beneficiada\" data-vars-post-title=\"China presion\u00f3 hasta que Espa\u00f1a dej\u00f3 de apoyar los aranceles a sus coches el\u00e9ctricos. Ahora estudia premiar a Zaragoza\" data-vars-post-url=\"https:\/\/www.xataka.com\/movilidad\/espana-jugo-a-no-mojarse-aranceles-al-coche-electrico-chino-zaragoza-esta-cerca-ser-beneficiada\" rel=\"nofollow noopener\" target=\"_blank\">del \u00abs\u00ed\u00bb rotundo a la abstenci\u00f3n<\/a>. Poco despu\u00e9s de su aplicaci\u00f3n se filtr\u00f3 que el Estado chino habr\u00eda ordenado a sus fabricantes <a class=\"text-outboundlink\" href=\"https:\/\/www.xataka.com\/movilidad\/inversion-catl-espana-no-casual-china-esta-castigando-a-quienes-apoyaron-aranceles-a-sus-coches-electricos\" data-vars-post-title=\"La inversi\u00f3n de CATL en Espa\u00f1a no es casual: China est\u00e1 castigando a quienes apoyaron los aranceles a sus coches el\u00e9ctricos\" data-vars-post-url=\"https:\/\/www.xataka.com\/movilidad\/inversion-catl-espana-no-casual-china-esta-castigando-a-quienes-apoyaron-aranceles-a-sus-coches-electricos\" rel=\"nofollow noopener\" target=\"_blank\">detener todas las inversiones<\/a> en los pa\u00edses que apoyaron esos aranceles. Italia, por ejemplo, <a class=\"text-outboundlink\" href=\"https:\/\/www.xataka.com\/movilidad\/aranceles-al-coche-electrico-chino-amenazan-ser-tiro-pie-europa-queria-inversion-china-ha-ordenado-detenerla\" data-vars-post-title=\"Los aranceles al coche el\u00e9ctrico chino amenazan con ser un tiro en el pie. Europa quer\u00eda inversi\u00f3n y China ha ordenado detenerla \" data-vars-post-url=\"https:\/\/www.xataka.com\/movilidad\/aranceles-al-coche-electrico-chino-amenazan-ser-tiro-pie-europa-queria-inversion-china-ha-ordenado-detenerla\" rel=\"nofollow noopener\" target=\"_blank\">habr\u00eda sido uno de los pa\u00edses m\u00e1s afectados<\/a>.\u00a0<\/p>\n<p>Desde entonces, se ha filtrado que <a class=\"text-outboundlink\" href=\"https:\/\/www.xataka.com\/movilidad\/europa-quiere-complicar-cosas-a-china-espana-tiene-otros-planes-ir-libre-para-atraer-inversiones-mg-byd\" data-vars-post-title=\"Europa quiere complicar las cosas a China pero Espa\u00f1a tiene otros planes: ir por libre para atraer las f\u00e1bricas de MG y BYD\" data-vars-post-url=\"https:\/\/www.xataka.com\/movilidad\/europa-quiere-complicar-cosas-a-china-espana-tiene-otros-planes-ir-libre-para-atraer-inversiones-mg-byd\" rel=\"nofollow noopener\" target=\"_blank\">BYD estaba interesada en Espa\u00f1a<\/a> para albergar una nueva f\u00e1brica europea. Pero tambi\u00e9n <a class=\"text-outboundlink\" href=\"https:\/\/www.xataka.com\/movilidad\/zaragoza-tendra-mayor-gigafactoria-espana-stellantis-catl-confirman-inversion-4-100-millones-euros\" data-vars-post-title=\"Zaragoza tendr\u00e1 la mayor gigafactor\u00eda de Espa\u00f1a: Stellantis y CATL confirman una inversi\u00f3n de 4.100 millones de euros \" data-vars-post-url=\"https:\/\/www.xataka.com\/movilidad\/zaragoza-tendra-mayor-gigafactoria-espana-stellantis-catl-confirman-inversion-4-100-millones-euros\" rel=\"nofollow noopener\" target=\"_blank\">CATL lleg\u00f3 a un acuerdo con Stellantis<\/a> para poner en marcha una planta productora de bater\u00edas en Arag\u00f3n. No es casual que <a class=\"text-outboundlink\" href=\"https:\/\/www.xataka.com\/movilidad\/byd-busca-nueva-fabrica-europa-hay-buenos-motivos-para-pensar-que-espana-favoritas\" data-vars-post-title=\"Espa\u00f1a est\u00e1 mimando su relaci\u00f3n con China y ahora aspira a llevarse un premio gordo: la nueva f\u00e1brica de BYD\" data-vars-post-url=\"https:\/\/www.xataka.com\/movilidad\/byd-busca-nueva-fabrica-europa-hay-buenos-motivos-para-pensar-que-espana-favoritas\" rel=\"nofollow noopener\" target=\"_blank\">Espa\u00f1a haya mimado sus relaciones<\/a> con China \u00faltimamente.<\/p>\n<p>Foto | Mercedes y Xataka\u00a0<\/p>\n<p>En Xataka | <a class=\"text-outboundlink\" href=\"https:\/\/www.xataka.com\/movilidad\/manufactura-coches-chinos-europa-peculiar-hay-parlamentarios-que-consideran-que-no-esta-bien\" data-vars-post-title=\"&quot;Montan coches chinos con componentes chinos y personal chino&quot;: la UE empieza a sospechar de las plantas de los fabricantes\" data-vars-post-url=\"https:\/\/www.xataka.com\/movilidad\/manufactura-coches-chinos-europa-peculiar-hay-parlamentarios-que-consideran-que-no-esta-bien\" rel=\"nofollow noopener\" target=\"_blank\">\u201cMontan coches chinos con componentes chinos y personal chino\u201d: la UE empieza a sospechar de las plantas de los fabricantes<\/a><\/p>\n","protected":false},"excerpt":{"rendered":"BYD no tiene un plan encima de la mesa para abrir una f\u00e1brica en nuestro pa\u00eds. Al menos,&hellip;\n","protected":false},"author":2,"featured_media":253905,"comment_status":"","ping_status":"","sticky":false,"template":"","format":"standard","meta":{"footnotes":""},"categories":[80],"tags":[82,95,94,25,24,23],"class_list":{"0":"post-253904","1":"post","2":"type-post","3":"status-publish","4":"format-standard","5":"has-post-thumbnail","7":"category-economia","8":"tag-business","9":"tag-economia","10":"tag-economy","11":"tag-es","12":"tag-espana","13":"tag-spain"},"share_on_mastodon":{"url":"https:\/\/pubeurope.com\/@es\/115606830199223456","error":""},"_links":{"self":[{"href":"https:\/\/www.europesays.com\/es\/wp-json\/wp\/v2\/posts\/253904","targetHints":{"allow":["GET"]}}],"collection":[{"href":"https:\/\/www.europesays.com\/es\/wp-json\/wp\/v2\/posts"}],"about":[{"href":"https:\/\/www.europesays.com\/es\/wp-json\/wp\/v2\/types\/post"}],"author":[{"embeddable":true,"href":"https:\/\/www.europesays.com\/es\/wp-json\/wp\/v2\/users\/2"}],"replies":[{"embeddable":true,"href":"https:\/\/www.europesays.com\/es\/wp-json\/wp\/v2\/comments?post=253904"}],"version-history":[{"count":0,"href":"https:\/\/www.europesays.com\/es\/wp-json\/wp\/v2\/posts\/253904\/revisions"}],"wp:featuredmedia":[{"embeddable":true,"href":"https:\/\/www.europesays.com\/es\/wp-json\/wp\/v2\/media\/253905"}],"wp:attachment":[{"href":"https:\/\/www.europesays.com\/es\/wp-json\/wp\/v2\/media?parent=253904"}],"wp:term":[{"taxonomy":"category","embeddable":true,"href":"https:\/\/www.europesays.com\/es\/wp-json\/wp\/v2\/categories?post=253904"},{"taxonomy":"post_tag","embeddable":true,"href":"https:\/\/www.europesays.com\/es\/wp-json\/wp\/v2\/tags?post=253904"}],"curies":[{"name":"wp","href":"https:\/\/api.w.org\/{rel}","templated":true}]}}