{"id":253910,"date":"2025-11-24T21:38:07","date_gmt":"2025-11-24T21:38:07","guid":{"rendered":"https:\/\/www.europesays.com\/es\/253910\/"},"modified":"2025-11-24T21:38:07","modified_gmt":"2025-11-24T21:38:07","slug":"las-dudas-sobre-el-mantenimiento-del-poder-adquisitivo-de-los-empleados-publicos-en-2026-complican-la-negociacion-salarial-el-pais","status":"publish","type":"post","link":"https:\/\/www.europesays.com\/es\/253910\/","title":{"rendered":"Las dudas sobre el mantenimiento del poder adquisitivo de los empleados p\u00fablicos en 2026 complican la negociaci\u00f3n salarial &#8211; EL PA\u00cdS"},"content":{"rendered":"<ol>\n<li><a href=\"https:\/\/news.google.com\/rss\/articles\/CBMi-gFBVV95cUxNTXNucmNOZUlMUXNCUDRLVWdpMDdKMWtGMGhtWUtkVjNrV3NOOVVSMG1hdDIzTXhVOXRwYUtqNTZheVVSVDlKTWttT0NIYTZaaWNodmlEODFMcmpDTVk0djA1M1BYLVU0Z1RBWnFrOEoxbkdrbWF5S3dBM2NEYk01NUFiYUZvY1g2Sl9lWlE4N3BOLUF4OVhIaU40eFQ4WUY4U0pyNVBDbkFYWENZRU9kNUFFNTNxNzRQeEFtaWFETFRVV3Zvbld3MVpyNUJfMy1icFdNRTZDYUc0X21uX3J1T2xFcGFCajg1cU5YUVB3NXlfWmhuOXFmWlJn0gGOAkFVX3lxTFBwYXJ6U1lXMFUzUC1abktjVEgzZ2FfYnBlMGpyaG80VVlBanI2SDlNWFNINkg0djZYNE5EVmxKQmxOcnE2NzZUQzZGSTZob0RnMmJJT3JRNFpxQk1jLUZqXzdHSktldHZWU2dWMWFqNXhSQ29FcU1nTXlfZ1RWeTFDOHJEdmRqZlZwVVEzYmJWRTZJLUNkLXpNMkpRLV9qeUlZWGFXRE4xc0RkLXJfMW1qaEFzSnpWQ2NMOW1ZSUlzYWV6UTI0N2Y2alg0Wnd4dW1FWEd4My01cFFmekI5Z092U292a3VCWUhIRGtMbG1vVUVwLTRjZWYwWjh1TVF1MWR5d01hNnBGX0hFWGhaZw?oc=5\" target=\"_blank\" rel=\"nofollow noopener\">Las dudas sobre el mantenimiento del poder adquisitivo de los empleados p\u00fablicos en 2026 complican la negociaci\u00f3n salarial<\/a>&nbsp;&nbsp;EL PA\u00cdS<\/li>\n<li><a href=\"https:\/\/news.google.com\/rss\/articles\/CBMifEFVX3lxTE9wRVl1OTc1NFBqdUdpMk9yZzUzWVozYl9uSEotdHRDdEttWjZnNE12UjdaTlMyNlVsT0NxQTFGZG5iT1NVUHR6ZVZTRFJSRUdoOVg4VWkza3lUNEJFU3puNzVNTU1tSmpJSXVDTGhnNlptWVU3ZW5MV0RoMkXSAXxBVV95cUxNZVVpY2luQ2ZTcmRHZU5SWmJ0ckV2NU9reDRyeEQwMmsyWThKZ3AwLUJZY1Q3dEpVRy14N3k2bnMtVlVxN2JOQkhqQ0xERnZPeGp3NXdNbmRaMG5NSFpTQjFScEEzaTVlRVVZUkZkS1hRZkxNREZhMlk2c1pY?oc=5\" target=\"_blank\" rel=\"nofollow noopener\">Gobierno y sindicatos no logran acuerdo sobre la subida salarial de los funcionarios tras la quinta reuni\u00f3n<\/a>&nbsp;&nbsp;El Mundo<\/li>\n<li><a href=\"https:\/\/news.google.com\/rss\/articles\/CBMiZEFVX3lxTE81T185cy1hT1J6Qm9GcnJNZkRfZi01OS00MTdBaXB0aHp3cDIxTnd5RUVDZTA2NUdUNXFaZ1pmYWo3ZTFsLUFSMFQzTW5pTl9zRlRqdkYySFJZY3kyLTJlYjFzWUI?oc=5\" target=\"_blank\" rel=\"nofollow noopener\">CSIF consultar\u00e1 con los \u00f3rganos del sindicato el contenido del acuerdo con Funci\u00f3n P\u00fablica<\/a>&nbsp;&nbsp;CSIF<\/li>\n<li><a href=\"https:\/\/news.google.com\/rss\/articles\/CBMipgFBVV95cUxNUWhUWHk0aFZQZnloWXg3Wml2LXBpcFZEMU40b2xSbzA1aTBNNGZZTFlQTHptbkw5dmF6VW1xa3Nyb292SjB4cS1samlkX2kyX2dmdW0yWThSTHZLMXN6NnRvUHRMNlRTX3o2T2U4LVA4RXpaeTdlSlFaVE9heXVKZ0IyTG43TjZpM0JXSy1PaGlOcUhrX2ZudkRDQUJwdVB2SjhEMldn?oc=5\" target=\"_blank\" rel=\"nofollow noopener\">El Gobierno ofrece a los funcionarios un alza salarial del 2,5% en diciembre<\/a>&nbsp;&nbsp;ABC<\/li>\n<li><a href=\"https:\/\/news.google.com\/rss\/articles\/CBMiigJBVV95cUxPSGJjYTA2ZHZ2N01uTjR6MzFhSmhJWXRka1pEcFRxVGZLOFF3UTJpbTZRQXJPakpsdDdxYkEzaUpOOHFfWXZGMjJDb3ZNcDJzZ040Ni1xcks1dV90dzh0eUZBa0RiTVF5ZHpZNi01ZkplRWlyWng4OWlOOHcxaUVPeVF0cjN2N3Y2VWxvNEowOGRnd0oyNjZnRGlQOUNNZnd1RkJNWmtFU09BdGZwY01wQkFaTGRJYjUxV1U3RmpiRWFYQlNLV1dja2g3VEE2S2VmVThrQlNGNXVaZy0tS1hZbGJkUjdjN09pNnlNNU9ZaGxzQ3B1YlBrRXAzNUpac0lJWmkwXzRfM1VKUdIBjwJBVV95cUxOd1dmQ1Q5OVZuY1lpLWZkZDZiMGpOaUhHeFROUlh1dUhEb1NrdW1SLVI1OEptZFBVSzB0MEVfbkdsZ2c0YmVENG5tUDNDcHFNLVJuUU5OMDFJZ1p6X3dXLTBxQ1pZTUI4c0dTNk9TLUFJNExPTU9vb2Q2cF9OUkxSR2RaaGYteGM4SWI4anJEZEkxTUxidFN2eTNzU2FQSE9Cay0ydXI2b01keHhfeElDS1lDYkR3dVh4YjRIOEJTZWRYeHZTb1lEaEpsUk1XQ2FOT0FfbWxFOVZrWEZqcjQtMHNoN2o5TjNlbzdnRTRCQU5iRFVIWkp1WXlIeFBnb3ZlZmZINjhTTl96TW56clgw?oc=5\" target=\"_blank\" rel=\"nofollow noopener\">El Gobierno presiona para cerrar el pacto salarial con los funcionarios, pero los sindicatos vuelven a rechazarlo<\/a>&nbsp;&nbsp;20Minutos<\/li>\n<\/ol>\n","protected":false},"excerpt":{"rendered":"Las dudas sobre el mantenimiento del poder adquisitivo de los empleados p\u00fablicos en 2026 complican la negociaci\u00f3n salarial&nbsp;&nbsp;EL&hellip;\n","protected":false},"author":2,"featured_media":248356,"comment_status":"","ping_status":"","sticky":false,"template":"","format":"standard","meta":{"footnotes":""},"categories":[5],"tags":[17,18,25,24,13,14,11,19,20,9,10,15,16,23,12,21,22],"class_list":{"0":"post-253910","1":"post","2":"type-post","3":"status-publish","4":"format-standard","5":"has-post-thumbnail","7":"category-titulares","8":"tag-breaking-news","9":"tag-breakingnews","10":"tag-es","11":"tag-espana","12":"tag-featured-news","13":"tag-featurednews","14":"tag-headlines","15":"tag-latest-news","16":"tag-latestnews","17":"tag-news","18":"tag-noticias","19":"tag-noticias-destacadas","20":"tag-noticiasdestacadas","21":"tag-spain","22":"tag-titulares","23":"tag-ultimas-noticias","24":"tag-ultimasnoticias"},"share_on_mastodon":{"url":"https:\/\/pubeurope.com\/@es\/115606841147414181","error":""},"_links":{"self":[{"href":"https:\/\/www.europesays.com\/es\/wp-json\/wp\/v2\/posts\/253910","targetHints":{"allow":["GET"]}}],"collection":[{"href":"https:\/\/www.europesays.com\/es\/wp-json\/wp\/v2\/posts"}],"about":[{"href":"https:\/\/www.europesays.com\/es\/wp-json\/wp\/v2\/types\/post"}],"author":[{"embeddable":true,"href":"https:\/\/www.europesays.com\/es\/wp-json\/wp\/v2\/users\/2"}],"replies":[{"embeddable":true,"href":"https:\/\/www.europesays.com\/es\/wp-json\/wp\/v2\/comments?post=253910"}],"version-history":[{"count":0,"href":"https:\/\/www.europesays.com\/es\/wp-json\/wp\/v2\/posts\/253910\/revisions"}],"wp:featuredmedia":[{"embeddable":true,"href":"https:\/\/www.europesays.com\/es\/wp-json\/wp\/v2\/media\/248356"}],"wp:attachment":[{"href":"https:\/\/www.europesays.com\/es\/wp-json\/wp\/v2\/media?parent=253910"}],"wp:term":[{"taxonomy":"category","embeddable":true,"href":"https:\/\/www.europesays.com\/es\/wp-json\/wp\/v2\/categories?post=253910"},{"taxonomy":"post_tag","embeddable":true,"href":"https:\/\/www.europesays.com\/es\/wp-json\/wp\/v2\/tags?post=253910"}],"curies":[{"name":"wp","href":"https:\/\/api.w.org\/{rel}","templated":true}]}}