{"id":253911,"date":"2025-11-24T21:43:08","date_gmt":"2025-11-24T21:43:08","guid":{"rendered":"https:\/\/www.europesays.com\/es\/253911\/"},"modified":"2025-11-24T21:43:08","modified_gmt":"2025-11-24T21:43:08","slug":"nadal-a-valdano-mi-evolucion-siempre-estuvo-ligada-al-exito-cuando-llego-el-exito-profesional-ya-estaba-preparado-tenis-deportes","status":"publish","type":"post","link":"https:\/\/www.europesays.com\/es\/253911\/","title":{"rendered":"Nadal a Valdano: \u201cMi evoluci\u00f3n siempre estuvo ligada al \u00e9xito. Cuando lleg\u00f3 el \u00e9xito profesional, ya estaba preparado\u201d | Tenis | Deportes"},"content":{"rendered":"<p class=\"\">\u201cYo sal\u00ed campe\u00f3n del mundo en M\u00e9xico el a\u00f1o que t\u00fa naciste\u201d, dice Jorge Valdano. No lo pude ver, se excusa Rafa Nadal. Un exfutbolista, este desde hace d\u00e9cadas, legendario atacante argentino, entrevista a un extenista que todav\u00eda est\u00e1 prob\u00e1ndose los trajes de la retirada: Rafael Nadal, 22 Grand Slam, 14 Roland Garros. Universo Valdano, el programa de Movistar, cit\u00f3 a p\u00fablico y a medios el pasado jueves d\u00eda 20 en el Espacio Telef\u00f3nica de la Gran V\u00eda de Madrid. Cola para entrar, expectaci\u00f3n el\u00e9ctrica. Fr\u00edo que pela en la calle, calorcito de tierra batida y sol de junio dentro.<\/p>\n<p class=\"\">Uno de los momentos m\u00e1s jugosos de la entrevista tiene que ver, hacia ah\u00ed lo lleva Valdano, con el arquetipo de Nadal, las caracter\u00edsticas reduccionistas de su juego: el tipo entregado, sacrificado, luchador, corajudo, resistente y de psicolog\u00eda infernal para el adversario, un hombre fuerte como una roca. \u00bfPero no es el tenis un exquisito deporte de calidad, uno que a veces una monta\u00f1a de m\u00fasculos resuelve, en el punto decisivo, con un delicad\u00edsimo golpe de mu\u00f1eca? \u00bfNo se ha sentido Nadal a veces, pregunta Valdano, un poco menos valorado por su tenis, por su calidad ten\u00edstica? Nadal sonr\u00ede. Cita la frase, sin padre claro, de que el \u00e9xito es 99% de trabajo duro y un 1% de talento. Para afirmar que \u00e9l ha trabajado muy duro, ha entrenado muy duro, ha hecho enormes esfuerzos, pero eso que ha hecho \u00e9l, lo puede hacer otro. <a href=\"https:\/\/elpais.com\/deportes\/2015\/12\/23\/actualidad\/1450866445_221734.html\" target=\"_self\" rel=\"nofollow noopener\" title=\"https:\/\/elpais.com\/deportes\/2015\/12\/23\/actualidad\/1450866445_221734.html\">Es decir: si el \u00e9xito es para quien entrene m\u00e1s su cuerpo, todos podemos entrenarlo. <\/a><\/p>\n<p class=\"\">Contaba Jos\u00e9 Luis Cuerda una historia que viene al caso. Un d\u00eda una mujer, se\u00f1alando a C\u00e9sar Gonz\u00e1lez Ruano, le pregunt\u00f3 a su pareja qu\u00e9 hac\u00eda aquel hombre all\u00ed todas las noches. \u201cEscribir\u201d, respondi\u00f3 \u00e9l. \u201cAnda, \u00bfy de eso se vive?\u201d. \u201cMujer, si de eso se viviese escribir\u00edamos todos\u201d. <\/p>\n<p class=\"\">B\u00e1sicamente algo as\u00ed defiende Nadal en la entrevista. Produce una cierta impresi\u00f3n ver a uno de los mejores tenistas de la historia defender su calidad, su talento natural. Pero Valdano tiene raz\u00f3n. Hay una estrechito imaginario de luces parpadeantes en el que se ha establecido la idea de que Nadal es un gran atleta. Que en lugar de jugar con una raqueta juega con una barra de pan. \u201cPuedes entrenar todas las horas que quieras, pero si el drive no va donde t\u00fa quieres\u2026 No puedes mantenerte en el m\u00e1s alto nivel sin calidad ten\u00edstica, es algo obvio\u201d. Y sin el azar, dice: sin que la naturaleza te premie con un determinado f\u00edsico o con unas determinadas caracter\u00edsticas. <a href=\"https:\/\/elpais.com\/especiales\/yo-perdi-contra-rafa-nadal\/\" target=\"_self\" rel=\"nofollow noopener\" title=\"https:\/\/elpais.com\/especiales\/yo-perdi-contra-rafa-nadal\/\">\u201cLa naturaleza ha sido generosa conmigo\u201d, reconoce.<\/a><\/p>\n<p class=\"\">Habla la leyenda, a prop\u00f3sito de Lamine Yamal \u2014saca el nombre Valdano\u2014 y de j\u00f3venes como \u00e9l que explotan su talento precozmente a nivel mundial, de la importancia de la pasi\u00f3n. De la importancia de haber explorado antes, de ni\u00f1os, cu\u00e1l es su pasi\u00f3n. Y de divertirse. \u201cQue se rodee de gente que le ayude de verdad. Que les digan cosas que las personas de \u00e9xito no queremos escuchar. Todo el mundo quiere verte, todo el mundo quiere saber de ti. Pero t\u00fa tienes que encontrar un punto en la vida real, un lugar al que volver\u201d. \u201cYo he hecho\u201d, recuerda, \u201ctodo lo que cualquier adolescente puede hacer en su vida\u201d. <\/p>\n<p>M\u00e1s informaci\u00f3n<\/p>\n<p class=\"\">Y defiende, Nadal en modo Rafa, un fuerte discurso: Manacor, los amigos de siempre, los vecinos de toda la vida, aquello que le aferra a un sitio que no amenaza con cegarle como las luces de Nueva York, M\u00f3naco o Shangh\u00e1i, donde a Nadal le conoce todo el mundo. En Manacor tambi\u00e9n, pero tanto que es uno m\u00e1s. \u201cYo siempre vuelvo a casa\u201d, bebe un sorbo de agua y carraspea. Y abunda: le ha ayudado haber nacido en un pueblo peque\u00f1o, y dentro de una isla. Porque la vida all\u00ed, cuenta, \u201cno va tan deprisa\u201d. <\/p>\n<p class=\"\">\u201cYo no he hecho grandes sacrificios\u201d, dice, \u201clo que he hecho ha sido grandes esfuerzos. No me he obsesionado. He sido un competidor, y cuando no pude competir al nivel que yo entend\u00eda que deb\u00eda competir, me fui. A m\u00ed me gustaba lo que hac\u00eda. No me retir\u00e9 por estar cansado de lo que estaba haciendo<b> <\/b>ni por estar<b> <\/b>sin la motivaci\u00f3n necesaria. Me retir\u00e9 porque el cuerpo pues no me daba para m\u00e1s. Pero yo segu\u00eda siendo feliz haciendo lo que hac\u00eda\u201d. <\/p>\n<p class=\"\">El \u00e9xito, le pregunta Valdano. Nadal es sincero. \u201cEl \u00e9xito \u2014el punto de la Copa Davis en Sevilla, aquella locura en 2004 a los 17 a\u00f1os\u2014 lo viv\u00ed con naturalidad\u201d. Porque, recuerda, antes de ser campe\u00f3n de torneos en todo el mundo, \u00e9l ya era campe\u00f3n desde ni\u00f1o. \u201cYa hab\u00eda sido campe\u00f3n en Mallorca, ya hab\u00eda sido campe\u00f3n en Baleares. Mi evoluci\u00f3n siempre estuvo ligada al \u00e9xito, as\u00ed que cuando lleg\u00f3 el \u00e9xito profesional, ya estaba preparado\u201d.<\/p>\n<p class=\"\">El tenis, cuenta Nadal, es un deporte de repetici\u00f3n. \u201cEn el f\u00fatbol puedes hacer una genialidad en todo el partido, no volver a hacer nada y haber resuelto el partido\u201d, dice. En el tenis, si haces tres genialidades, puedes perder un juego. <a href=\"https:\/\/elpais.com\/eps\/2023-12-31\/rafa-nadal-cuando-llegue-a-paris-sabre-si-es-mi-ultimo-ano-estoy-preparado.html\" target=\"_self\" rel=\"nofollow noopener\" title=\"https:\/\/elpais.com\/eps\/2023-12-31\/rafa-nadal-cuando-llegue-a-paris-sabre-si-es-mi-ultimo-ano-estoy-preparado.html\">\u201cEn el tenis no es posible desaparecer\u201d. Rafa Nadal, de hecho, no va a desaparecer nunca.<\/a><\/p>\n","protected":false},"excerpt":{"rendered":"\u201cYo sal\u00ed campe\u00f3n del mundo en M\u00e9xico el a\u00f1o que t\u00fa naciste\u201d, dice Jorge Valdano. No lo pude&hellip;\n","protected":false},"author":2,"featured_media":253912,"comment_status":"","ping_status":"","sticky":false,"template":"","format":"standard","meta":{"footnotes":""},"categories":[274],"tags":[1540,168,25,24,23,167,327,11759,326],"class_list":{"0":"post-253911","1":"post","2":"type-post","3":"status-publish","4":"format-standard","5":"has-post-thumbnail","7":"category-tenis","8":"tag-competiciones","9":"tag-deportes","10":"tag-es","11":"tag-espana","12":"tag-spain","13":"tag-sports","14":"tag-tenis","15":"tag-tenistas","16":"tag-tennis"},"share_on_mastodon":{"url":"https:\/\/pubeurope.com\/@es\/115606860985934272","error":""},"_links":{"self":[{"href":"https:\/\/www.europesays.com\/es\/wp-json\/wp\/v2\/posts\/253911","targetHints":{"allow":["GET"]}}],"collection":[{"href":"https:\/\/www.europesays.com\/es\/wp-json\/wp\/v2\/posts"}],"about":[{"href":"https:\/\/www.europesays.com\/es\/wp-json\/wp\/v2\/types\/post"}],"author":[{"embeddable":true,"href":"https:\/\/www.europesays.com\/es\/wp-json\/wp\/v2\/users\/2"}],"replies":[{"embeddable":true,"href":"https:\/\/www.europesays.com\/es\/wp-json\/wp\/v2\/comments?post=253911"}],"version-history":[{"count":0,"href":"https:\/\/www.europesays.com\/es\/wp-json\/wp\/v2\/posts\/253911\/revisions"}],"wp:featuredmedia":[{"embeddable":true,"href":"https:\/\/www.europesays.com\/es\/wp-json\/wp\/v2\/media\/253912"}],"wp:attachment":[{"href":"https:\/\/www.europesays.com\/es\/wp-json\/wp\/v2\/media?parent=253911"}],"wp:term":[{"taxonomy":"category","embeddable":true,"href":"https:\/\/www.europesays.com\/es\/wp-json\/wp\/v2\/categories?post=253911"},{"taxonomy":"post_tag","embeddable":true,"href":"https:\/\/www.europesays.com\/es\/wp-json\/wp\/v2\/tags?post=253911"}],"curies":[{"name":"wp","href":"https:\/\/api.w.org\/{rel}","templated":true}]}}