{"id":253913,"date":"2025-11-24T21:44:14","date_gmt":"2025-11-24T21:44:14","guid":{"rendered":"https:\/\/www.europesays.com\/es\/253913\/"},"modified":"2025-11-24T21:44:14","modified_gmt":"2025-11-24T21:44:14","slug":"sabinanigo-sera-sede-del-campeonato-de-espana-de-ciclismo-en-ruta-y-xco-en-2026-radio-huesca","status":"publish","type":"post","link":"https:\/\/www.europesays.com\/es\/253913\/","title":{"rendered":"Sabi\u00f1\u00e1nigo ser\u00e1 sede del Campeonato de Espa\u00f1a de Ciclismo en Ruta y XCO en 2026 | Radio Huesca"},"content":{"rendered":"<p>El acuerdo es por seis nacionales, tres de carretera y tres de XCO<\/p>\n<p class=\"loc\">HUESCA<\/p>\n<p>A falta de la firma definitiva, el acuerdo entre la Real Federaci\u00f3n Espa\u00f1ola de Ciclismo, el Club Ciclista Edelweiss, el Ayuntamiento de Sabi\u00f1\u00e1nigo, la Diputaci\u00f3n Provincial de Huesca a trav\u00e9s de TuHuesca\u2013La Magia, y el Gobierno de Arag\u00f3n mediante Turismo y Deportes, est\u00e1 cerrado y permitir\u00e1 que Sabi\u00f1\u00e1nigo albergue en 2026 los Campeonatos de Espa\u00f1a tanto de carretera como de XCO. El compromiso, adem\u00e1s, se prolongar\u00e1 para los a\u00f1os 2028 y 2030 en ambas modalidades.<\/p>\n<p>Este entendimiento recuerda al alcanzado para las ediciones de 1994 y 1996, cuando la localidad ya actu\u00f3 como sede principal \u2014con subsedes en Jaca y Barbastro\u2014. Con ello, se confirman las informaciones adelantadas por Radio Huesca en junio de 2023, cuando se cursaron las primeras solicitudes para acoger el evento en 2026.<\/p>\n<p><img decoding=\"async\" src=\"https:\/\/www.europesays.com\/es\/wp-content\/uploads\/2025\/11\/G3FOTMQAVBHKFCRQTNS726CB2Q.jpg\" alt=\"Sabi\u00f1\u00e1nigo lleva muchos a\u00f1os organizando pruebas ciclistas\" width=\"650\" height=\"931\"  loading=\"lazy\"\/><\/p>\n<p>Sabi\u00f1\u00e1nigo lleva muchos a\u00f1os organizando pruebas ciclistas<\/p>\n<p>Ampliar<img decoding=\"async\" src=\"https:\/\/www.europesays.com\/es\/wp-content\/uploads\/2025\/11\/1764020652_933_G3FOTMQAVBHKFCRQTNS726CB2Q.jpg\" alt=\"Sabi\u00f1\u00e1nigo lleva muchos a\u00f1os organizando pruebas ciclistas\" width=\"650\" height=\"931\" loading=\"lazy\"\/><\/p>\n<p>Sabi\u00f1\u00e1nigo lleva muchos a\u00f1os organizando pruebas ciclistas<\/p>\n<p>CerrarLa historia de una ciudad marcada por el ciclismo<\/p>\n<p>Sabi\u00f1\u00e1nigo posee una profunda tradici\u00f3n ciclista que se remonta a m\u00e1s de un siglo, con pruebas que fueron tomando relevancia especialmente a partir del crecimiento del Sabi\u00f1\u00e1nigo industrial.<\/p>\n<p>En 1967, un grupo de aficionados formado por Luis Mu\u00f1oz, Antonio Salazar, Emilio Gracia y el juez \u00e1rbitro Flores dio el impulso definitivo a la organizaci\u00f3n de una prueba profesional tras una cena navide\u00f1a en el Hostal Alpino. La idea cont\u00f3 pronto con el apoyo de la Federaci\u00f3n Espa\u00f1ola y marc\u00f3 un antes y un despu\u00e9s.<\/p>\n<p>Desde entonces, Sabi\u00f1\u00e1nigo ha sido escenario de m\u00faltiples campeonatos nacionales de profesionales y de todas las categor\u00edas en distintos a\u00f1os, llegadas de etapa de la Vuelta a Espa\u00f1a y la Vuelta a Arag\u00f3n, y ha visto nacer como ciclistas a talentos como Fernando Escart\u00edn. <\/p>\n<p>Tambi\u00e9n ha acogido la famosa Cl\u00e1sica que se celebr\u00f3 durante 33 a\u00f1os, el Memorial Luis Mu\u00f1oz, pruebas de la Copa de Espa\u00f1a juvenil, una candidatura a un Mundial y, por supuesto, la prestigiosa y reconocida Quebrantahuesos.<\/p>\n<p>Por sus calles han rodado grandes estrellas del pelot\u00f3n internacional: desde Perico Delgado \u2014que gan\u00f3 aqu\u00ed su primera carrera, en la calle Serrablo\u2014 hasta Indur\u00e1in, Ullrich, Rominger o Armstrong, por citar algunos<\/p>\n<p>En los \u00faltimos a\u00f1os, Sabi\u00f1\u00e1nigo tambi\u00e9n se ha hecho un nombre en el BTT, con pruebas como la QH MTB, la Gorri\u00f3n- BTT y, sobre todo, las competiciones de XCO celebradas en el espectacular circuito de La Corona, sede habitual de Copas de Espa\u00f1a y Campeonatos nacionales.<\/p>\n<p><img decoding=\"async\" src=\"https:\/\/www.europesays.com\/es\/wp-content\/uploads\/2025\/11\/TSMGKW74RFEAFI7RKELQYHZD3M.webp\" alt=\"Indurain y Valverde en Sabi en la QH\" width=\"16\" height=\"9\"  loading=\"lazy\"\/><\/p>\n<p>Indurain y Valverde en Sabi en la QH<\/p>\n<p>Ampliar<img decoding=\"async\" src=\"https:\/\/www.europesays.com\/es\/wp-content\/uploads\/2025\/11\/1764020654_173_TSMGKW74RFEAFI7RKELQYHZD3M.webp\" alt=\"Indurain y Valverde en Sabi en la QH\" width=\"16\" height=\"9\" loading=\"lazy\"\/><\/p>\n<p>Indurain y Valverde en Sabi en la QH<\/p>\n<p>Cerrar<\/p>\n","protected":false},"excerpt":{"rendered":"El acuerdo es por seis nacionales, tres de carretera y tres de XCO HUESCA A falta de la&hellip;\n","protected":false},"author":2,"featured_media":253914,"comment_status":"","ping_status":"","sticky":false,"template":"","format":"standard","meta":{"footnotes":""},"categories":[273],"tags":[313,312,168,25,24,23,167],"class_list":{"0":"post-253913","1":"post","2":"type-post","3":"status-publish","4":"format-standard","5":"has-post-thumbnail","7":"category-ciclismo","8":"tag-ciclismo","9":"tag-cycling","10":"tag-deportes","11":"tag-es","12":"tag-espana","13":"tag-spain","14":"tag-sports"},"share_on_mastodon":{"url":"https:\/\/pubeurope.com\/@es\/115606865601599037","error":""},"_links":{"self":[{"href":"https:\/\/www.europesays.com\/es\/wp-json\/wp\/v2\/posts\/253913","targetHints":{"allow":["GET"]}}],"collection":[{"href":"https:\/\/www.europesays.com\/es\/wp-json\/wp\/v2\/posts"}],"about":[{"href":"https:\/\/www.europesays.com\/es\/wp-json\/wp\/v2\/types\/post"}],"author":[{"embeddable":true,"href":"https:\/\/www.europesays.com\/es\/wp-json\/wp\/v2\/users\/2"}],"replies":[{"embeddable":true,"href":"https:\/\/www.europesays.com\/es\/wp-json\/wp\/v2\/comments?post=253913"}],"version-history":[{"count":0,"href":"https:\/\/www.europesays.com\/es\/wp-json\/wp\/v2\/posts\/253913\/revisions"}],"wp:featuredmedia":[{"embeddable":true,"href":"https:\/\/www.europesays.com\/es\/wp-json\/wp\/v2\/media\/253914"}],"wp:attachment":[{"href":"https:\/\/www.europesays.com\/es\/wp-json\/wp\/v2\/media?parent=253913"}],"wp:term":[{"taxonomy":"category","embeddable":true,"href":"https:\/\/www.europesays.com\/es\/wp-json\/wp\/v2\/categories?post=253913"},{"taxonomy":"post_tag","embeddable":true,"href":"https:\/\/www.europesays.com\/es\/wp-json\/wp\/v2\/tags?post=253913"}],"curies":[{"name":"wp","href":"https:\/\/api.w.org\/{rel}","templated":true}]}}