{"id":253915,"date":"2025-11-24T21:46:18","date_gmt":"2025-11-24T21:46:18","guid":{"rendered":"https:\/\/www.europesays.com\/es\/253915\/"},"modified":"2025-11-24T21:46:18","modified_gmt":"2025-11-24T21:46:18","slug":"sylvain-franciasco-el-rival-del-baskonia-que-deslumbra-en-la-euroliga-y-fue-descubierto-por-xevi-pujol","status":"publish","type":"post","link":"https:\/\/www.europesays.com\/es\/253915\/","title":{"rendered":"Sylvain Franciasco, el rival del Baskonia que deslumbra en la Euroliga y fue descubierto por Xevi Pujol"},"content":{"rendered":"<p>\n        Si el <a href=\"https:\/\/www.noticiasdealava.eus\/baskonia\/\" title=\"Kosner Baskonia\" class=\"link copy\" rel=\"nofollow noopener\" target=\"_blank\">Kosner Baskonia<\/a> pretende asaltar una de las canchas m\u00e1s calientes de la Euroliga como es el Zalgirio Arena y sumar su primera victoria como visitante de la presente Euroliga, <strong>necesitar\u00e1 atar en corto a la gran estrella del Zalgiris y uno de los exteriores m\u00e1s en forma del continente como es Sylvain Francisco<\/strong>, a quien conoce muy bien<strong> el secretario t\u00e9cnico azulgrana Xevi Pujol<\/strong>.\n<\/p>\n<p>            <a href=\"https:\/\/www.noticiasdealava.eus\/baskonia\/2025\/11\/24\/peor-anfitrion-revertir-dinamica-baskonia-zalgiris-kaunas-10392231.html\" title=\"El peor anfitri\u00f3n para revertir la din\u00e1mica del Baskonia a domicilio\" class=\"new__media\" rel=\"nofollow noopener\" target=\"_blank\"><\/p>\n<p>                <img alt=\"El peor anfitri\u00f3n para revertir la din\u00e1mica del Baskonia a domicilio\" data-src=\"https:\/\/www.europesays.com\/es\/wp-content\/uploads\/2025\/11\/cca885ed-ab14-4b2e-9aee-b39812079826_16-9-aspect-ratio_default_0_x1019y128.jpg\" class=\"lozad\"\/><\/p>\n<p>        <\/a><\/p>\n<p>        <a href=\"https:\/\/www.noticiasdealava.eus\/baskonia\/2025\/11\/24\/peor-anfitrion-revertir-dinamica-baskonia-zalgiris-kaunas-10392231.html\" title=\"El peor anfitri\u00f3n para revertir la din\u00e1mica del Baskonia a domicilio\" class=\"new__headline\" rel=\"nofollow noopener\" target=\"_blank\"><br \/>\n            El peor anfitri\u00f3n para revertir la din\u00e1mica del Baskonia a domicilio<br \/>\n        <\/a><\/p>\n<p class=\"article-body__text \">\n        El catal\u00e1n, llegado al Buesa Arena el pasado verano para asumir la dif\u00edcil responsabilidad de relevar al arquitecto de la \u00e9poca dorada del Baskonia, Alfredo Salazar, acompa\u00f1a al equipo en la mayor\u00eda de sus viajes. Por lo tanto, si viaja tambi\u00e9n a Kaunas para presenciar el encuentro a pie de pista, <strong>seguro que tiene alg\u00fan consejo para quien afronte la tarea de defender al base galo<\/strong>.\n<\/p>\n<p>            <a href=\"https:\/\/www.noticiasdealava.eus\/baskonia\/2025\/11\/23\/baskonia-da-festin-historico-derbi-10388001.html\" title=\"El Baskonia se da un fest\u00edn memorable en el derbi\" class=\"new__media\" rel=\"nofollow noopener\" target=\"_blank\"><\/p>\n<p>                <img alt=\"El Baskonia se da un fest\u00edn memorable en el derbi\" data-src=\"https:\/\/www.europesays.com\/es\/wp-content\/uploads\/2025\/11\/977a0ef0-0a47-4be0-8383-eded7b5e4e3d_16-9-aspect-ratio_default_0.jpg\" class=\"lozad\"\/><\/p>\n<p>        <\/a><\/p>\n<p>        <a href=\"https:\/\/www.noticiasdealava.eus\/baskonia\/2025\/11\/23\/baskonia-da-festin-historico-derbi-10388001.html\" title=\"El Baskonia se da un fest\u00edn memorable en el derbi\" class=\"new__headline\" rel=\"nofollow noopener\" target=\"_blank\"><br \/>\n            El Baskonia se da un fest\u00edn memorable en el derbi<br \/>\n        <\/a><\/p>\n<p class=\"article-body__text \">\n        No en vano, <strong>fue el joven secretario t\u00e9cnico quien descubri\u00f3 a Sylvain Francisco y lo puso en el escaparate para los grandes clubes europeos cuando lo fich\u00f3 para el Manresa en el verano de 2021<\/strong>. Tras destacar en el Roanne franc\u00e9s, Pujol se adelant\u00f3 a otros interesados y lo trajo a la ACB, donde form\u00f3 parte de aquel equipo de ensue\u00f1o que, pese a sus escasos recursos financieros,<strong> junt\u00f3 a Sylvain Francisco (Zalgiris), el exbaskonista Chima Moneke (Estrella Roja) e Ismael Bako (Par\u00eds Basketball)<\/strong> con otros jugadores que tambi\u00e9n han demostrado posteriormente tener nivel de Euroliga como Brancou Badio, Joe Thomasson o Yankuba Sima.\n<\/p>\n<p class=\"article-body__text \">\n        Aquel Manresa dirigido por otra cara conocida en Vitoria como Pedro Mart\u00ednez logr\u00f3 clasificarse para la Copa del Rey y para el play off de la ACB y fue un dolor de muelas para equipos con presupuestos mucho mayores. Tanto le convenci\u00f3 a Pujol su paso por el Nou Congost que <strong>la temporada pasada fich\u00f3 a su hermano peque\u00f1o Christin, que milita actualmente en el equipo sub-21 del Manresa<\/strong>. L\u00f3gicamente, tras aquella m\u00e1gica campa\u00f1a el conjunto catal\u00e1n fue incapaz de retener a ninguna de sus estrellas y Sylvain Francisco no fue una excepci\u00f3n.\n<\/p>\n<p>            <a href=\"https:\/\/www.noticiasdealava.eus\/baskonia\/2025\/06\/13\/baskonia-revoluciona-area-deportiva-9755276.html\" title=\"Oficial: Xevi Pujol releva a Alfredo Salazar como secretario t\u00e9cnico del Baskonia\" class=\"new__media\" rel=\"nofollow noopener\" target=\"_blank\"><\/p>\n<p>                <img alt=\"Oficial: Xevi Pujol releva a Alfredo Salazar como secretario t\u00e9cnico del Baskonia\" data-src=\"https:\/\/www.europesays.com\/es\/wp-content\/uploads\/2025\/09\/15ba5ed0-75e0-4438-833e-56fe78101da4_16-9-aspect-ratio_default_0.jpg\" class=\"lozad\"\/><\/p>\n<p>        <\/a><\/p>\n<p>        <a href=\"https:\/\/www.noticiasdealava.eus\/baskonia\/2025\/06\/13\/baskonia-revoluciona-area-deportiva-9755276.html\" title=\"Oficial: Xevi Pujol releva a Alfredo Salazar como secretario t\u00e9cnico del Baskonia\" class=\"new__headline\" rel=\"nofollow noopener\" target=\"_blank\"><br \/>\n            Oficial: Xevi Pujol releva a Alfredo Salazar como secretario t\u00e9cnico del Baskonia<br \/>\n        <\/a><\/p>\n<p class=\"article-body__text \">\n        Tras promediar 10,7 puntos, 3,3 asistencias y 1,2 rebotes en la ACB con 25 a\u00f1os, Francisco firm\u00f3 por el Peristeri griego, donde, convertido en capit\u00e1n general del equipo, elev\u00f3 a\u00fan m\u00e1s sus n\u00fameros hasta <strong>dar el salto a la Euroliga de la mano del Bayern de M\u00fanich de Pablo Laso en el verano de 2023<\/strong>. Su llegada a la m\u00e1xima competici\u00f3n europea, sin embargo, estuvo a punto de darse unos meses antes cuando <strong>el Baskonia, seg\u00fan el propio jugador afirm\u00f3 en una entrevista, llam\u00f3 a su puerta<\/strong>.\n<\/p>\n<p class=\"article-body__text \">\n        <strong>Cuando Pierria Henry fue sancionado por la FIBA, la entidad de Zurbano tuvo que salir al mercado<\/strong> a contrarreloj en busca de un sustituto y Alfredo Salazar, convertido ahora en la mano derecha de Xevi Pujol, ten\u00eda en alta estima al exterior franc\u00e9s tras su gran campa\u00f1a en Manresa. Sin embargo, la operaci\u00f3n no se dio y la secretar\u00eda t\u00e9cnica <strong>termin\u00f3 decant\u00e1ndose por la contrataci\u00f3n de Max Heidegger<\/strong>.\n<\/p>\n<p>  Una evoluci\u00f3n imparable <\/p>\n<p class=\"article-body__text \">\n        Nunca se sabr\u00e1 lo que habr\u00eda deparado el destino a Francisco y al Baskonia si hubieran juntado sus caminos aquel a\u00f1o 2023. Lo que s\u00ed es una realidad es que<strong> las cosas le han ido muy bien al franc\u00e9s<\/strong>. En su campa\u00f1a en el Bayern ya demostr\u00f3 tener nivel de Euroliga y el Zalgiris apost\u00f3 por \u00e9l en el verano de 2024. En Kaunas, donde le entregaron las llaves del equipo, elev\u00f3 su baloncesto al siguiente nivel con<strong> 14,6 puntos, 4,5 asistencias y 2,6 asistencias de media que le valieron para recibir la llamada de la todopoderosa selecci\u00f3n francesa<\/strong> para el Eurobasket.\n<\/p>\n<p class=\"article-body__text \">\n        All\u00ed hizo una gran labor promediando 9,8 puntos, 3,7 asistencias y 3,8 rebotes, pero su selecci\u00f3n no cumpli\u00f3 con las expectativas y, adem\u00e1s, <strong>su actuaci\u00f3n qued\u00f3 empa\u00f1ada por una pol\u00e9mica acci\u00f3n<\/strong>. En la victoria contra Eslovenia <strong>dio por terminado el partido al dar la mano a Luka Doncic en la \u00faltima posesi\u00f3n y justo despu\u00e9s anot\u00f3 una bandeja<\/strong> a toda velocidad con la mente en el basket average ante la mirada incr\u00e9dula de los eslovenos, que ya hab\u00edan dejado de defender y estaban saludando a los franceses. El gesto sent\u00f3 muy mal y provoc\u00f3 una tangana y muchas cr\u00edticas tras la cita.\n<\/p>\n<p class=\"article-body__text \">\n        Ya olvidado aquel desafortunado episodio,<strong> Sylvain Francisco est\u00e1 confirmando este a\u00f1o su fant\u00e1stico rendimiento del curso pasado y, mejor rodeado por sus compa\u00f1eros, ha elevado sus n\u00fameros hasta ser actualmente el m\u00e1ximo asistente de la Euroliga<\/strong> y el quinto jugador m\u00e1s valorado del torneo con 16,4 puntos, 7 asistencias, 2,7 rebotes y 20,2 cr\u00e9ditos de valoraci\u00f3n.\n<\/p>\n<p class=\"article-body__text \">\n        El franc\u00e9s, con sus 1,85 metros de altura, es un aut\u00e9ntico mago con el bal\u00f3n. <strong>Le sobra talento y es uno de los mejores jugadores de la competici\u00f3n en el uno contra uno y en los aclarados, acciones en las que pocos jugadores son capaces de frenarlo<\/strong>. Es muy \u00e1gil, vertical desde el bote y capaz de romper cinturas con sus cambios de direcci\u00f3n y su explosivo primer paso<strong>. La pasada jornada sali\u00f3 ovacionado de la cancha del Real Madrid tras anotar 33 puntos y repartir 11 asistencias<\/strong>, pero la derrota por 100-99 seguro que no le hizo gracia y no le importar\u00e1 que el secretario t\u00e9cnico y el club a los que engatus\u00f3 a\u00f1os atr\u00e1s paguen los platos rotos.\u00a0<\/p>\n","protected":false},"excerpt":{"rendered":"Si el Kosner Baskonia pretende asaltar una de las canchas m\u00e1s calientes de la Euroliga como es el&hellip;\n","protected":false},"author":2,"featured_media":253916,"comment_status":"","ping_status":"","sticky":false,"template":"","format":"standard","meta":{"footnotes":""},"categories":[269],"tags":[299,298,168,10252,25,24,833,19293,33090,23,167,64052,33089,53969],"class_list":{"0":"post-253915","1":"post","2":"type-post","3":"status-publish","4":"format-standard","5":"has-post-thumbnail","7":"category-baloncesto","8":"tag-baloncesto","9":"tag-basketball","10":"tag-deportes","11":"tag-deslumbra","12":"tag-es","13":"tag-espana","14":"tag-euroliga","15":"tag-hallazgo","16":"tag-pujol","17":"tag-spain","18":"tag-sports","19":"tag-sylvain-francisco","20":"tag-xevi","21":"tag-zalgiris"},"share_on_mastodon":{"url":"https:\/\/pubeurope.com\/@es\/115606872763097440","error":""},"_links":{"self":[{"href":"https:\/\/www.europesays.com\/es\/wp-json\/wp\/v2\/posts\/253915","targetHints":{"allow":["GET"]}}],"collection":[{"href":"https:\/\/www.europesays.com\/es\/wp-json\/wp\/v2\/posts"}],"about":[{"href":"https:\/\/www.europesays.com\/es\/wp-json\/wp\/v2\/types\/post"}],"author":[{"embeddable":true,"href":"https:\/\/www.europesays.com\/es\/wp-json\/wp\/v2\/users\/2"}],"replies":[{"embeddable":true,"href":"https:\/\/www.europesays.com\/es\/wp-json\/wp\/v2\/comments?post=253915"}],"version-history":[{"count":0,"href":"https:\/\/www.europesays.com\/es\/wp-json\/wp\/v2\/posts\/253915\/revisions"}],"wp:featuredmedia":[{"embeddable":true,"href":"https:\/\/www.europesays.com\/es\/wp-json\/wp\/v2\/media\/253916"}],"wp:attachment":[{"href":"https:\/\/www.europesays.com\/es\/wp-json\/wp\/v2\/media?parent=253915"}],"wp:term":[{"taxonomy":"category","embeddable":true,"href":"https:\/\/www.europesays.com\/es\/wp-json\/wp\/v2\/categories?post=253915"},{"taxonomy":"post_tag","embeddable":true,"href":"https:\/\/www.europesays.com\/es\/wp-json\/wp\/v2\/tags?post=253915"}],"curies":[{"name":"wp","href":"https:\/\/api.w.org\/{rel}","templated":true}]}}