{"id":253917,"date":"2025-11-24T21:47:10","date_gmt":"2025-11-24T21:47:10","guid":{"rendered":"https:\/\/www.europesays.com\/es\/253917\/"},"modified":"2025-11-24T21:47:10","modified_gmt":"2025-11-24T21:47:10","slug":"flick-deja-abierta-la-opcion-de-repetir-con-eric","status":"publish","type":"post","link":"https:\/\/www.europesays.com\/es\/253917\/","title":{"rendered":"Flick deja abierta la opci\u00f3n de repetir con Eric"},"content":{"rendered":"<p>                        El t\u00e9cnico del FC Barcelona no descart\u00f3 que el de Martorell act\u00fae nuevamente como pivote tras su gran actuaci\u00f3n en esa demarcaci\u00f3n ante el Athletic Club\n<\/p>\n<p>                <img decoding=\"async\" class=\"nolazy\" alt=\"Flick deja abierta la opci\u00f3n de repetir con Eric\" src=\"https:\/\/www.europesays.com\/es\/wp-content\/uploads\/2025\/11\/6924c460ed5fc.jpeg\" heigth=\"465\" width=\"948\"\/><\/p>\n<p>\n                     Video\n                <\/p>\n<p>                <img loading=\"lazy\" decoding=\"async\" width=\"60\" height=\"60\" alt=\"Flick deja abierta la opci\u00f3n de repetir con Eric\" title=\"\" src=\"\/files\/image_60_60\/uploads\/2021\/07\/27\/610032bd7c57c.png\" class=\"lazy\"\/><\/p>\n<p>\n                        Actualizado a  24\/11\/2025 21:48 CET\n                    <\/p>\n<p data-gtm-element-container=\"modulo-texto-link\" class=\"paragraph\">Durante su comparecencia en la sala de prensa de <strong>Stamford Bridge<\/strong>, <strong>Hansi Flick<\/strong>, t\u00e9cnico del <strong>FC Barcelona<\/strong>, no cerr\u00f3 la puerta a que <strong>Eric Garcia <\/strong>pueda repetir en la posici\u00f3n de pivote despu\u00e9s de su gran actuaci\u00f3n frente al <strong>Athletic Club<\/strong> el pasado s\u00e1bado en esa demarcaci\u00f3n. \u00abPuede ser que vuelva a jugar en el mediocampo. Tenemos varias opciones en esa posici\u00f3n y <strong>Eric <\/strong>puede ser una de ellas. Lo veremos ma\u00f1ana\u00bb, dijo <strong>Flick<\/strong>, sin confirmar al 100% si el de Martorell actuar\u00e1 en la media o de central. \u00abLo hizo muy bien contra el Athletic: recuper\u00f3 muchos balones y gener\u00f3 ocasiones. Estoy muy contento con \u00e9l\u00bb, recalc\u00f3 el t\u00e9cnico.<\/p>\n<p>    Lee tambi\u00e9n<\/p>\n<p data-gtm-element-container=\"modulo-texto-link\" class=\"paragraph\">En caso de que <strong>Eric <\/strong>se mantuviera de pivote, y con el retorno de <strong>De Jong<\/strong> tras su sanci\u00f3n ante el <strong>Athletic<\/strong>, <strong>Ferm\u00edn <\/strong>y <strong>Olmo <\/strong>se jugar\u00edan la tercera plaza del centro del campo. En caso de que <strong>Flick <\/strong>mantenga a <strong>Eric <\/strong>como pivote, el gran beneficiado en la retaguardia a priori ser\u00eda <strong>Araujo<\/strong>, que tras ser suplente ante el <strong>Athletic <\/strong>tras su largo viaje por su convocatoria con <strong>Uruguay<\/strong>, formar\u00eda t\u00e1ndem con <strong>Cubars\u00ed <\/strong>en el eje de la zaga.<\/p>\n<p>\n        Mostrar comentarios\n    <\/p>\n<p>{\u00aballowComment\u00bb:\u00bballowed\u00bb,\u00bbarticleId\u00bb:\u00bbarticle-1002575291&#8243;,\u00bburl\u00bb:\u00bbhttps:\\\/\\\/www.mundodeportivo.com\\\/futbol\\\/fc-barcelona\\\/20251124\\\/1002575291\\\/flick-deja-abierta-opcion-repetir-eric.html\u00bb,\u00bblivefyre-url\u00bb:\u00bbarticle-1002575291&#8243;}<\/p>\n<p>Cargando siguiente contenido&#8230;\n                <\/p>\n","protected":false},"excerpt":{"rendered":"El t\u00e9cnico del FC Barcelona no descart\u00f3 que el de Martorell act\u00fae nuevamente como pivote tras su gran&hellip;\n","protected":false},"author":2,"featured_media":253918,"comment_status":"","ping_status":"","sticky":false,"template":"","format":"standard","meta":{"footnotes":""},"categories":[268],"tags":[168,25,24,280,282,281,23,167],"class_list":{"0":"post-253917","1":"post","2":"type-post","3":"status-publish","4":"format-standard","5":"has-post-thumbnail","7":"category-futbol","8":"tag-deportes","9":"tag-es","10":"tag-espana","11":"tag-football","12":"tag-futbol","13":"tag-soccer","14":"tag-spain","15":"tag-sports"},"share_on_mastodon":{"url":"https:\/\/pubeurope.com\/@es\/115606877012704651","error":""},"_links":{"self":[{"href":"https:\/\/www.europesays.com\/es\/wp-json\/wp\/v2\/posts\/253917","targetHints":{"allow":["GET"]}}],"collection":[{"href":"https:\/\/www.europesays.com\/es\/wp-json\/wp\/v2\/posts"}],"about":[{"href":"https:\/\/www.europesays.com\/es\/wp-json\/wp\/v2\/types\/post"}],"author":[{"embeddable":true,"href":"https:\/\/www.europesays.com\/es\/wp-json\/wp\/v2\/users\/2"}],"replies":[{"embeddable":true,"href":"https:\/\/www.europesays.com\/es\/wp-json\/wp\/v2\/comments?post=253917"}],"version-history":[{"count":0,"href":"https:\/\/www.europesays.com\/es\/wp-json\/wp\/v2\/posts\/253917\/revisions"}],"wp:featuredmedia":[{"embeddable":true,"href":"https:\/\/www.europesays.com\/es\/wp-json\/wp\/v2\/media\/253918"}],"wp:attachment":[{"href":"https:\/\/www.europesays.com\/es\/wp-json\/wp\/v2\/media?parent=253917"}],"wp:term":[{"taxonomy":"category","embeddable":true,"href":"https:\/\/www.europesays.com\/es\/wp-json\/wp\/v2\/categories?post=253917"},{"taxonomy":"post_tag","embeddable":true,"href":"https:\/\/www.europesays.com\/es\/wp-json\/wp\/v2\/tags?post=253917"}],"curies":[{"name":"wp","href":"https:\/\/api.w.org\/{rel}","templated":true}]}}