{"id":253919,"date":"2025-11-24T21:48:11","date_gmt":"2025-11-24T21:48:11","guid":{"rendered":"https:\/\/www.europesays.com\/es\/253919\/"},"modified":"2025-11-24T21:48:11","modified_gmt":"2025-11-24T21:48:11","slug":"asi-habla-de-su-ruptura-con-javier-ambrossi","status":"publish","type":"post","link":"https:\/\/www.europesays.com\/es\/253919\/","title":{"rendered":"as\u00ed habla de su ruptura con Javier Ambrossi"},"content":{"rendered":"<p>                        El cineasta ha regresado a Espa\u00f1a tras un viaje a M\u00e9xico\n<\/p>\n<p>                <img decoding=\"async\" class=\"nolazy\" alt=\"Javier Calvo, 'pillado' en su regreso a Espa\u00f1a: as\u00ed habla de su ruptura con Javier Ambrossi\" src=\"https:\/\/www.europesays.com\/es\/wp-content\/uploads\/2025\/11\/69249d74b3583.jpeg\" heigth=\"465\" width=\"948\"\/><\/p>\n<p>\n                     Video\n                <\/p>\n<p data-gtm-element-container=\"modulo-texto-link\" class=\"paragraph\">Hace unas semanas conocimos <strong>la ruptura definitiva entre Javier Calvo y Javier Ambrossi.<\/strong> Tras un tiempo de rumores, los cineastas confirmaron que pon\u00edan fin a su relaci\u00f3n sentimental, aunque mantendr\u00edan su v\u00ednculo profesional como creadores, directores y productores de series y pel\u00edculas. Sin embargo, &#8216;Lecturas&#8217; public\u00f3 en exclusiva que hab\u00edan puesto en venta su mansi\u00f3n por <strong>5 millones de euros.<\/strong><\/p>\n<p>    Lee tambi\u00e9n<\/p>\n<p data-gtm-element-container=\"modulo-texto-link\" class=\"paragraph\">Javier Calvo puso tierra de por medio tras hacerse p\u00fablica la noticia, pero, al regresar a Espa\u00f1a, los<strong> paparazzi y reporteros <\/strong>le estaban esperando en el aeropuerto para obtener las primeras declaraciones tras la ruptura.<\/p>\n<p>\n        Mostrar comentarios\n    <\/p>\n<p>{\u00aballowComment\u00bb:\u00bballowed\u00bb,\u00bbarticleId\u00bb:\u00bbarticle-1002575262&#8243;,\u00bburl\u00bb:\u00bbhttps:\\\/\\\/www.mundodeportivo.com\\\/elotromundo\\\/television\\\/20251124\\\/1002575262\\\/javier-calvo-pillado-regreso-espana-asi-habla-ruptura-javier-ambrossi-dct.html\u00bb,\u00bblivefyre-url\u00bb:\u00bbarticle-1002575262&#8243;}<\/p>\n<p>Cargando siguiente contenido&#8230;\n                <\/p>\n","protected":false},"excerpt":{"rendered":"El cineasta ha regresado a Espa\u00f1a tras un viaje a M\u00e9xico Video Hace unas semanas conocimos la ruptura&hellip;\n","protected":false},"author":2,"featured_media":253920,"comment_status":"","ping_status":"","sticky":false,"template":"","format":"standard","meta":{"footnotes":""},"categories":[174],"tags":[255,146,147,25,24,256,23],"class_list":{"0":"post-253919","1":"post","2":"type-post","3":"status-publish","4":"format-standard","5":"has-post-thumbnail","7":"category-famosos","8":"tag-celebrities","9":"tag-entertainment","10":"tag-entretenimiento","11":"tag-es","12":"tag-espana","13":"tag-famosos","14":"tag-spain"},"share_on_mastodon":{"url":"https:\/\/pubeurope.com\/@es\/115606882569632400","error":""},"_links":{"self":[{"href":"https:\/\/www.europesays.com\/es\/wp-json\/wp\/v2\/posts\/253919","targetHints":{"allow":["GET"]}}],"collection":[{"href":"https:\/\/www.europesays.com\/es\/wp-json\/wp\/v2\/posts"}],"about":[{"href":"https:\/\/www.europesays.com\/es\/wp-json\/wp\/v2\/types\/post"}],"author":[{"embeddable":true,"href":"https:\/\/www.europesays.com\/es\/wp-json\/wp\/v2\/users\/2"}],"replies":[{"embeddable":true,"href":"https:\/\/www.europesays.com\/es\/wp-json\/wp\/v2\/comments?post=253919"}],"version-history":[{"count":0,"href":"https:\/\/www.europesays.com\/es\/wp-json\/wp\/v2\/posts\/253919\/revisions"}],"wp:featuredmedia":[{"embeddable":true,"href":"https:\/\/www.europesays.com\/es\/wp-json\/wp\/v2\/media\/253920"}],"wp:attachment":[{"href":"https:\/\/www.europesays.com\/es\/wp-json\/wp\/v2\/media?parent=253919"}],"wp:term":[{"taxonomy":"category","embeddable":true,"href":"https:\/\/www.europesays.com\/es\/wp-json\/wp\/v2\/categories?post=253919"},{"taxonomy":"post_tag","embeddable":true,"href":"https:\/\/www.europesays.com\/es\/wp-json\/wp\/v2\/tags?post=253919"}],"curies":[{"name":"wp","href":"https:\/\/api.w.org\/{rel}","templated":true}]}}