{"id":253923,"date":"2025-11-24T21:51:17","date_gmt":"2025-11-24T21:51:17","guid":{"rendered":"https:\/\/www.europesays.com\/es\/253923\/"},"modified":"2025-11-24T21:51:17","modified_gmt":"2025-11-24T21:51:17","slug":"por-la-boca-muere-el-pez","status":"publish","type":"post","link":"https:\/\/www.europesays.com\/es\/253923\/","title":{"rendered":"Por la boca muere el pez"},"content":{"rendered":"<p class=\"article-text\">\n        <strong>Jes\u00fas Cintora<\/strong> ha reaccionado de nuevo al <a href=\"https:\/\/www.eldiario.es\/vertele\/noticias\/tenso-choque-silvia-intxaurrondo-miguel-tellado-rtve-acuso-periodista-manipulacion-machismo_1_12786013.html\" target=\"_blank\" data-mrf-recirculation=\"links-noticia\" class=\"link\" rel=\"nofollow noopener\">fuerte encontronazo<\/a> que <strong>Silvia Intxaurrondo <\/strong>y <strong>Miguel Tellado <\/strong>vivieron durante una conexi\u00f3n en La hora de La 1. Desde el programa <strong>Malas lenguas<\/strong>, el periodista ha condenado las acusaciones de \u201cmanipulaci\u00f3n\u201d que el secretario general del PP lanz\u00f3 contra <strong>RTVE<\/strong>: \u201cSe podr\u00eda analizar lo que ocurre en otras televisiones p\u00fablicas\u201d. Incluso ha rescatado unas pol\u00e9micas declaraciones que lanz\u00f3 contra Pedro S\u00e1nchez: \u201c<strong>Por la boca muere el pez<\/strong>\u201d.\n    <\/p>\n<p>    <a href=\"https:\/\/www.eldiario.es\/vertele\/noticias\/cintora-critica-tellado-tensa-entrevista-intxaurrondo-rtve-video_1_12788836.html\" data-mrf-recirculation=\"saber-mas\" data-dl-event=\"saber-mas\" rel=\"nofollow noopener\" target=\"_blank\"><\/p>\n<p class=\"know-more__title\">Cintora critica a Tellado por su tensa entrevista con Intxaurrondo: \u00abIntimidar a periodistas y presumir de democracia\u00bb<\/p>\n<p>            <img decoding=\"async\" class=\"lazy\" loading=\"lazy\" data-src=\"https:\/\/static.eldiario.es\/clip\/863d4b00-6e99-43bd-9b57-736f16625583_16-9-aspect-ratio_default_0.jpg\" src=\"data:image\/svg+xml,%3Csvg xmlns=\" http:=\"\" viewbox=\"0 0 880 495\" alt=\"Cintora critica a Tellado por su tensa entrevista con Intxaurrondo: &quot;Intimidar a periodistas y presumir de democracia&quot;\"\/><\/p>\n<p>                        <\/a><\/p>\n<p class=\"article-text\">\n        El espacio vespertino de La 2 ha profundizado en la complicada entrevista que se produjo el pasado 21 de noviembre. Entonces, Tellado critic\u00f3 que Intxaurrondo permitiese que el <a href=\"https:\/\/www.eldiario.es\/politica\/supremo-condena-fiscal-general-multa-7-200-euros-anos-inhabilitacion-filtracion-correo-pareja-ayuso_1_12773048.html\" target=\"_blank\" data-mrf-recirculation=\"links-noticia\" class=\"link\" rel=\"nofollow noopener\">fallo del Tribunal Supremo<\/a> contra el fiscal general del Estado se tildase de \u201c<strong>golpismo judicial<\/strong>\u201d en directo. Tambi\u00e9n aprovech\u00f3 para cargar contra la periodista por supuesta \u201c<strong>manipulaci\u00f3n<\/strong>\u201d e incluso \u201c<strong>machismo<\/strong>\u201d en distintas cuestiones relacionadas con el Alto Tribunal o con la pareja de <strong>Isabel D\u00edaz Ayuso<\/strong>.\n    <\/p>\n<p class=\"article-text\">\n        Tras recopilar lo ocurrido, Cintora no ha dudado en compartir su punto de vista con los espectadores de La 2: \u201cO\u00edr a Tellado quej\u00e1ndose de la manipulaci\u00f3n&#8230; <strong>Se podr\u00eda analizar lo que ocurre en otras televisiones p\u00fablicas<\/strong>. Aqu\u00ed [&#8230;] cada uno dice lo que piensa. Igual es que algunos no est\u00e1n acostumbrados a eso, no lo s\u00e9\u201d. Al instante, ha utilizado un ejemplo de lo m\u00e1s revelador: \u201c<strong>Manipular es llamar sentencia a un fallo<\/strong>\u201d. Cabe recordar que el Tribunal Supremo solo hizo p\u00fablica su decisi\u00f3n, a la espera de redactar el documento al completo.\n    <\/p>\n<p class=\"article-text\">\n        El periodista ha evidenciado que RTVE sirve como altavoz a todas las fuerzas pol\u00edticas: \u201cHasta o\u00edmos lo que \u00e9l dice. Nosotros no lo ocultamos. Puede entrar incluso aqu\u00ed [en Malas lenguas], y <strong>puede venir cuando quiera<\/strong>. Pero no quiere\u201d. Con estas palabras, Cintora ha defendido la pluralidad de su espacio y de la propia RTVE, desmontando esa narrativa de la oposici\u00f3n e insistiendo en que las puertas del programa est\u00e1n abiertas a todo pol\u00edtico que quiera poner sus ideas sobre la mesa, independientemente del espectro al que pertenezca.\n    <\/p>\n<p>    <a href=\"https:\/\/www.eldiario.es\/vertele\/noticias\/javier-ruiz-antonio-maillo-enzarzan-tensa-conexion-mananeros-360-acusaciones-demagogia-brutal-rtve_1_12792861.html\" data-mrf-recirculation=\"saber-mas-abajo\" data-dl-event=\"saber-mas-abajo\" rel=\"nofollow noopener\" target=\"_blank\"><\/p>\n<p class=\"know-more__title\">Javier Ruiz y Antonio Ma\u00edllo se enzarzan en una tensa conexi\u00f3n de &#8216;Ma\u00f1aneros 360&#8217; entre acusaciones de \u201cdemagogia brutal\u201d<\/p>\n<p>            <img decoding=\"async\" class=\"lazy\" loading=\"lazy\" data-src=\"https:\/\/static.eldiario.es\/clip\/b2b85180-225c-4c80-b149-93bfa4e42ef6_16-9-aspect-ratio_default_0.jpg\" src=\"data:image\/svg+xml,%3Csvg xmlns=\" http:=\"\" viewbox=\"0 0 880 495\" alt=\"Javier Ruiz y Antonio Ma\u00edllo se enzarzan en una tensa conexi\u00f3n de 'Ma\u00f1aneros 360' entre acusaciones de &quot;demagogia brutal&quot;\"\/><\/p>\n<p>                        <\/a><\/p>\n<blockquote class=\"twitter-tweet\" data-media-max-width=\"675\">\n<p lang=\"es\" dir=\"ltr\">Jes\u00fas Cintora: \u00abNos llama manipuladores alguien que dice cosas como estas\u00bb<\/p>\n<p>Tellado, en una intervenci\u00f3n, miente, manipula, lanza bulos, insulta, etc.<\/p>\n<p>Gloria Marcos: \u00abUna oposici\u00f3n basada en la descalificaci\u00f3n y no en la propuesta.. es esto, es fascismo\u00bb<\/p>\n<p>MalasLenguas<\/p>\n<p>\ud83d\udc47 <a href=\"https:\/\/t.co\/pc4FSUvrTI\" rel=\"nofollow\">pic.twitter.com\/pc4FSUvrTI<\/a><\/p>\n<p>\u2014 ferna.d (@ferna1_diez) <a href=\"https:\/\/twitter.com\/ferna1_diez\/status\/1993027427988042074?ref_src=twsrc%5Etfw\" rel=\"nofollow noopener\" target=\"_blank\">November 24, 2025<\/a><\/p><\/blockquote>\n<p>    Jes\u00fas Cintora recupera unas declaraciones de Tellado: \u201cPor la boca muere el pez\u201d<\/p>\n<p class=\"article-text\">\n        A continuaci\u00f3n, el espacio vespertino de La 2 ha recordado el discurso que Tellado pronunci\u00f3 el pasado 11 de junio \u2014como puede apreciarse en el v\u00eddeo anterior\u2014 en el Congreso de los Diputados: \u201cDecir que la sede del Gobierno de Espa\u00f1a es un<strong> piso franco<\/strong>, que es lo que ten\u00eda la banda terrorista ETA, es una barbaridad. <strong>Que este se\u00f1or nos llame manipuladores<\/strong> a nosotros&#8230;\u201d. Jes\u00fas Cintora ha dado paso a los colaboradores con una tajante conclusi\u00f3n al respecto: \u201cPor la boca muere el pez\u201d.\n    <\/p>\n<p>                                <script async src=\"https:\/\/platform.twitter.com\/widgets.js\" charset=\"utf-8\"><\/script><\/p>\n","protected":false},"excerpt":{"rendered":"Jes\u00fas Cintora ha reaccionado de nuevo al fuerte encontronazo que Silvia Intxaurrondo y Miguel Tellado vivieron durante una&hellip;\n","protected":false},"author":2,"featured_media":253924,"comment_status":"","ping_status":"","sticky":false,"template":"","format":"standard","meta":{"footnotes":""},"categories":[171],"tags":[8601,17905,9460,146,147,25,24,39327,9463,9462,8938,33595,1259,518,15615,23,34944,214],"class_list":{"0":"post-253923","1":"post","2":"type-post","3":"status-publish","4":"format-standard","5":"has-post-thumbnail","7":"category-tv","8":"tag-boca","9":"tag-choque","10":"tag-cintora","11":"tag-entertainment","12":"tag-entretenimiento","13":"tag-es","14":"tag-espana","15":"tag-intxaurrondo","16":"tag-lenguas","17":"tag-malas","18":"tag-muere","19":"tag-pez","20":"tag-responde","21":"tag-rtve","22":"tag-silvia","23":"tag-spain","24":"tag-tellado","25":"tag-tv"},"share_on_mastodon":{"url":"https:\/\/pubeurope.com\/@es\/115606892547018707","error":""},"_links":{"self":[{"href":"https:\/\/www.europesays.com\/es\/wp-json\/wp\/v2\/posts\/253923","targetHints":{"allow":["GET"]}}],"collection":[{"href":"https:\/\/www.europesays.com\/es\/wp-json\/wp\/v2\/posts"}],"about":[{"href":"https:\/\/www.europesays.com\/es\/wp-json\/wp\/v2\/types\/post"}],"author":[{"embeddable":true,"href":"https:\/\/www.europesays.com\/es\/wp-json\/wp\/v2\/users\/2"}],"replies":[{"embeddable":true,"href":"https:\/\/www.europesays.com\/es\/wp-json\/wp\/v2\/comments?post=253923"}],"version-history":[{"count":0,"href":"https:\/\/www.europesays.com\/es\/wp-json\/wp\/v2\/posts\/253923\/revisions"}],"wp:featuredmedia":[{"embeddable":true,"href":"https:\/\/www.europesays.com\/es\/wp-json\/wp\/v2\/media\/253924"}],"wp:attachment":[{"href":"https:\/\/www.europesays.com\/es\/wp-json\/wp\/v2\/media?parent=253923"}],"wp:term":[{"taxonomy":"category","embeddable":true,"href":"https:\/\/www.europesays.com\/es\/wp-json\/wp\/v2\/categories?post=253923"},{"taxonomy":"post_tag","embeddable":true,"href":"https:\/\/www.europesays.com\/es\/wp-json\/wp\/v2\/tags?post=253923"}],"curies":[{"name":"wp","href":"https:\/\/api.w.org\/{rel}","templated":true}]}}