{"id":253930,"date":"2025-11-24T21:55:17","date_gmt":"2025-11-24T21:55:17","guid":{"rendered":"https:\/\/www.europesays.com\/es\/253930\/"},"modified":"2025-11-24T21:55:17","modified_gmt":"2025-11-24T21:55:17","slug":"movember-con-el-dr-pinero-la-revision-urologica-no-es-para-tanto-y-puede-salvar-vidas","status":"publish","type":"post","link":"https:\/\/www.europesays.com\/es\/253930\/","title":{"rendered":"Movember con el Dr. Pi\u00f1ero: \u201cLa revisi\u00f3n urol\u00f3gica no es para tanto y puede salvar vidas\u201d"},"content":{"rendered":"<p><strong>Movember <\/strong>es la tendencia que vuelve cada mes de noviembre para recordar que la salud masculina tambi\u00e9n requiere atenci\u00f3n, prevenci\u00f3n y conversaci\u00f3n. Su s\u00edmbolo, <strong>el bigote<\/strong>, sirve para poner en el centro un mensaje claro: <strong>detectar a tiempo el c\u00e1ncer de pr\u00f3stata<\/strong> y otras patolog\u00edas urol\u00f3gicas puede cambiar por completo la vida de un hombre. Y para abordar este tema, el ur\u00f3logo del hospital <strong>IMED Elche, Dr. Javier Pi\u00f1ero<\/strong>, comparte algunas claves esenciales para la poblaci\u00f3n masculina.<\/p>\n<p><img decoding=\"async\" alt=\"[Img #70323]\" class=\"RichTextAlignLeft\" src=\"https:\/\/www.europesays.com\/es\/wp-content\/uploads\/2025\/11\/2578_7918_7253_8496_9471_informa-imed.jpg\"\/><\/p>\n<p><strong>\u00bfCu\u00e1ndo deben empezar los hombres a <a href=\"https:\/\/especialidades.imedhospitales.com\/chequeo-prostata\/\" target=\"_blank\" rel=\"noreferrer noopener nofollow\">revisarse la pr\u00f3stata<\/a>?<\/strong><\/p>\n<p>El <a href=\"https:\/\/www.imedhospitales.com\/es\/profesionales\/dr-javier-pinero-sanchez\" target=\"_blank\" rel=\"noreferrer noopener nofollow\">Dr. Pi\u00f1ero<\/a>, al igual que el conjunto de ur\u00f3logos, lo tiene claro: \u201cPor norma general, <strong>a partir de los 50 a\u00f1os<\/strong>; y si hay antecedentes familiares, mejor a partir de los 45.\u201d<\/p>\n<p>Una revisi\u00f3n inicial permite identificar riesgos de forma muy sencilla <strong>mediante an\u00e1lisis de sangre<\/strong> y un examen f\u00edsico r\u00e1pido.<\/p>\n<p><strong>La importancia de la prevenci\u00f3n<\/strong><\/p>\n<p>Una de las caracter\u00edsticas del c\u00e1ncer de pr\u00f3stata es que ofrece un amplio margen para <strong>detectarlo en fases tempranas<\/strong>. \u201cSolo con un an\u00e1lisis de sangre y un examen rectal podemos diferenciar bastante los pacientes que est\u00e1n en riesgo\u201d, explica el especialista.<\/p>\n<p>El problema, seg\u00fan el doctor, es que suele dar muy pocos s\u00edntomas. La mayor\u00eda de diagn\u00f3sticos llegan cuando el paciente consulta por signos de hiperplasia benigna de pr\u00f3stata. Las se\u00f1ales de alerta m\u00e1s frecuentes son:<\/p>\n<ul>\n<li>chorro de orina m\u00e1s d\u00e9bil<\/li>\n<li>levantarse varias veces por la noche<\/li>\n<li>dificultad al iniciar la micci\u00f3n<\/li>\n<li>sangre en la orina o el semen<\/li>\n<\/ul>\n<p><strong>Romper tab\u00faes de la revisi\u00f3n urol\u00f3gica<\/strong><\/p>\n<p>Las <a href=\"https:\/\/www.imedhospitales.com\/es\/especialidades-medicas\/urologia\" target=\"_blank\" rel=\"noreferrer noopener nofollow\">revisiones urol\u00f3gicas<\/a> generan cierto pudor entre los hombres, pero el Dr. Pi\u00f1ero desmonta algunos mitos: \u201cLa mayor\u00eda de pacientes, cuando terminamos, dicen: \u2018\u00bfYa est\u00e1?\u2019. Es <strong>una exploraci\u00f3n que dura apenas 15 segundos<\/strong> y pr\u00e1cticamente nunca es dolorosa.\u201d<\/p>\n<p>Para el especialista, la clave es naturalizarlo y acudir con tranquilidad:<br \/>\u201cHay mucha leyenda urbana, pero <strong>la realidad es que no es para tanto<\/strong>.\u201d<\/p>\n<p><strong>C\u00f3mo influyen los h\u00e1bitos en la salud prost\u00e1tica<\/strong><\/p>\n<p>El estilo de vida tambi\u00e9n juega siempre un papel importante en la salud. Por ejemplo,<br \/><strong>\u201clos pacientes sedentarios u obesos<\/strong> tienden a cambios hormonales que favorecen el crecimiento prost\u00e1tico y los tumores\u201d, recuerda Pi\u00f1ero.<\/p>\n<p>Recomienda ejercicio regular, menos grasas y carnes, y una alimentaci\u00f3n m\u00e1s vegetal.<\/p>\n<p><strong>M\u00e1s all\u00e1 de la pr\u00f3stata<\/strong><\/p>\n<p>Adem\u00e1s del c\u00e1ncer de pr\u00f3stata, a partir de los 40\u201350 a\u00f1os aparecen problemas habituales como:<\/p>\n<ul>\n<li>Hiperplasia benigna de pr\u00f3stata, muy frecuente y causante de la mayor\u00eda de s\u00edntomas urinarios.<\/li>\n<li>Dificultades de erecci\u00f3n, que \u201csuelen empezar a dar la lata a partir de los 40 o 50 a\u00f1os\u201d, se\u00f1ala el ur\u00f3logo.<\/li>\n<\/ul>\n<p><strong>La revisi\u00f3n puede salvar vidas<\/strong><\/p>\n<p>A quienes siguen retrasando la consulta, el <a href=\"https:\/\/www.imedhospitales.com\/es\/profesionales\/dr-javier-pinero-sanchez\" target=\"_blank\" rel=\"noreferrer noopener nofollow\">Dr. Pi\u00f1ero<\/a> les deja una recomendaci\u00f3n clara:<br \/>\u201cQue vengan. Es algo muy sencillo, dura poco y no siempre hace falta repetirla cada a\u00f1o. <strong>Es un gesto en beneficio de la salud futura<\/strong>.\u201d<\/p>\n<p>Movember recuerda que la prevenci\u00f3n debe estar presente todo el a\u00f1o, no solo en noviembre. Y en <strong>IMED Hospitales<\/strong>, los especialistas est\u00e1n preparados para acompa\u00f1ar a cada paciente con profesionalidad, cercan\u00eda y confianza.<\/p>\n","protected":false},"excerpt":{"rendered":"Movember es la tendencia que vuelve cada mes de noviembre para recordar que la salud masculina tambi\u00e9n requiere&hellip;\n","protected":false},"author":2,"featured_media":253931,"comment_status":"","ping_status":"","sticky":false,"template":"","format":"standard","meta":{"footnotes":""},"categories":[92],"tags":[4071,64055,64065,64063,39242,64058,35714,64060,64064,64057,64056,64059,44899,64054,209,168,2958,25,24,43,64061,165,13055,10,64053,8677,64062,166,23,1018],"class_list":{"0":"post-253930","1":"post","2":"type-post","3":"status-publish","4":"format-standard","5":"has-post-thumbnail","7":"category-salud","8":"tag-agenda","9":"tag-agres","10":"tag-alcoiinformacion","11":"tag-alcoleja","12":"tag-alcoy","13":"tag-alfafara","14":"tag-balones","15":"tag-banifallim","16":"tag-benasau","17":"tag-beniarres","18":"tag-benilloba","19":"tag-benimarfull","20":"tag-cocentaina","21":"tag-comtat","22":"tag-cultura","23":"tag-deportes","24":"tag-entrevistas","25":"tag-es","26":"tag-espana","27":"tag-fiestas","28":"tag-gorga","29":"tag-health","30":"tag-muro","31":"tag-noticias","32":"tag-pagina-66","33":"tag-planes","34":"tag-quatretondeta","35":"tag-salud","36":"tag-spain","37":"tag-videos"},"share_on_mastodon":{"url":"https:\/\/pubeurope.com\/@es\/115606908532706575","error":""},"_links":{"self":[{"href":"https:\/\/www.europesays.com\/es\/wp-json\/wp\/v2\/posts\/253930","targetHints":{"allow":["GET"]}}],"collection":[{"href":"https:\/\/www.europesays.com\/es\/wp-json\/wp\/v2\/posts"}],"about":[{"href":"https:\/\/www.europesays.com\/es\/wp-json\/wp\/v2\/types\/post"}],"author":[{"embeddable":true,"href":"https:\/\/www.europesays.com\/es\/wp-json\/wp\/v2\/users\/2"}],"replies":[{"embeddable":true,"href":"https:\/\/www.europesays.com\/es\/wp-json\/wp\/v2\/comments?post=253930"}],"version-history":[{"count":0,"href":"https:\/\/www.europesays.com\/es\/wp-json\/wp\/v2\/posts\/253930\/revisions"}],"wp:featuredmedia":[{"embeddable":true,"href":"https:\/\/www.europesays.com\/es\/wp-json\/wp\/v2\/media\/253931"}],"wp:attachment":[{"href":"https:\/\/www.europesays.com\/es\/wp-json\/wp\/v2\/media?parent=253930"}],"wp:term":[{"taxonomy":"category","embeddable":true,"href":"https:\/\/www.europesays.com\/es\/wp-json\/wp\/v2\/categories?post=253930"},{"taxonomy":"post_tag","embeddable":true,"href":"https:\/\/www.europesays.com\/es\/wp-json\/wp\/v2\/tags?post=253930"}],"curies":[{"name":"wp","href":"https:\/\/api.w.org\/{rel}","templated":true}]}}