{"id":253932,"date":"2025-11-24T21:56:17","date_gmt":"2025-11-24T21:56:17","guid":{"rendered":"https:\/\/www.europesays.com\/es\/253932\/"},"modified":"2025-11-24T21:56:17","modified_gmt":"2025-11-24T21:56:17","slug":"los-detalles-de-los-premios-que-ha-presidido","status":"publish","type":"post","link":"https:\/\/www.europesays.com\/es\/253932\/","title":{"rendered":"los detalles de los premios que ha presidido"},"content":{"rendered":"<p id=\"eHbBOkTxDT\" data-wc=\"120\">Ha vivido un fin de semana para el recuerdo, unos d\u00edas que se quedan grabados para siempre en su memoria y en su coraz\u00f3n al haber<a class=\"hm-link ho-link\" href=\"https:\/\/www.hola.com\/realeza\/casa_espanola\/20251121868797\/felipe-vi-con-un-nudo-en-la-garganta-cierra-el-circulo-entrega-a-su-madre-la-reina-sofia-la-distincion-que-ya-dio-a-la-princesa-leonor\/\" data-mrf-recirculation=\"article-body-link\" rel=\"nofollow noopener\" target=\"_blank\"> recibido el Tois\u00f3n de Oro <\/a>y haber reunido a toda su familia en un almuerzo que hac\u00eda a\u00f1os no se produc\u00eda. A\u00fan emocionada por todo el cari\u00f1o recibido y los buenos momentos junto a los suyos,<strong>\u00a0la reina Sof\u00eda ha retomado su agenda oficial.<\/strong> Contin\u00faa con esa \u00abvida de servicio ejemplar y de lealtad a Espa\u00f1a y a la Corona\u00bb a la que hac\u00eda referencia el rey Felipe al imponerle la citada distinci\u00f3n. Lo ha hecho <strong>entregando unos premios de gran repercusi\u00f3n internacional en los que ha coincidido con otro miembro de la realeza.<\/strong><\/p>\n<p> <img src=\"https:\/\/www.europesays.com\/es\/wp-content\/uploads\/2025\/11\/bc3d0a258d15-g6i3ikfwcaaj8ir.jpg\"   width=\"1024\" height=\"683\" loading=\"lazy\" decoding=\"async\" alt=\"La reina Sof\u00eda llegando a la ceremonia del Premio Internacional Pr\u00edncipe Talal para el Desarrollo Humano\" fetchpriority=\"auto\" class=\"image ho-image\"\/>\u00a9 Casa de S.M. el ReyLa reina Sof\u00eda llegando a la ceremonia del Premio Internacional Pr\u00edncipe Talal para el Desarrollo Humano<\/p>\n<p id=\"evrHsM9pbC\" data-wc=\"81\">A sus 87 a\u00f1os reci\u00e9n cumplidos, do\u00f1a Sof\u00eda sigue volcada en \u00e1mbitos sociales, culturales y humanitarios. Ejes estrechamente vinculados con los galardones que ha apoyado este \u00faltimo lunes de noviembre. La madre del jefe del Estado ha presidido la ceremonia del Premio Internacional Pr\u00edncipe Talal para el Desarrollo Humano, que <strong>en esta edici\u00f3n centra su tem\u00e1tica en la conservaci\u00f3n y uso sostenible de los oc\u00e9anos, los mares y los recursos marinos.<\/strong> Una causa con la que la Reina est\u00e1 muy comprometida.<\/p>\n<p> <img src=\"https:\/\/www.europesays.com\/es\/wp-content\/uploads\/2025\/11\/308a8985a4ed-reinasofiapremioprincipetalal2025112401.jpg\"   width=\"1024\" height=\"682\" loading=\"lazy\" decoding=\"async\" alt=\"Do\u00f1a Sof\u00eda saludando a su llegada la secretaria general de Investigaci\u00f3n, Eva Ortega\" fetchpriority=\"auto\" class=\"image ho-image\"\/>\u00a9 Casa de S.M. el ReyDo\u00f1a Sof\u00eda saludando a su llegada la secretaria general de Investigaci\u00f3n, Eva Ortega<\/p>\n<p id=\"eDZd0x9dH3\" data-wc=\"95\"><strong>La reina Sof\u00eda ha compartido velada en el hotel Palace de Madrid con el Pr\u00edncipe Abdulaziz bin Talal Al Saud, de la Familia Real saud\u00ed<\/strong>. Est\u00e1 doblemente implicada en los premios, ya que forma parte del comit\u00e9 junto a destacadas personalidades internacionales. Otorgados anualmente por el Programa del Golfo \u00c1rabe para el Desarrollo (AGFUNDE), su objetivo es distinguir proyectos pioneros y escalables que impulsan el desarrollo humano y mejoran las condiciones de vida de comunidades vulnerables en riesgo de pobreza, exclusi\u00f3n social o sin adecuado acceso a educaci\u00f3n y salud, especialmente en pa\u00edses en desarrollo.\u00a0<\/p>\n<p> <img src=\"https:\/\/www.europesays.com\/es\/wp-content\/uploads\/2025\/11\/7a24a22e6cba-reinasofiapremioprincipetalal2025112406.jpg\"   width=\"1024\" height=\"682\" loading=\"lazy\" decoding=\"async\" alt=\"La Reina Sof\u00eda\" fetchpriority=\"auto\" class=\"image ho-image\"\/>\u00a9 Casa de S.M. el ReyLa Reina entregando uno de los cuatro premios<\/p>\n<p> <img src=\"https:\/\/www.europesays.com\/es\/wp-content\/uploads\/2025\/11\/425bb09984b1-g6i3ikiwqaahdya.jpg\"   width=\"1024\" height=\"683\" loading=\"lazy\" decoding=\"async\" alt=\"La Reina Sof\u00eda\" fetchpriority=\"auto\" class=\"image ho-image\"\/>\u00a9 Casa de S.M. el ReyLa mesa presidencial al inicio del acto<\/p>\n<p id=\"eynjXkYBcbh\" data-wc=\"65\">Se dividen en cuatro categor\u00edas: proyectos implementados por agencias de la ONU u ONGs internacionales y regionales; proyectos implementados por ONGs nacionales; proyectos implementados por organismos gubernamentales (ministerios e instituciones p\u00fablicas) o empresas sociales; y la \u00faltima que comprende proyectos iniciados, financiados o implementados por particulares. \u00a0<strong>La organizaci\u00f3n entrega un mill\u00f3n de d\u00f3lares (algo m\u00e1s de 860.000 euros), cantidad que se divide entre las categor\u00edas.<\/strong><\/p>\n<p> <img src=\"https:\/\/www.europesays.com\/es\/wp-content\/uploads\/2025\/11\/5e0749b150cf-g6i3iknwcaav53c.jpg\"   width=\"1024\" height=\"683\" loading=\"lazy\" decoding=\"async\" alt=\"La Reina Sof\u00eda\" fetchpriority=\"auto\" class=\"image ho-image\"\/>\u00a9 Casa de S.M. el ReyAbdul Aziz Bin Talal Al Saud durante su intervenci\u00f3n en el acto<\/p>\n<p id=\"e2eV-ESA0c\" data-wc=\"64\"><strong>La iniciativa fue creada en 1999 por el Pr\u00edncipe Talal bin Abdulaziz y, tras su muerte en 2018, el premio se renombr\u00f3 en su honor<\/strong>, conmemorando as\u00ed su servicio al servicio del desarrollo humano y la lucha contra la pobreza. Su legado contin\u00faa con.el Pr\u00edncipe Abdulaziz bin Talal Al Saud, una figura muy comprometida con causas sociales, el desarrollo humano y el trabajo filantr\u00f3pico.<\/p>\n<p> <img src=\"https:\/\/www.europesays.com\/es\/wp-content\/uploads\/2025\/11\/3a973a7ab5c0-g6i3ikhxiaa3fhg.jpg\"   width=\"1024\" height=\"683\" loading=\"lazy\" decoding=\"async\" alt=\"La Reina Sof\u00eda\" fetchpriority=\"auto\" class=\"image ho-image\"\/>\u00a9 Casa de S.M. el ReyUna foto de grupo con los premiados de esta edici\u00f3n<\/p>\n<p id=\"ewSQ6PYpX6\" data-wc=\"115\">En esta etapa en la que ha transformado su imagen con siluetas modernas y colores luminosos, ha dado un paso m\u00e1s en su estilo renovado. La reina Sof\u00eda ha apostado por un traje rojo \u00a0con pedrer\u00eda en los pu\u00f1os y en los laterales del pantal\u00f3n.<strong>\u00a0Se trata de una creaci\u00f3n de Alejandro de Miguel que llev\u00f3 hace cerca de dos a\u00f1os en el acto en el que<\/strong><a class=\"hm-link ho-link\" href=\"https:\/\/www.hola.com\/realeza\/casa_espanola\/20240229250209\/reina-sofia-medalla-oro-baleares\/\" data-mrf-recirculation=\"article-body-link\" rel=\"nofollow noopener\" target=\"_blank\">\u00a0le impusieron\u00a0la Medalla de Oro de Baleares.<\/a> Lo ha combinado con collar y pendientes de perlas y tres broches. Adem\u00e1s, para hacer frente a las bajas temperaturas de la capital, se ha decantado por una capa de la misma tonalidad que ha usado al llegar al Palace.<\/p>\n<p>El reencuentro familiar que marca una nueva era<\/p>\n<p id=\"ecVlq05QLlV\" data-wc=\"134\">El pasado s\u00e1bado, la reina Sof\u00eda vivi\u00f3 un momento de absoluta felicidad al disfrutar de una comida con toda su familia.<strong>\u00a0En el marco de las celebraciones por la entrega del Tois\u00f3n de Oro y la conmemoraci\u00f3n de los 50 a\u00f1os de la restauraci\u00f3n de la monarqu\u00eda en Espa\u00f1a, hubo\u00a0<\/strong><a class=\"hm-link ho-link\" href=\"https:\/\/www.hola.com\/realeza\/casa_espanola\/20251122868958\/reina-sofia-vuelve-palacio-pardo-reunion-marca-un-nuevo-capitulo-familiar\/\" data-mrf-recirculation=\"article-body-link\" rel=\"nofollow noopener\" target=\"_blank\">un almuerzo privado en El Pardo<\/a> al que acudieron Juan Carlos I y do\u00f1a Sof\u00eda con sus hijos, su nuera y todos sus nietos. Los reyes Felipe y Letizia acudieron con la princesa Leonor y la infanta Sof\u00eda; la infanta Elena estuvo con Felipe y Victoria de Marichalar; mientras que la infanta Cristina fue con Juan, Pablo, Miguel e Irene Urdangarin. Tambi\u00e9n acudieron miembros de la Familia Real de Grecia, parte de los Zurita y los G\u00f3mez-Acebo y otros allegados como Miriam de Ungr\u00eda.<\/p>\n","protected":false},"excerpt":{"rendered":"Ha vivido un fin de semana para el recuerdo, unos d\u00edas que se quedan grabados para siempre en&hellip;\n","protected":false},"author":2,"featured_media":253933,"comment_status":"","ping_status":"","sticky":false,"template":"","format":"standard","meta":{"footnotes":""},"categories":[91],"tags":[146,147,25,24,1027,1029,11789,23],"class_list":{"0":"post-253932","1":"post","2":"type-post","3":"status-publish","4":"format-standard","5":"has-post-thumbnail","7":"category-entretenimiento","8":"tag-entertainment","9":"tag-entretenimiento","10":"tag-es","11":"tag-espana","12":"tag-realeza","13":"tag-realeza-espanola","14":"tag-reina-sofia","15":"tag-spain"},"share_on_mastodon":{"url":"https:\/\/pubeurope.com\/@es\/115606912457738441","error":""},"_links":{"self":[{"href":"https:\/\/www.europesays.com\/es\/wp-json\/wp\/v2\/posts\/253932","targetHints":{"allow":["GET"]}}],"collection":[{"href":"https:\/\/www.europesays.com\/es\/wp-json\/wp\/v2\/posts"}],"about":[{"href":"https:\/\/www.europesays.com\/es\/wp-json\/wp\/v2\/types\/post"}],"author":[{"embeddable":true,"href":"https:\/\/www.europesays.com\/es\/wp-json\/wp\/v2\/users\/2"}],"replies":[{"embeddable":true,"href":"https:\/\/www.europesays.com\/es\/wp-json\/wp\/v2\/comments?post=253932"}],"version-history":[{"count":0,"href":"https:\/\/www.europesays.com\/es\/wp-json\/wp\/v2\/posts\/253932\/revisions"}],"wp:featuredmedia":[{"embeddable":true,"href":"https:\/\/www.europesays.com\/es\/wp-json\/wp\/v2\/media\/253933"}],"wp:attachment":[{"href":"https:\/\/www.europesays.com\/es\/wp-json\/wp\/v2\/media?parent=253932"}],"wp:term":[{"taxonomy":"category","embeddable":true,"href":"https:\/\/www.europesays.com\/es\/wp-json\/wp\/v2\/categories?post=253932"},{"taxonomy":"post_tag","embeddable":true,"href":"https:\/\/www.europesays.com\/es\/wp-json\/wp\/v2\/tags?post=253932"}],"curies":[{"name":"wp","href":"https:\/\/api.w.org\/{rel}","templated":true}]}}