{"id":253934,"date":"2025-11-24T21:57:13","date_gmt":"2025-11-24T21:57:13","guid":{"rendered":"https:\/\/www.europesays.com\/es\/253934\/"},"modified":"2025-11-24T21:57:13","modified_gmt":"2025-11-24T21:57:13","slug":"una-tablet-todoterreno-con-ia-que-supera-a-muchos-portatiles","status":"publish","type":"post","link":"https:\/\/www.europesays.com\/es\/253934\/","title":{"rendered":"una tablet todoterreno con IA que supera a muchos port\u00e1tiles"},"content":{"rendered":"<p>Si busca una tablet potente, con buena pantalla y f\u00e1cil de llevar a todas partes, no se nos ocurre mejor opci\u00f3n en estos momentos que el nuevo <b>iPad Air con chip M3<\/b>. Ya no solo por el buen rendimiento que ofrece un modelo de estas caracter\u00edsticas, sino porque <b>tiene una de esas ofertas que no se deben dejar pasar<\/b>.<\/p>\n<p>Esta tablet de <b>Apple <\/b>sali\u00f3 a la venta este mismo a\u00f1o con un precio recomendado de 649 euros. Y es que, partiendo de la base de que es raro encontrar productos de la manzana mordida con descuentos, sorprende que, aunque sea por el Black Friday, est\u00e9 tan rebajada. Porque s\u00ed, tiene un <b>descuento de 150 euros<\/b> que la deja por tan solo <a title=\"499 euros en Amazon\" href=\"https:\/\/www.amazon.es\/dp\/B0DZ76441X\/?tag=lr-tecnologia-21\" rel=\"nofollow,sponsored noopener\" target=\"_blank\">499 euros en Amazon<\/a>.<\/p>\n<p>Compra el iPad Air con chip M3 mucho m\u00e1s barato con este descuentazo<\/p>\n<p>Si hay una palabra que define a la perfecci\u00f3n este nuevo <b>iPad Air (2025)<\/b>, sin lugar a dudas, es versatilidad. Dentro del cat\u00e1logo de Apple, esta es la opci\u00f3n intermedia entre el iPad m\u00e1s b\u00e1sico y el potente iPad Pro, por lo que <b>el rendimiento excelente est\u00e1 m\u00e1s que garantizado<\/b>.<\/p>\n<p>Uno de los puntos claves de este modelo est\u00e1 en su dise\u00f1o, ya que, al formar parte de la familia Air, destaca por ser la tablet m\u00e1s delgada y ligera de la compa\u00f1\u00eda. De hecho, cuenta con un chasis <b>construido en aluminio 100% reciclado<\/b> que tiene apenas un <b>grosor de 6,1 mm<\/b> y un <b>peso de 460 gramos <\/b>que nos permite transportarla con una gran facilidad.<\/p>\n<p>Por otro lado, monta una <b>pantalla Liquid Retina IPS de 11 pulgadas <\/b>que repite la misma f\u00f3rmula, llegando a brindarnos una resoluci\u00f3n 2.360 x 1.640 p\u00edxeles, una <a title=\"tasa de refresco de 60 Hz\" href=\"https:\/\/www.larazon.es\/compras\/moviles-mayor-tasa-refresco-mercado-3v3r_20250107677ce82caf21750001487857.html\" target=\"_blank\" rel=\"nofollow noopener\">tasa de refresco de 60 Hz<\/a>, un <a title=\"brillo m\u00e1ximo de 500 nits\" href=\"https:\/\/www.larazon.es\/compras\/moviles-mas-nivel-brillo-que-existen-actualmente-mercado-3v3r_20250121678f80c747e9a00001e06f88.html\" target=\"_blank\" rel=\"nofollow noopener\">brillo m\u00e1ximo de 500 nits<\/a> y una <b>amplia gama crom\u00e1tica P3<\/b> que marca la diferencia. Es una maravilla de panel para ver contenido, pues tambi\u00e9n incorpora unos altavoces est\u00e9reo que soportan Dolby Atmos. Lo \u00fanico que echamos en falta para ser perfecta es algo m\u00e1s de fluidez, un apartado donde la competencia ha ganado terreno.<\/p>\n<p>Igualmente, con ella podemos disfrutar de contenido multimedia con muy buena calidad, jugar e incluso realizar tareas de productividad exigentes, casi como si fuera un port\u00e1til. En esto \u00faltimo, su <b>funci\u00f3n Split View<\/b> juega un papel fundamental al darnos la posibilidad de dividir la pantalla en dos con el fin de mejorar la multitarea. Eso s\u00ed, nada ser\u00eda igual sin el <b>chip M3<\/b>, que es el motor principal de esta tablet y donde est\u00e1 el gran cambio con respecto a la anterior generaci\u00f3n.<\/p>\n<p>Este chip est\u00e1 compuesto por una CPU de 8 n\u00facleos, GPU de 9 n\u00facleos y un Neural Engine de 12 n\u00facleos para asegurarnos un rendimiento de primer nivel, a la vez que se apoya en una memoria <b>RAM de 8 GB<\/b> y un <b>almacenamiento de 128 GB<\/b>, pues estamos hablando de su versi\u00f3n m\u00e1s b\u00e1sica. Adem\u00e1s,<b> es compatible con Apple Intelligence<\/b> para sacarle partido a muchas funciones de IA y actualmente funciona bajo el nuevo <b>sistema operativo iPadOS 26<\/b> que, entre otras muchas novedades, estrena la <a title=\"interfaz Liquid Glass\" href=\"https:\/\/www.larazon.es\/tecnologia-consumo\/ios-26-detalle-todos-secretos-detras-nuevo-material-diseno-liquid-glass_202506116849d8a7687ba4564a95898f.html\" target=\"_blank\" rel=\"nofollow noopener\">interfaz Liquid Glass<\/a>.<\/p>\n<p>\u00bfY qu\u00e9 hay sobre su autonom\u00eda? Pues su <b>bater\u00eda de 28,93 Wh nos promete hasta 10 horas de navegaci\u00f3n o reproducci\u00f3n de v\u00eddeo<\/b>, por lo que aguanta una jornada completa de uso en la mayor\u00eda de los casos o varios d\u00edas si solo la utilizamos unos pocos minutos para entretenernos en nuestros ratos libres.<\/p>\n<p>Para rematar, dispone de una<b> c\u00e1mara trasera y frontal de 12 MP<\/b> que ofrecen una buena calidad, un <b>bot\u00f3n Touch ID<\/b> para mejorar la seguridad y <b>es compatible con el Apple Pencil Pro<\/b>, un accesorio ideal para dise\u00f1adores gr\u00e1ficos o estudiantes que quieran tomar notas de una manera diferente.<\/p>\n<p>Este art\u00edculo est\u00e1 pensado para ayudarte a descubrir productos de tu inter\u00e9s o para que tomes una mejor decisi\u00f3n de compra. Algunos de los enlaces que incluye son de afiliados, por lo que si realizas una compra a trav\u00e9s de ellos La Raz\u00f3n podr\u00eda recibir una peque\u00f1a comisi\u00f3n. Este hecho no influye en nuestras recomendaciones ni en el precio que pagas por el producto.<\/p>\n","protected":false},"excerpt":{"rendered":"Si busca una tablet potente, con buena pantalla y f\u00e1cil de llevar a todas partes, no se nos&hellip;\n","protected":false},"author":2,"featured_media":253935,"comment_status":"","ping_status":"","sticky":false,"template":"","format":"standard","meta":{"footnotes":""},"categories":[81],"tags":[119,123,124,25,24,117,121,122,23,118,120],"class_list":{"0":"post-253934","1":"post","2":"type-post","3":"status-publish","4":"format-standard","5":"has-post-thumbnail","7":"category-ciencia-y-tecnologia","8":"tag-ciencia","9":"tag-ciencia-y-tecnologia","10":"tag-cienciaytecnologia","11":"tag-es","12":"tag-espana","13":"tag-science","14":"tag-science-and-technology","15":"tag-scienceandtechnology","16":"tag-spain","17":"tag-technology","18":"tag-tecnologia"},"share_on_mastodon":{"url":"https:\/\/pubeurope.com\/@es\/115606916023316837","error":""},"_links":{"self":[{"href":"https:\/\/www.europesays.com\/es\/wp-json\/wp\/v2\/posts\/253934","targetHints":{"allow":["GET"]}}],"collection":[{"href":"https:\/\/www.europesays.com\/es\/wp-json\/wp\/v2\/posts"}],"about":[{"href":"https:\/\/www.europesays.com\/es\/wp-json\/wp\/v2\/types\/post"}],"author":[{"embeddable":true,"href":"https:\/\/www.europesays.com\/es\/wp-json\/wp\/v2\/users\/2"}],"replies":[{"embeddable":true,"href":"https:\/\/www.europesays.com\/es\/wp-json\/wp\/v2\/comments?post=253934"}],"version-history":[{"count":0,"href":"https:\/\/www.europesays.com\/es\/wp-json\/wp\/v2\/posts\/253934\/revisions"}],"wp:featuredmedia":[{"embeddable":true,"href":"https:\/\/www.europesays.com\/es\/wp-json\/wp\/v2\/media\/253935"}],"wp:attachment":[{"href":"https:\/\/www.europesays.com\/es\/wp-json\/wp\/v2\/media?parent=253934"}],"wp:term":[{"taxonomy":"category","embeddable":true,"href":"https:\/\/www.europesays.com\/es\/wp-json\/wp\/v2\/categories?post=253934"},{"taxonomy":"post_tag","embeddable":true,"href":"https:\/\/www.europesays.com\/es\/wp-json\/wp\/v2\/tags?post=253934"}],"curies":[{"name":"wp","href":"https:\/\/api.w.org\/{rel}","templated":true}]}}