{"id":253937,"date":"2025-11-24T21:59:14","date_gmt":"2025-11-24T21:59:14","guid":{"rendered":"https:\/\/www.europesays.com\/es\/253937\/"},"modified":"2025-11-24T21:59:14","modified_gmt":"2025-11-24T21:59:14","slug":"air-europa-y-plus-ultra-se-suman-a-iberia-y-cancelan-sus-vuelos-a-caracas-desde-madrid","status":"publish","type":"post","link":"https:\/\/www.europesays.com\/es\/253937\/","title":{"rendered":"Air Europa y Plus Ultra se suman a Iberia y cancelan sus vuelos a Caracas desde Madrid"},"content":{"rendered":"\n<p> Air Europa y Plus Ultra han <strong>suspendido sus vuelos previstos<\/strong> para ma\u00f1ana martes entre <strong>Madrid y Caracas<\/strong>, despu\u00e9s de la alerta emitida el pasado viernes <a href=\"https:\/\/www.elconfidencial.com\/mundo\/2025-11-24\/vuelos-madrid-caracas-suspendidos-1tps_4253939\/\" target=\"_self\" rel=\"nofollow noopener\">por la autoridad a\u00e9rea estadounidense<\/a>, que inst\u00f3 a \u00ab<strong>extremar la precauci\u00f3n<\/strong>\u00bb al sobrevolar el pa\u00eds suramericano y el sur del mar Caribe ante \u00abuna <strong>situaci\u00f3n potencialmente peligrosa en la regi\u00f3n<\/strong>\u00ab. <\/p>\n<p> Fuentes de la aerol\u00ednea de Globalia, que ofrece cinco frecuencias semanales al pa\u00eds latinoamericano, han explicado este lunes a EFE que, tras la decisi\u00f3n de <strong>cancelar su operativa con Venezuela<\/strong>, reanudar\u00e1 los vuelos entre Madrid y Caracas \u00ab<strong>cuando las condiciones sean adecuadas<\/strong>\u00ab. <\/p>\n<p> Por su parte, fuentes de Plus Ultra, que opera entre Madrid y Caracas con tres frecuencias semanales, han se\u00f1alado a EFE que, de momento, <strong>suspenden el vuelo que iban a operar<\/strong> este martes y ma\u00f1ana ver\u00e1n el resto de la operaci\u00f3n entre ambas capitales. <\/p>\n<p> Por tanto, <strong>ning\u00fan vuelo con destino a Venezuela <\/strong>saldr\u00e1 ma\u00f1ana martes del <strong>aeropuerto de Madrid-Barajas<\/strong>, al igual que este lunes, ya que ninguna de las dos opera ese d\u00eda, mientras que <a href=\"https:\/\/www.elconfidencial.com\/mundo\/2025-11-22\/iberia-cancela-los-vuelos-a-venezuela-tras-el-aviso-de-eeuu-a-las-aerolineas_4252809\/\" target=\"_self\" rel=\"nofollow noopener\">Iberia<\/a>, que s\u00ed lo hace (tiene 5 frecuencias a la semana), anunci\u00f3 ya el s\u00e1bado pasado que <strong>cancelaba sus operaciones con Caracas<\/strong>. <\/p>\n<p>              <img decoding=\"async\" class=\"inTextNews__img\" alt=\"Foto: iberia-cancela-los-vuelos-a-venezuela-tras-el-aviso-de-eeuu-a-las-aerolineas\" src=\"https:\/\/www.europesays.com\/es\/wp-content\/uploads\/2025\/11\/f.elconfidencial.com\/original\/fff\/3b7\/766\/fff3b77668ec13dbc745a834db3eec35.jpg\"  \/>     <\/p>\n<p>TE PUEDE INTERESAR<\/p>\n<p>      <a class=\"inTextNews__title\" href=\"https:\/\/www.elconfidencial.com\/mundo\/2025-11-22\/iberia-cancela-los-vuelos-a-venezuela-tras-el-aviso-de-eeuu-a-las-aerolineas_4252809\/\" onclick=\"window.ECCO.emit(&#039;amplitude&#039;, { dataEventName: &#039;click_related_article_module&#039;, data: { related_article_url: &#039;https:\/\/www.elconfidencial.com\/mundo\/2025-11-22\/iberia-cancela-los-vuelos-a-venezuela-tras-el-aviso-de-eeuu-a-las-aerolineas_4252809\/&#039;, related_article_author: &#039;Pablo Montalvo&#039;, related_article_section: &#039;mundo&#039; } })\" rel=\"nofollow noopener\" target=\"_blank\"> Iberia cancela los vuelos a Venezuela tras el aviso de EEUU a\u00a0las\u00a0aerol\u00edneas <\/a>   <\/p>\n<p>    EFE   <\/p>\n<p> Esta ma\u00f1ana s\u00ed que <strong>aterriz\u00f3 un avi\u00f3n de Plus Ultra<\/strong>, que sali\u00f3 ayer del pa\u00eds latinoamericano, y otro m\u00e1s, de Air Europa, han informado fuentes del gestor de los aeropuertos, <a href=\"https:\/\/www.elconfidencial.com\/espana\/2025-04-28\/directo-cortes-luz-espana-portugal_4117946\/\" target=\"_self\" rel=\"nofollow noopener\">Aena<\/a>. <strong>Air Europa y Plus Ultra se suman as\u00ed<\/strong>, adem\u00e1s de a <strong>Iberia<\/strong>, a la portuguesa <strong>Tap<\/strong>, la colombiana <strong>Avianca<\/strong>, la trinitense <a href=\"https:\/\/www.elconfidencial.com\/mundo\/2025-11-02\/trump-maduro-venezuela-narcotrafico-caribe-1hms_4239560\/\" target=\"_self\" rel=\"nofollow noopener\">Caribbean<\/a>, la brasile\u00f1a <strong>Gol<\/strong>, la chilena <strong>Latam<\/strong> y la turca <strong>Turkish Airlines<\/strong>. <\/p>\n<p> Adem\u00e1s, han anunciado la <strong>suspensi\u00f3n temporal de su actividad<\/strong> en la <strong>ruta Caracas-Madrid<\/strong> las aerol\u00edneas venezolanas <a href=\"https:\/\/www.elconfidencial.com\/mundo\/2025-01-10\/venezuela-investidura-maduro-edmundo-gonzalez_4039629\/\" target=\"_self\" rel=\"nofollow noopener\">Estelar<\/a> (entre el 24 y el 28 de noviembre) y <strong>Laser<\/strong> (aliada de Plus Ultra), que ha reprogramado al jueves su salida desde Madrid prevista para este lunes. <\/p>\n<p> Entretanto, la estatal venezolana <a href=\"https:\/\/www.elconfidencial.com\/mundo\/2025-10-30\/pentagono-portaaviones-caribe-venezuela-1hms_4238105\/\" target=\"_self\" rel=\"nofollow noopener\">Conviasa<\/a> inform\u00f3, en un comunicado en Instagram, de que la totalidad de sus <strong>vuelos nacionales e internacionales<\/strong> se \u00abest\u00e1n ejecutando en total normalidad\u00bb. <\/p>\n<p>                  <img decoding=\"async\" class=\"inTextNews__img\" alt=\"Foto: turkish-airlines-cancela-vuelos-venezuela-1tps\" src=\"https:\/\/www.europesays.com\/es\/wp-content\/uploads\/2025\/11\/f.elconfidencial.com\/original\/ea9\/483\/7d4\/ea94837d4da16f38923df49e1f023368.jpg\"  \/>     <\/p>\n<p>TE PUEDE INTERESAR<\/p>\n<p>      <a class=\"inTextNews__title\" href=\"https:\/\/www.elconfidencial.com\/mundo\/2025-11-23\/turkish-airlines-cancela-vuelos-venezuela-1tps_4253036\/\" onclick=\"window.ECCO.emit(&#039;amplitude&#039;, { dataEventName: &#039;click_related_article_module&#039;, data: { related_article_url: &#039;https:\/\/www.elconfidencial.com\/mundo\/2025-11-23\/turkish-airlines-cancela-vuelos-venezuela-1tps_4253036\/&#039;, related_article_author: &#039;Pablo Montalvo&#039;, related_article_section: &#039;mundo&#039; } })\" rel=\"nofollow noopener\" target=\"_blank\"> La aerol\u00ednea Turkish cancela sus vuelos hacia Venezuela hasta el 28 de noviembre <\/a>   <\/p>\n<p>    EFE   <\/p>\n<p> La <strong>autoridad a\u00e9rea de Estados Unidos<\/strong> inst\u00f3 el pasado viernes a las aerol\u00edneas a \u00abextremar la precauci\u00f3n\u00bb ante lo que considera \u00abuna situaci\u00f3n potencialmente peligrosa en la regi\u00f3n\u00bb, aviso que coincide con el <strong>despliegue militar<\/strong> ordenado por el presidente norteamericano, <a href=\"https:\/\/www.elconfidencial.com\/mundo\/2025-10-02\/venezuela-trump-militar-caribe-costas-trump_4221086\/\" target=\"_self\" rel=\"nofollow noopener\">Donald Trump<\/a>, en aguas del <strong>Caribe pr\u00f3ximas a Venezuela<\/strong> para presionar al <strong>Gobierno de Nicol\u00e1s Maduro<\/strong>. <\/p>\n<p> Por su parte, <strong>Enaire<\/strong> ha publicado, a petici\u00f3n de la Agencia Estatal de Seguridad A\u00e9rea (<strong>AESA<\/strong>), que, hasta el pr\u00f3ximo <strong>1 de diciembre<\/strong>, <strong>se recomienda fuertemente a los operadores a\u00e9reos civiles espa\u00f1oles no realizar ning\u00fan vuelo<\/strong> en el espacio a\u00e9reo dentro del Fir Maiquetia (SVZM), que abarca todo el territorio venezolano y se extiende hasta el Mar Caribe. <\/p>\n<p> Esta recomendaci\u00f3n se debe al <strong>potencial riesgo para la aviaci\u00f3n civil <\/strong>por aumento de actividad militar, armas antia\u00e9reas capaces a todas las altitudes y falta de coordinaci\u00f3n entre las partes del conflicto, seg\u00fan el texto al que ha tenido acceso EFE. <\/p>\n<p>                  <img decoding=\"async\" class=\"inTextNews__img\" alt=\"Foto: iberia-detecta-un-incidente-de-seguridad-que-compromete-datos-de-clientes\" src=\"https:\/\/www.europesays.com\/es\/wp-content\/uploads\/2025\/11\/f.elconfidencial.com\/original\/acb\/472\/0fa\/acb4720fac125ecc88d3ff47b59a1f99.jpg\"  \/>     <\/p>\n<p>TE PUEDE INTERESAR<\/p>\n<p>      <a class=\"inTextNews__title\" href=\"https:\/\/www.elconfidencial.com\/economia\/2025-11-23\/iberia-detecta-un-incidente-de-seguridad-que-compromete-datos-de-clientes_4252825\/\" onclick=\"window.ECCO.emit(&#039;amplitude&#039;, { dataEventName: &#039;click_related_article_module&#039;, data: { related_article_url: &#039;https:\/\/www.elconfidencial.com\/economia\/2025-11-23\/iberia-detecta-un-incidente-de-seguridad-que-compromete-datos-de-clientes_4252825\/&#039;, related_article_author: &#039;Agencias&#039;, related_article_section: &#039;economia&#039; } })\" rel=\"nofollow noopener\" target=\"_blank\"> Iberia denuncia ante la UCO y Protecci\u00f3n de Datos un ciberataque que afecta a los datos de clientes <\/a>   <\/p>\n<p>    EC   <\/p>\n<p> Ma\u00f1ana se celebrar\u00e1 una reuni\u00f3n del Integrated Risk Assessment Group (IRAG) en la que se tratar\u00e1, como uno de los temas de la agenda, la <strong>situaci\u00f3n en dicho espacio a\u00e9reo<\/strong>. AESA se\u00f1ala que <strong>seguir\u00e1 monitorizando la situaci\u00f3n<\/strong> con el fin de <strong>proporcionar a los operadores toda la informaci\u00f3n necesaria<\/strong> para sus respectivos an\u00e1lisis de riesgos. <\/p>\n<p> Air Europa y Plus Ultra han <strong>suspendido sus vuelos previstos<\/strong> para ma\u00f1ana martes entre <strong>Madrid y Caracas<\/strong>, despu\u00e9s de la alerta emitida el pasado viernes <a href=\"https:\/\/www.elconfidencial.com\/mundo\/2025-11-24\/vuelos-madrid-caracas-suspendidos-1tps_4253939\/\" target=\"_self\" rel=\"nofollow noopener\">por la autoridad a\u00e9rea estadounidense<\/a>, que inst\u00f3 a \u00ab<strong>extremar la precauci\u00f3n<\/strong>\u00bb al sobrevolar el pa\u00eds suramericano y el sur del mar Caribe ante \u00abuna <strong>situaci\u00f3n potencialmente peligrosa en la regi\u00f3n<\/strong>\u00ab. <\/p>\n","protected":false},"excerpt":{"rendered":"Air Europa y Plus Ultra han suspendido sus vuelos previstos para ma\u00f1ana martes entre Madrid y Caracas, despu\u00e9s&hellip;\n","protected":false},"author":2,"featured_media":253938,"comment_status":"","ping_status":"","sticky":false,"template":"","format":"standard","meta":{"footnotes":""},"categories":[42],"tags":[17,18,13,14,11,61,62,63,64,19,20,9,10,15,16,12,21,22,65,66,67],"class_list":{"0":"post-253937","1":"post","2":"type-post","3":"status-publish","4":"format-standard","5":"has-post-thumbnail","7":"category-internacional","8":"tag-breaking-news","9":"tag-breakingnews","10":"tag-featured-news","11":"tag-featurednews","12":"tag-headlines","13":"tag-internacional","14":"tag-international","15":"tag-international-news","16":"tag-internationalnews","17":"tag-latest-news","18":"tag-latestnews","19":"tag-news","20":"tag-noticias","21":"tag-noticias-destacadas","22":"tag-noticiasdestacadas","23":"tag-titulares","24":"tag-ultimas-noticias","25":"tag-ultimasnoticias","26":"tag-world","27":"tag-world-news","28":"tag-worldnews"},"share_on_mastodon":{"url":"https:\/\/pubeurope.com\/@es\/115606924671944420","error":""},"_links":{"self":[{"href":"https:\/\/www.europesays.com\/es\/wp-json\/wp\/v2\/posts\/253937","targetHints":{"allow":["GET"]}}],"collection":[{"href":"https:\/\/www.europesays.com\/es\/wp-json\/wp\/v2\/posts"}],"about":[{"href":"https:\/\/www.europesays.com\/es\/wp-json\/wp\/v2\/types\/post"}],"author":[{"embeddable":true,"href":"https:\/\/www.europesays.com\/es\/wp-json\/wp\/v2\/users\/2"}],"replies":[{"embeddable":true,"href":"https:\/\/www.europesays.com\/es\/wp-json\/wp\/v2\/comments?post=253937"}],"version-history":[{"count":0,"href":"https:\/\/www.europesays.com\/es\/wp-json\/wp\/v2\/posts\/253937\/revisions"}],"wp:featuredmedia":[{"embeddable":true,"href":"https:\/\/www.europesays.com\/es\/wp-json\/wp\/v2\/media\/253938"}],"wp:attachment":[{"href":"https:\/\/www.europesays.com\/es\/wp-json\/wp\/v2\/media?parent=253937"}],"wp:term":[{"taxonomy":"category","embeddable":true,"href":"https:\/\/www.europesays.com\/es\/wp-json\/wp\/v2\/categories?post=253937"},{"taxonomy":"post_tag","embeddable":true,"href":"https:\/\/www.europesays.com\/es\/wp-json\/wp\/v2\/tags?post=253937"}],"curies":[{"name":"wp","href":"https:\/\/api.w.org\/{rel}","templated":true}]}}