{"id":253939,"date":"2025-11-24T22:00:09","date_gmt":"2025-11-24T22:00:09","guid":{"rendered":"https:\/\/www.europesays.com\/es\/253939\/"},"modified":"2025-11-24T22:00:09","modified_gmt":"2025-11-24T22:00:09","slug":"detenido-en-cuba-martino-ramos-uno-de-los-diez-fugitivos-mas-buscados-por-la-policia","status":"publish","type":"post","link":"https:\/\/www.europesays.com\/es\/253939\/","title":{"rendered":"Detenido en Cuba Marti\u00f1o Ramos, uno de los diez fugitivos m\u00e1s buscados por la Polic\u00eda"},"content":{"rendered":"<p>Las autoridades de Cuba han detenido en la capital, La Habana, a <strong>Marti\u00f1o Ramos Soto<\/strong>, un profesor condenado en Galicia a 13 a\u00f1os y medio de c\u00e1rcel por violar a una alumna menor de edad e incluido en la <strong>lista de los diez fugitivos m\u00e1s buscados<\/strong> difundida este mismo lunes por la Polic\u00eda.<\/p>\n<p>La <strong>Polic\u00eda <\/strong>ha confirmado en un mensaje en la red social X que las autoridades cubanas han informado de la detenci\u00f3n este lunes por la tarde. Ramos, sobre quien pensaba una orden internacional de detenci\u00f3n, ha sido arrestado con el apoyo de la Consejer\u00eda de Interior de la Embajada espa\u00f1ola en la isla.<\/p>\n<p>Ramos Soto, de 50 a\u00f1os de edad, trabajaba como profesor cuando abus\u00f3 sexualmente de una de sus alumnas mediante pr\u00e1cticas s\u00e1dicas, tal como confirm\u00f3 en una sentencia de julio la Audiencia de Ourense. La v\u00edctima ten\u00eda entre 12 y 16 a\u00f1os cuando se produjeron los abusos.<\/p>\n<p>Huy\u00f3 en julio tras ser condenado<\/p>\n<p>La Polic\u00eda Nacional Revolucionaria (PNR) efectu\u00f3 el arresto de Ramos hace unos d\u00edas, seg\u00fan fuentes consultadas por EFE. Las fuerzas de seguridad cubanas<strong> conoc\u00edan desde hace meses que estaba en la isla<\/strong> y lo manten\u00edan bajo observaci\u00f3n, aunque no hab\u00edan procedido a ponerlo bajo custodia.<\/p>\n<p>El Gobierno espa\u00f1ol ha solicitado ya formalmente la extradici\u00f3n y, en principio, existe predisposici\u00f3n de los dos pa\u00edses a facilitar dicho traslado, pese a que Espa\u00f1a y Cuba no cuentan con un acuerdo espec\u00edfico.<\/p>\n<p>La condena data del pasado mes de julio e implicaba una orden de entrada en prisi\u00f3n que Ramos Soto no acat\u00f3. A esta primera falta le sigui\u00f3 la emisi\u00f3n de una orden de detenci\u00f3n a nivel nacional, si bien los agentes ya ten\u00edan indicios de que se encontraba fuera de Espa\u00f1a.<\/p>\n<p>La reconstrucci\u00f3n policial le sit\u00faa en un primer momento en Portugal, pa\u00eds al que habr\u00eda cruzado en julio. Desde Lisboa, vol\u00f3 a Brasil, para despu\u00e9s saltar a Per\u00fa y, m\u00e1s tarde, a Cuba. La Polic\u00eda sospecha que contaba con alg\u00fan tipo de apoyo en la isla.<\/p>\n<p>Un pr\u00f3fugo de alta peligrosidad, seg\u00fan la Polic\u00eda<\/p>\n<p>La <a href=\"https:\/\/www.rtve.es\/noticias\/20251124\/policia-pide-ayuda-ciudadana-para-detener-a-diez-fugitivos-mas-buscados-espana\/16828240.shtml\" rel=\"nofollow noopener\" target=\"_blank\">Secci\u00f3n de Localizaci\u00f3n de Fugitivos de la Polic\u00eda describe en su \u00faltimo aviso <\/a>a Ramos como un pr\u00f3fugo de alta peligrosidad. Incorporaba, adem\u00e1s, una fotograf\u00eda para facilitar su identificaci\u00f3n, as\u00ed como una descripci\u00f3n en la que se alud\u00eda al pr\u00f3fugo como un hombre delgado, de piel morena, con cabello canoso y rizado y ojos marrones.<\/p>\n<p>Las im\u00e1genes que se difunden de los fugitivos son fotogramas reales y se han a\u00f1adido fotograf\u00edas en las que, mediante inteligencia artificial, se recrean cambios que se hubieran podido realizar los pr\u00f3fugos para modificar su apariencia y evitar ser reconocido.<\/p>\n<p>Durante el a\u00f1o 2024 la Secci\u00f3n de Localizaci\u00f3n de Fugitivos, junto al resto de equipos de la red nacional, ha participado en la detenci\u00f3n de <strong>460 pr\u00f3fugos de la justicia por distintas reclamaciones tanto nacionales como internacionales.<\/strong><\/p>\n","protected":false},"excerpt":{"rendered":"Las autoridades de Cuba han detenido en la capital, La Habana, a Marti\u00f1o Ramos Soto, un profesor condenado&hellip;\n","protected":false},"author":2,"featured_media":252918,"comment_status":"","ping_status":"","sticky":false,"template":"","format":"standard","meta":{"footnotes":""},"categories":[8],"tags":[17,18,25,24,13,14,11,19,20,9,10,15,16,23,12,21,22],"class_list":{"0":"post-253939","1":"post","2":"type-post","3":"status-publish","4":"format-standard","5":"has-post-thumbnail","7":"category-espana","8":"tag-breaking-news","9":"tag-breakingnews","10":"tag-es","11":"tag-espana","12":"tag-featured-news","13":"tag-featurednews","14":"tag-headlines","15":"tag-latest-news","16":"tag-latestnews","17":"tag-news","18":"tag-noticias","19":"tag-noticias-destacadas","20":"tag-noticiasdestacadas","21":"tag-spain","22":"tag-titulares","23":"tag-ultimas-noticias","24":"tag-ultimasnoticias"},"share_on_mastodon":{"url":"https:\/\/pubeurope.com\/@es\/115606927683845124","error":""},"_links":{"self":[{"href":"https:\/\/www.europesays.com\/es\/wp-json\/wp\/v2\/posts\/253939","targetHints":{"allow":["GET"]}}],"collection":[{"href":"https:\/\/www.europesays.com\/es\/wp-json\/wp\/v2\/posts"}],"about":[{"href":"https:\/\/www.europesays.com\/es\/wp-json\/wp\/v2\/types\/post"}],"author":[{"embeddable":true,"href":"https:\/\/www.europesays.com\/es\/wp-json\/wp\/v2\/users\/2"}],"replies":[{"embeddable":true,"href":"https:\/\/www.europesays.com\/es\/wp-json\/wp\/v2\/comments?post=253939"}],"version-history":[{"count":0,"href":"https:\/\/www.europesays.com\/es\/wp-json\/wp\/v2\/posts\/253939\/revisions"}],"wp:featuredmedia":[{"embeddable":true,"href":"https:\/\/www.europesays.com\/es\/wp-json\/wp\/v2\/media\/252918"}],"wp:attachment":[{"href":"https:\/\/www.europesays.com\/es\/wp-json\/wp\/v2\/media?parent=253939"}],"wp:term":[{"taxonomy":"category","embeddable":true,"href":"https:\/\/www.europesays.com\/es\/wp-json\/wp\/v2\/categories?post=253939"},{"taxonomy":"post_tag","embeddable":true,"href":"https:\/\/www.europesays.com\/es\/wp-json\/wp\/v2\/tags?post=253939"}],"curies":[{"name":"wp","href":"https:\/\/api.w.org\/{rel}","templated":true}]}}