{"id":253942,"date":"2025-11-24T22:06:10","date_gmt":"2025-11-24T22:06:10","guid":{"rendered":"https:\/\/www.europesays.com\/es\/253942\/"},"modified":"2025-11-24T22:06:10","modified_gmt":"2025-11-24T22:06:10","slug":"a-veces-no-es-facil","status":"publish","type":"post","link":"https:\/\/www.europesays.com\/es\/253942\/","title":{"rendered":"A veces no es f\u00e1cil"},"content":{"rendered":"<p data-gtm-element-container=\"modulo-texto-link\" class=\"paragraph\">Un a\u00f1o despu\u00e9s de su retirada, <strong>Rafa Nadal<\/strong> ha tenido muy clara su respuesta cuando<strong> Jorge Valdano <\/strong>le ha pedido qu\u00e9 consejo le dar\u00eda al jugador del <strong>Bar\u00e7a Lamine Yamal<\/strong>, encumbrado en el mundo del f\u00fatbol tan joven como lo fue \u00e9l en el tenis.<\/p>\n<p data-gtm-element-container=\"modulo-texto-link\" class=\"paragraph\">\u00abQue se rodee de gente que le ayude de verdad y que sea lo suficientemente inteligente de escuchar las cosas que personajes de \u00e9xito no queremos escuchar. A veces no es f\u00e1cil porque eres un personaje de much\u00edsimo \u00e9xito\u00bb, ha dicho Nadal en el programa de Movistar+ <strong>&#8216;Universo Valdano&#8217;<\/strong>.<\/p>\n<p data-gtm-element-container=\"modulo-texto-link\" class=\"paragraph\">\u00abPero tienes que encontrar tu punto de vuelta de lo que es la vida real, no una vida irreal, porque el \u00e9xito te puede hacer infeliz y llegar un punto en que el personaje puede llegar a comerse a la persona\u00bb, ha a\u00f1adido Nadal en su respuesta.<\/p>\n<p data-gtm-element-container=\"modulo-texto-link\" class=\"paragraph\">Nadal, de 39 a\u00f1os, colg\u00f3 la raqueta el a\u00f1o pasado despu\u00e9s de una carrera de leyenda (92 t\u00edtulos, 22 del<strong> Grand Slam<\/strong>) junto a otros dos &#8216;monstruos&#8217; del tenis, el suizo <strong>Roger Federer <\/strong>(20) y el serbio <strong>Novak Djokovic<\/strong> (24), con quienes form\u00f3 el <strong>&#8216;Big Three&#8217;<\/strong>.<\/p>\n","protected":false},"excerpt":{"rendered":"Un a\u00f1o despu\u00e9s de su retirada, Rafa Nadal ha tenido muy clara su respuesta cuando Jorge Valdano le&hellip;\n","protected":false},"author":2,"featured_media":253943,"comment_status":"","ping_status":"","sticky":false,"template":"","format":"standard","meta":{"footnotes":""},"categories":[274],"tags":[168,25,24,23,167,327,326],"class_list":{"0":"post-253942","1":"post","2":"type-post","3":"status-publish","4":"format-standard","5":"has-post-thumbnail","7":"category-tenis","8":"tag-deportes","9":"tag-es","10":"tag-espana","11":"tag-spain","12":"tag-sports","13":"tag-tenis","14":"tag-tennis"},"share_on_mastodon":{"url":"https:\/\/pubeurope.com\/@es\/115606951355570562","error":""},"_links":{"self":[{"href":"https:\/\/www.europesays.com\/es\/wp-json\/wp\/v2\/posts\/253942","targetHints":{"allow":["GET"]}}],"collection":[{"href":"https:\/\/www.europesays.com\/es\/wp-json\/wp\/v2\/posts"}],"about":[{"href":"https:\/\/www.europesays.com\/es\/wp-json\/wp\/v2\/types\/post"}],"author":[{"embeddable":true,"href":"https:\/\/www.europesays.com\/es\/wp-json\/wp\/v2\/users\/2"}],"replies":[{"embeddable":true,"href":"https:\/\/www.europesays.com\/es\/wp-json\/wp\/v2\/comments?post=253942"}],"version-history":[{"count":0,"href":"https:\/\/www.europesays.com\/es\/wp-json\/wp\/v2\/posts\/253942\/revisions"}],"wp:featuredmedia":[{"embeddable":true,"href":"https:\/\/www.europesays.com\/es\/wp-json\/wp\/v2\/media\/253943"}],"wp:attachment":[{"href":"https:\/\/www.europesays.com\/es\/wp-json\/wp\/v2\/media?parent=253942"}],"wp:term":[{"taxonomy":"category","embeddable":true,"href":"https:\/\/www.europesays.com\/es\/wp-json\/wp\/v2\/categories?post=253942"},{"taxonomy":"post_tag","embeddable":true,"href":"https:\/\/www.europesays.com\/es\/wp-json\/wp\/v2\/tags?post=253942"}],"curies":[{"name":"wp","href":"https:\/\/api.w.org\/{rel}","templated":true}]}}