{"id":253946,"date":"2025-11-24T22:09:08","date_gmt":"2025-11-24T22:09:08","guid":{"rendered":"https:\/\/www.europesays.com\/es\/253946\/"},"modified":"2025-11-24T22:09:08","modified_gmt":"2025-11-24T22:09:08","slug":"saski-baskonia-galbiati-necesitamos-a-todos-con-piernas-frescas-y-sangre-caliente","status":"publish","type":"post","link":"https:\/\/www.europesays.com\/es\/253946\/","title":{"rendered":"Saski Baskonia Galbiati: \u201cNecesitamos a todos con piernas frescas y sangre caliente\u201d"},"content":{"rendered":"<p class=\"\">Los vitorianos han entrenado esta ma\u00f1ana en Vitoria. Luego se han dirigido al aeropuerto de Foronda y han cogido un ch\u00e1rter particular que les ha llevado directamente a Kaunas. <b>En el grupo no estaban ni el lesionado Forrest ni el convocado por Eslovenia, Stefan Joksimovic. <\/b>El base estadounidense regresar\u00e1 a la normalidad la semana que viene.<\/p>\n<p class=\"\">Galbiati quiere repetir las sensaciones de ayer contra el Surne Bilbao Basket. Los del Buesa consiguieron 71 puntos en los dos primeros cuartos. \u201cPodemos hacer un juego incre\u00edble, excelente en defensa, con buena circulaci\u00f3n de bal\u00f3n y sabiendo anotar bien. <b>Lo que hacemos en casa necesitamos conseguirlo fuera<\/b>\u201d, coment\u00f3. Existe preocupaci\u00f3n con el rendimiento del equipo lejos del Buesa ya que todav\u00eda no ha sumado ning\u00fan triunfo en Euroliga como visitante.<\/p>\n<p class=\"\">El entrenador italiano tiene una teor\u00eda cargada de l\u00f3gica. \u201cSi tenemos tiempo para entrenar y preparar los partidos, solemos jugar bien. Entre el del Bayern y el del Bilbao Basket solo tuvimos 36 horas pero los chicos estuvieron muy bien. Solo puedo decirles que `Bravo\u00b4. <b>Aprovecharon muy bien el partido y eso que solo hab\u00edamos tenido un entrenamiento<\/b> para prepararlo\u201c. En el segundo cuarto consiguieron 38 puntos y al descanso, 71.<\/p>\n<p class=\"\">La din\u00e1mica del equipo es positiva pero ahora toca jugar lejos de Vitoria. \u201cLo hicimos muy bien el viernes, con un buen reparto de minutos. Ninguno lleg\u00f3 a jugar 30, pienso que los que m\u00e1s jugaron estuvieron sobre 21. Necesitamos a todos con piernas frescas y sangre. <b>Somos un equipo joven, y ahora toca ya pensar en el siguiente<\/b>, que ser\u00e1 en Kaunas\u201d, dijo. Ojo al rendimiento de Francisco y de Williams-Goss.<\/p>\n<p class=\"\"><b>Semana importante para poder trabajar con tranquilidad<\/b><\/p>\n<p class=\"\">Paolo Galbiati espera el final del partido de ma\u00f1ana en Lituania para regresar a casa y disponer de varios d\u00edas para entrenar a tope. \u201cSolo han llamado a Joksimovic con Eslovenia. El grupo lo ha celebrado con mucha alegr\u00eda\u201d. <b>El jugador nacido en Belgrado pero esloveno de nacionalidad tiene apenas 17 a\u00f1os.<\/b> Los cumpli\u00f3 hace un par de semanas y ya est\u00e1 con la absoluta de un pa\u00eds con primer nivel de efectivos.<\/p>\n<p>Noticias relacionadas<\/p>\n<p class=\"\">El Zalgirio Arena es una de las canchas m\u00e1s calientes de Europa. <b>Los abonados abarrotan el pabell\u00f3n y hay lista de espera para conseguir localidades.<\/b> Se puede consumir alcohol, especialmente cerveza, y el ambiente se suele cargar bastante. Tadas Sedekerskis es el \u00fanico lituano de la plantilla baskonista actualmente pero nunca ha pertenecido a la disciplina del equipo m\u00e1s importante del pa\u00eds. Nacido en Nida, en el istmo de Curlandia, no se siente especialmente unido al conjunto de Kaunas. La localidad m\u00e1s importante de lesa comarca costera es Klaipeda, lugar de trabajo del Neptunas.<\/p>\n<p class=\"\"><b>\u00a1Tus opiniones importan!<\/b> Comenta en los art\u00edculos y suscr\u00edbete gratis a nuestra <a href=\"https:\/\/asfan.as.com\/newsletters\/\" target=\"_blank\" rel=\"nofollow noopener\" title=\"https:\/\/asfan.as.com\/newsletters\/\">newsletter<\/a> y a las alertas informativas en la <a href=\"https:\/\/as.com\/aplicacion-de-as-n\/\" target=\"_blank\" rel=\"nofollow noopener\" title=\"https:\/\/as.com\/aplicacion-de-as-n\/\">App<\/a> o el canal de <a href=\"https:\/\/www.whatsapp.com\/channel\/0029VaAasdA7j6g745nz9M10\" target=\"_blank\" rel=\"nofollow noopener\" title=\"https:\/\/www.whatsapp.com\/channel\/0029VaAasdA7j6g745nz9M10\">WhatsApp<\/a>. \u00bfBuscas licenciar contenido? Haz clic <a href=\"https:\/\/profesional.elpais.com\/soluciones-sindicacion?utm_medium=interno&amp;utm_source=crosslinking&amp;utm_campaign=sindicacion_as_pie_articulos\" target=\"_blank\" rel=\"nofollow noopener\" title=\"https:\/\/profesional.elpais.com\/soluciones-sindicacion?utm_medium=interno&amp;utm_source=crosslinking&amp;utm_campaign=sindicacion_as_pie_articulos\">aqu\u00ed<\/a><\/p>\n","protected":false},"excerpt":{"rendered":"Los vitorianos han entrenado esta ma\u00f1ana en Vitoria. Luego se han dirigido al aeropuerto de Foronda y han&hellip;\n","protected":false},"author":2,"featured_media":253947,"comment_status":"","ping_status":"","sticky":false,"template":"","format":"standard","meta":{"footnotes":""},"categories":[269],"tags":[299,298,168,25,24,23,167],"class_list":{"0":"post-253946","1":"post","2":"type-post","3":"status-publish","4":"format-standard","5":"has-post-thumbnail","7":"category-baloncesto","8":"tag-baloncesto","9":"tag-basketball","10":"tag-deportes","11":"tag-es","12":"tag-espana","13":"tag-spain","14":"tag-sports"},"share_on_mastodon":{"url":"https:\/\/pubeurope.com\/@es\/115606963213439529","error":""},"_links":{"self":[{"href":"https:\/\/www.europesays.com\/es\/wp-json\/wp\/v2\/posts\/253946","targetHints":{"allow":["GET"]}}],"collection":[{"href":"https:\/\/www.europesays.com\/es\/wp-json\/wp\/v2\/posts"}],"about":[{"href":"https:\/\/www.europesays.com\/es\/wp-json\/wp\/v2\/types\/post"}],"author":[{"embeddable":true,"href":"https:\/\/www.europesays.com\/es\/wp-json\/wp\/v2\/users\/2"}],"replies":[{"embeddable":true,"href":"https:\/\/www.europesays.com\/es\/wp-json\/wp\/v2\/comments?post=253946"}],"version-history":[{"count":0,"href":"https:\/\/www.europesays.com\/es\/wp-json\/wp\/v2\/posts\/253946\/revisions"}],"wp:featuredmedia":[{"embeddable":true,"href":"https:\/\/www.europesays.com\/es\/wp-json\/wp\/v2\/media\/253947"}],"wp:attachment":[{"href":"https:\/\/www.europesays.com\/es\/wp-json\/wp\/v2\/media?parent=253946"}],"wp:term":[{"taxonomy":"category","embeddable":true,"href":"https:\/\/www.europesays.com\/es\/wp-json\/wp\/v2\/categories?post=253946"},{"taxonomy":"post_tag","embeddable":true,"href":"https:\/\/www.europesays.com\/es\/wp-json\/wp\/v2\/tags?post=253946"}],"curies":[{"name":"wp","href":"https:\/\/api.w.org\/{rel}","templated":true}]}}