{"id":253948,"date":"2025-11-24T22:10:10","date_gmt":"2025-11-24T22:10:10","guid":{"rendered":"https:\/\/www.europesays.com\/es\/253948\/"},"modified":"2025-11-24T22:10:10","modified_gmt":"2025-11-24T22:10:10","slug":"la-clave-sera-quitar-el-balon-al-barca","status":"publish","type":"post","link":"https:\/\/www.europesays.com\/es\/253948\/","title":{"rendered":"La clave ser\u00e1 quitar el bal\u00f3n al Bar\u00e7a"},"content":{"rendered":"<p data-gtm-element-container=\"modulo-texto-link\" class=\"paragraph\"><strong>Marc Cucurella<\/strong> vivir\u00e1 este martes (21.00 horas) un duelo \u00abmuy especial\u00bb contra el <strong>FC Barcelona<\/strong> en la <strong>Champions League<\/strong>. El canterano azulgrana se ha convertido en uno de los \u00eddolos del <strong>Chelsea<\/strong> y reconoci\u00f3 en la previa que esperaba con muchas ganas el enfrentamiento contra su antiguo club.\u00a0<\/p>\n<p data-gtm-element-container=\"modulo-texto-link\" class=\"paragraph\">\u00abEs un partido muy especial para m\u00ed y mi familia. Jugu\u00e9 a\u00f1os atr\u00e1s contra ellos y ahora tengo otra oportunidad en la Champions. Espero que podamos hacer un buen partido y llevarnos los tres puntos\u00bb, dijo <strong>Cucurella<\/strong>, quien a nivel personal apunt\u00f3 que \u00abestoy a gran nivel y tengo confianza\u00bb y no quiso pensar en lo que hubiera pasado si hubiera seguido en el <strong>Bar\u00e7a<\/strong> \u00abporque todo pasa por algo y estoy muy contento con mi carrera\u00bb.<\/p>\n<p>    Lee tambi\u00e9n<\/p>\n<p data-gtm-element-container=\"modulo-texto-link\" class=\"paragraph\"><strong>Marc Cucurella<\/strong> profundiz\u00f3 en su an\u00e1lisis para el duelo contra el <strong>Bar\u00e7a<\/strong> y destac\u00f3 que\u00a0\u00abla clave ser\u00e1 quitarles el bal\u00f3n y el tema f\u00edsico tambi\u00e9n\u00bb, aunque espera un partido muy complicado contra los cul\u00e9s.<\/p>\n<p data-gtm-element-container=\"modulo-texto-link\" class=\"paragraph\">\u00abEl Bar\u00e7a es un gran equipo. Este a\u00f1o quiz\u00e1s no ha controlado los partidos del todo, pero son los campeones de Liga y Copa. Est\u00e1n haciendo las cosas bien, tienen mucho talento. Ser\u00e1 un partido muy bonito y tenemos ganas de demostrar.\u00a0Es un gran partido. Somos dos de las mejores plantillas j\u00f3venes del mundo. Ser\u00e1 muy vistoso. La gente que vea el partido disfrutar\u00e1 mucho\u00bb, dijo <strong>Cucurella<\/strong>.\u00a0<\/p>\n<p data-gtm-element-container=\"modulo-texto-link\" class=\"paragraph\">El lateral zurdo tambi\u00e9n reconoci\u00f3 que \u00abcuando sali\u00f3 el sorteo todo el mundo hablaba del Chelsea-Bar\u00e7a porque es un gran partido\u00bb y desvel\u00f3 que \u00abcon los jugadores del Bar\u00e7a ha habido alguna broma, pero desde que acab\u00f3 la selecci\u00f3n solo me han hablado para pedir tickets\u00bb.<\/p>\n<p data-gtm-element-container=\"modulo-texto-link\" class=\"paragraph\">Su duelo contra <strong>Lamine Yamal<\/strong> promete emociones fuertes, pero <strong>Cucurella<\/strong> quiso evitar centrar la atenci\u00f3n en su enfrentamiento individual y apunt\u00f3 que deber\u00e1n hacer un gran esfuerzo colectivo para frenar al &#8217;10&#8217; del <strong>Bar\u00e7a<\/strong>.<\/p>\n<p data-gtm-element-container=\"modulo-texto-link\" class=\"paragraph\">\u00abMa\u00f1ana no es un Lamine contra Cucurella. Ser\u00e1 una batalla dura, pero ojal\u00e1 podamos hacer un buen partido y ganar. Contra estos jugadores nunca sabes lo que har\u00e1n, pero lo conozco un poco y tengo el apoyo de mi equipo. Es un once contra once. Esperamos llevarnos los tres puntos, que son muy importantes para nosotros.\u00bb, dijo <strong>Cucurella<\/strong>, que tambi\u00e9n respondi\u00f3 sobre las comparaciones entre <strong>Lamine<\/strong> y <strong>Estevao<\/strong>, la joya brasile\u00f1a del <strong>Chelsea<\/strong>.<\/p>\n<p data-gtm-element-container=\"modulo-texto-link\" class=\"paragraph\">\u00abLos dos son muy especiales, tienen mucho talento y siempre quieren el bal\u00f3n. Pueden decidir partidos. La diferencia es que Lamine ya lleva temporadas jugando en Europa, pero Estevao lo est\u00e1 haciendo muy bien y si sigue progresando puede llegar a ese nivel\u00bb, apunt\u00f3 el internacional espa\u00f1ol, que brome\u00f3 al apuntar que \u00able he dicho a Estevao que lleve espinilleras en los entrenamientos porque tengo que practicar\u00bb su duelo con <strong>Lamine<\/strong>.<\/p>\n<p>Elogios al ausente Pedri<\/p>\n<p data-gtm-element-container=\"modulo-texto-link\" class=\"paragraph\">La baja de <strong>Pedri<\/strong> tambi\u00e9n fue comentada por <strong>Cucurella<\/strong> y el exazulgrana quiso dedicar grandes elogios para el canario, adem\u00e1s de desearle una pronta recuperaci\u00f3n.\u00a0<\/p>\n<p data-gtm-element-container=\"modulo-texto-link\" class=\"paragraph\">\u00abEl jugador que m\u00e1s me ha sorprendido es Pedri. Es un gran jugador, pero esta temporada estaba a un nivel impresionante. Es un jugador vital y es una l\u00e1stima esta lesi\u00f3n.  Es un jugador que siempre quiere el bal\u00f3n, nunca lo pierde. Para un equipo como el Bar\u00e7a es una pieza muy importante, pero tienen muchos buenos jugadores si no juega Pedri\u00bb, concluy\u00f3 <strong>Cucurella<\/strong>.<\/p>\n","protected":false},"excerpt":{"rendered":"Marc Cucurella vivir\u00e1 este martes (21.00 horas) un duelo \u00abmuy especial\u00bb contra el FC Barcelona en la Champions&hellip;\n","protected":false},"author":2,"featured_media":253949,"comment_status":"","ping_status":"","sticky":false,"template":"","format":"standard","meta":{"footnotes":""},"categories":[268],"tags":[168,25,24,280,282,281,23,167],"class_list":{"0":"post-253948","1":"post","2":"type-post","3":"status-publish","4":"format-standard","5":"has-post-thumbnail","7":"category-futbol","8":"tag-deportes","9":"tag-es","10":"tag-espana","11":"tag-football","12":"tag-futbol","13":"tag-soccer","14":"tag-spain","15":"tag-sports"},"share_on_mastodon":{"url":"https:\/\/pubeurope.com\/@es\/115606967124644725","error":""},"_links":{"self":[{"href":"https:\/\/www.europesays.com\/es\/wp-json\/wp\/v2\/posts\/253948","targetHints":{"allow":["GET"]}}],"collection":[{"href":"https:\/\/www.europesays.com\/es\/wp-json\/wp\/v2\/posts"}],"about":[{"href":"https:\/\/www.europesays.com\/es\/wp-json\/wp\/v2\/types\/post"}],"author":[{"embeddable":true,"href":"https:\/\/www.europesays.com\/es\/wp-json\/wp\/v2\/users\/2"}],"replies":[{"embeddable":true,"href":"https:\/\/www.europesays.com\/es\/wp-json\/wp\/v2\/comments?post=253948"}],"version-history":[{"count":0,"href":"https:\/\/www.europesays.com\/es\/wp-json\/wp\/v2\/posts\/253948\/revisions"}],"wp:featuredmedia":[{"embeddable":true,"href":"https:\/\/www.europesays.com\/es\/wp-json\/wp\/v2\/media\/253949"}],"wp:attachment":[{"href":"https:\/\/www.europesays.com\/es\/wp-json\/wp\/v2\/media?parent=253948"}],"wp:term":[{"taxonomy":"category","embeddable":true,"href":"https:\/\/www.europesays.com\/es\/wp-json\/wp\/v2\/categories?post=253948"},{"taxonomy":"post_tag","embeddable":true,"href":"https:\/\/www.europesays.com\/es\/wp-json\/wp\/v2\/tags?post=253948"}],"curies":[{"name":"wp","href":"https:\/\/api.w.org\/{rel}","templated":true}]}}