{"id":253950,"date":"2025-11-24T22:11:13","date_gmt":"2025-11-24T22:11:13","guid":{"rendered":"https:\/\/www.europesays.com\/es\/253950\/"},"modified":"2025-11-24T22:11:13","modified_gmt":"2025-11-24T22:11:13","slug":"negocios-y-vinculo-con-los-urdangarin","status":"publish","type":"post","link":"https:\/\/www.europesays.com\/es\/253950\/","title":{"rendered":"negocios y v\u00ednculo con los Urdangarin"},"content":{"rendered":"<p class=\"paragraph\">Roma tiene esa manera tan suya de recibir a quien llega: despacio, con luz suave y sin hacer ruido, hasta que un d\u00eda descubres que ya no quieres vivir en otro sitio. Eso fue lo que le ocurri\u00f3 a <b>Ana Aznar,<\/b> hija de Jos\u00e9 Mar\u00eda Aznar y de la exalcaldesa de Madrid, Ana Botella, cuando decidi\u00f3 dar un giro a su vida junto a su marido, <b>Alejandro Agag<\/b>, y sus cuatro hijos adolescentes (Alejandro, Rodrigo, Pelayo y Alonso). Tras m\u00e1s de dos d\u00e9cadas en Londres, la familia aterriz\u00f3 en <b>la capital italiana en 2022,<\/b> donde hoy disfruta de una etapa serena, muy familiar y repleta de nuevos proyectos.<\/p>\n<p class=\"paragraph\">Su historia p\u00fablica, sin embargo, empez\u00f3 mucho antes. Apenas ten\u00eda quince a\u00f1os cuando la llegada de su padre a La Moncloa en 1996 la situ\u00f3 de golpe en el foco medi\u00e1tico. A\u00f1os despu\u00e9s volvi\u00f3 a ser protagonista por su boda en el <b>Monasterio de El Escorial en 2002<\/b>, un enlace multitudinario que acapar\u00f3 titulares. Poco despu\u00e9s, Ana y Alejandro decidieron alejarse del ruido y marcharse al extranjero para comenzar una vida m\u00e1s discreta.<\/p>\n<p class=\"paragraph\">Londres fue el lugar donde desarroll\u00f3 su carrera profesional. Estudi\u00f3 Psicolog\u00eda, se especializ\u00f3 en infancia y obtuvo un doctorado en la<b> Universidad de Kingston. <\/b>M\u00e1s tarde trabaj\u00f3 como profesora e investigadora en distintas instituciones brit\u00e1nicas, centrando su trayectoria en el desarrollo emocional infantil y en c\u00f3mo acompa\u00f1ar a las familias. Ese recorrido la llev\u00f3 a fundar REC Parenting, una plataforma digital que ofrece recursos fiables para padres a trav\u00e9s de contenido experto, masterclasses y entrevistas. Su filosof\u00eda es simple y contundente: acompa\u00f1ar a los ni\u00f1os desde la cercan\u00eda y el sentido com\u00fan para formar adultos equilibrados.<\/p>\n<p class=\"c-detail__media__subtitle composite_image\">\n<p>        El expresidente del Gobierno, Jos\u00e9 Mar\u00eda Aznar, en la boda de su hija Ana\u00a9KORPA<\/p>\n<p class=\"paragraph\">Con frecuencia recuerda la importancia de la educaci\u00f3n que recibi\u00f3 en casa, especialmente ese sentimiento de apoyo constante que describe como \u00abun regalo para toda la vida\u00bb.<\/p>\n<p class=\"paragraph\">El gran giro lleg\u00f3 en 2022, cuando recibi\u00f3 la propuesta de incorporarse como profesora a<b> la John Cabot University,<\/b> una instituci\u00f3n estadounidense situada en pleno Trast\u00e9vere. Este barrio hist\u00f3rico, ubicado al otro lado del r\u00edo T\u00edber (de ah\u00ed su nombre, \u00abtras el T\u00edber\u00bb), es considerado por muchos como el m\u00e1s bonito de Roma. Sus calles estrechas, sus terrazas siempre llenas y sus fachadas ocre cubiertas de buganvillas crean una atm\u00f3sfera bohemia que atrapa a cualquiera. En ese entorno vibrante comenz\u00f3 a asentarse la nueva vida de la familia.<\/p>\n<p class=\"paragraph\">Instalada ya en la capital italiana, ejerce como profesora en el departamento de<b> Ciencias Psicol\u00f3gicas y Sociales,<\/b> donde imparte asignaturas de psicolog\u00eda infantil y desarrollo socioemocional. Tambi\u00e9n participa en proyectos centrados en crianza y bienestar familiar, e incluso en l\u00edneas de investigaci\u00f3n sobre psicolog\u00eda del cambio clim\u00e1tico, un campo emergente en el estudio del impacto emocional en ni\u00f1os y adolescentes. Parte de su trabajo ha sido publicado en revistas cient\u00edficas y medios especializados, reforzando su trayectoria como investigadora.<\/p>\n<p class=\"paragraph\">A todo ello se suma <b>REC Parenting, <\/b>la plataforma que cre\u00f3 para ofrecer orientaci\u00f3n fiable a familias y que contin\u00faa creciendo con usuarios de distintos pa\u00edses gracias a su enfoque pr\u00e1ctico y basado en evidencia. La combina con naturalidad con su labor docente, convirti\u00e9ndose en una extensi\u00f3n de su visi\u00f3n sobre la crianza. En m\u00e1s de una ocasi\u00f3n ha explicado que la ciudad italiana le parece un lugar ideal para criar a sus cuatro hijos: naturaleza accesible, vida en la calle, una cultura familiar muy acogedora y una historia que se respira de forma casi involuntaria.<\/p>\n<p class=\"paragraph\">Mientras tanto, su marido contin\u00faa ampliando su presencia en el<b> automovilismo sostenible.<\/b> Como creador de competiciones como F\u00f3rmula E, Extreme E y E1 Series, Agag se ha convertido en una figura clave en el desarrollo de tecnolog\u00edas el\u00e9ctricas aplicadas al deporte. Sus proyectos han atra\u00eddo a marcas internacionales, celebridades y familias reales, y cuentan incluso con la participaci\u00f3n de j\u00f3venes talentos espa\u00f1oles como <b>Juan Urdangarin<\/b>, hijo de la Infanta Cristina.<\/p>\n","protected":false},"excerpt":{"rendered":"Roma tiene esa manera tan suya de recibir a quien llega: despacio, con luz suave y sin hacer&hellip;\n","protected":false},"author":2,"featured_media":253951,"comment_status":"","ping_status":"","sticky":false,"template":"","format":"standard","meta":{"footnotes":""},"categories":[174],"tags":[255,146,147,25,24,256,23],"class_list":{"0":"post-253950","1":"post","2":"type-post","3":"status-publish","4":"format-standard","5":"has-post-thumbnail","7":"category-famosos","8":"tag-celebrities","9":"tag-entertainment","10":"tag-entretenimiento","11":"tag-es","12":"tag-espana","13":"tag-famosos","14":"tag-spain"},"share_on_mastodon":{"url":"https:\/\/pubeurope.com\/@es\/115606971074007040","error":""},"_links":{"self":[{"href":"https:\/\/www.europesays.com\/es\/wp-json\/wp\/v2\/posts\/253950","targetHints":{"allow":["GET"]}}],"collection":[{"href":"https:\/\/www.europesays.com\/es\/wp-json\/wp\/v2\/posts"}],"about":[{"href":"https:\/\/www.europesays.com\/es\/wp-json\/wp\/v2\/types\/post"}],"author":[{"embeddable":true,"href":"https:\/\/www.europesays.com\/es\/wp-json\/wp\/v2\/users\/2"}],"replies":[{"embeddable":true,"href":"https:\/\/www.europesays.com\/es\/wp-json\/wp\/v2\/comments?post=253950"}],"version-history":[{"count":0,"href":"https:\/\/www.europesays.com\/es\/wp-json\/wp\/v2\/posts\/253950\/revisions"}],"wp:featuredmedia":[{"embeddable":true,"href":"https:\/\/www.europesays.com\/es\/wp-json\/wp\/v2\/media\/253951"}],"wp:attachment":[{"href":"https:\/\/www.europesays.com\/es\/wp-json\/wp\/v2\/media?parent=253950"}],"wp:term":[{"taxonomy":"category","embeddable":true,"href":"https:\/\/www.europesays.com\/es\/wp-json\/wp\/v2\/categories?post=253950"},{"taxonomy":"post_tag","embeddable":true,"href":"https:\/\/www.europesays.com\/es\/wp-json\/wp\/v2\/tags?post=253950"}],"curies":[{"name":"wp","href":"https:\/\/api.w.org\/{rel}","templated":true}]}}