{"id":253954,"date":"2025-11-24T22:14:09","date_gmt":"2025-11-24T22:14:09","guid":{"rendered":"https:\/\/www.europesays.com\/es\/253954\/"},"modified":"2025-11-24T22:14:09","modified_gmt":"2025-11-24T22:14:09","slug":"el-hormiguero-la-metedura-de-pata-de-pablo-motos-con-alex-marquez-por-la-que-el-piloto-casi-se-marcha-me-ha-dolido","status":"publish","type":"post","link":"https:\/\/www.europesays.com\/es\/253954\/","title":{"rendered":"El Hormiguero: La metedura de pata de Pablo Motos con \u00c1lex M\u00e1rquez por la que el piloto casi se marcha: \u00abMe ha dolido\u00bb"},"content":{"rendered":"<p style=\"\">El pasado d\u00eda 11 de noviembre, <a href=\"https:\/\/www.abc.es\/play\/television\/noticias\/marc-marquez-20251111214832-nt.html\" target=\"_self\" data-voc-vtm-id=\"in-text-traffic\" title=\"Marc M\u00e1rquez celebraba en &#039;El Hormiguero&#039; su \u00faltima victoria en el Mundial de MotoGP.\" data-mrf-link=\"www.abc.es\" rel=\"nofollow noopener\">Marc M\u00e1rquez celebraba en &#8216;El Hormiguero&#8217; su \u00faltima victoria en el Mundial de MotoGP.<\/a> Este lunes 24, el &#8216;show&#8217; de las hormigas arranc\u00f3 la \u00faltima semana del mes con la visita de su hermano, subcampe\u00f3n del mundo en  &#8230; la categor\u00eda reina. Tras completar su mejor temporada con tres victorias y once podios, <a href=\"https:\/\/www.abc.es\/gente\/vida-personal-alex-marquez-novia-relacion-hermano-20251124200000-nt.html\" target=\"_self\" data-voc-vtm-id=\"in-text-traffic\" title=\"el piloto \u00c1lex M\u00e1rquez\" data-mrf-link=\"www.abc.es\" rel=\"nofollow noopener\">el piloto \u00c1lex M\u00e1rquez<\/a> se sent\u00f3 de nuevo con <strong>Pablo Moto<\/strong>s, esta vez en solitario para contarle todos los detalles.<\/p>\n<p class=\"voc-p\" style=\"\">La an\u00e9cdota de la noche, sin embargo, se produjo nada m\u00e1s entrar el catal\u00e1n en plat\u00f3. A punto estuvo de no hacerlo, confes\u00f3. Y es que el de Requena lo confundi\u00f3 con su hermano al repasar los invitados de la semana. M\u00e1rquez se hizo el indignado con Motos, que se arrodill\u00f3 para pedirle perd\u00f3n. \u00abNo tengo excusas, no seas cruel conmigo\u00bb, le rog\u00f3 el anfitri\u00f3n. <\/p>\n<p>\n La mejor temporada de \u00c1lex M\u00e1rquez\n<\/p>\n<p class=\"voc-p\" style=\"\">Pero el piloto lo hizo sufrir un poquito y, en broma, le ech\u00f3 en cara que casi no llega a entrar. \u00abEstaba ah\u00ed en la puerta y digo &#8216;ya otro d\u00eda&#8217;. Me ha dolido\u00bb. \u00abY lo entiendo. Es que t\u00fa y tu hermano est\u00e1is tan pegados que\u2026\u00bb, intent\u00f3 excusarse el presentador. Pero el subcampe\u00f3n de MotoGP todav\u00eda se hizo de rogar un poco y no le acept\u00f3 la justificaci\u00f3n. \u00abNada, la he cagado\u00bb, termin\u00f3 de asumir Motos. Tan apurado estaba, que Trancas y Barrancas intervinieron para mediar entre el invitado y el conductor de <strong>&#8216;El Hormiguero<\/strong>&#8216;, asegur\u00e1ndole a M\u00e1rquez que \u00ablo est\u00e1 pasando peor \u00e9l que t\u00fa\u00bb.<\/p>\n<p class=\"voc-p\" style=\"\">Corriendo un tupido velo al peque\u00f1o &#8216;enfado&#8217; de la visita, Motos le daba la enhorabuena y le preguntaba por sus sensaciones de la temporada. \u00abTodos est\u00e1bamos flipando mucho desde fuera de que los dos hermanos fueseis uno delante y otro detr\u00e1s\u00bb, comentaba. <\/p>\n<p class=\"voc-p\" style=\"\"><strong>\u00c1lex M\u00e1rquez<\/strong> reflexionaba acerca de que se ha visto \u00abmejor que nunca\u00bb. \u00abMucho mejor de lo que todo el mundo esperaba. El salto de un a\u00f1o a otro ha sido muy grande. Siempre digo que en este deporte no solo se trata del piloto, hacen falta muchos ingredientes para cocinar el a\u00f1o. Y este a\u00f1o todos los factores han sido perfectos\u00bb.<\/p>\n","protected":false},"excerpt":{"rendered":"El pasado d\u00eda 11 de noviembre, Marc M\u00e1rquez celebraba en &#8216;El Hormiguero&#8217; su \u00faltima victoria en el Mundial&hellip;\n","protected":false},"author":2,"featured_media":253955,"comment_status":"","ping_status":"","sticky":false,"template":"","format":"standard","meta":{"footnotes":""},"categories":[171],"tags":[2865,64066,146,147,25,24,3402,14482,28193,13882,618,28194,14725,23,214],"class_list":{"0":"post-253954","1":"post","2":"type-post","3":"status-publish","4":"format-standard","5":"has-post-thumbnail","7":"category-tv","8":"tag-alex","9":"tag-dolido","10":"tag-entertainment","11":"tag-entretenimiento","12":"tag-es","13":"tag-espana","14":"tag-marcha","15":"tag-marquez","16":"tag-metedura","17":"tag-motos","18":"tag-pablo","19":"tag-pata","20":"tag-piloto","21":"tag-spain","22":"tag-tv"},"share_on_mastodon":{"url":"https:\/\/pubeurope.com\/@es\/115606982935830296","error":""},"_links":{"self":[{"href":"https:\/\/www.europesays.com\/es\/wp-json\/wp\/v2\/posts\/253954","targetHints":{"allow":["GET"]}}],"collection":[{"href":"https:\/\/www.europesays.com\/es\/wp-json\/wp\/v2\/posts"}],"about":[{"href":"https:\/\/www.europesays.com\/es\/wp-json\/wp\/v2\/types\/post"}],"author":[{"embeddable":true,"href":"https:\/\/www.europesays.com\/es\/wp-json\/wp\/v2\/users\/2"}],"replies":[{"embeddable":true,"href":"https:\/\/www.europesays.com\/es\/wp-json\/wp\/v2\/comments?post=253954"}],"version-history":[{"count":0,"href":"https:\/\/www.europesays.com\/es\/wp-json\/wp\/v2\/posts\/253954\/revisions"}],"wp:featuredmedia":[{"embeddable":true,"href":"https:\/\/www.europesays.com\/es\/wp-json\/wp\/v2\/media\/253955"}],"wp:attachment":[{"href":"https:\/\/www.europesays.com\/es\/wp-json\/wp\/v2\/media?parent=253954"}],"wp:term":[{"taxonomy":"category","embeddable":true,"href":"https:\/\/www.europesays.com\/es\/wp-json\/wp\/v2\/categories?post=253954"},{"taxonomy":"post_tag","embeddable":true,"href":"https:\/\/www.europesays.com\/es\/wp-json\/wp\/v2\/tags?post=253954"}],"curies":[{"name":"wp","href":"https:\/\/api.w.org\/{rel}","templated":true}]}}