{"id":253956,"date":"2025-11-24T22:15:19","date_gmt":"2025-11-24T22:15:19","guid":{"rendered":"https:\/\/www.europesays.com\/es\/253956\/"},"modified":"2025-11-24T22:15:19","modified_gmt":"2025-11-24T22:15:19","slug":"me-iba-a-estudiar-por-la-manana-y-por-la-tarde-cantaba","status":"publish","type":"post","link":"https:\/\/www.europesays.com\/es\/253956\/","title":{"rendered":"Me iba a estudiar por la ma\u00f1ana y por la tarde cantaba"},"content":{"rendered":"<p id=\"eRhg5JQrta\" data-wc=\"88\">Confiesa que <strong>sus mejores canciones son aquellas que \u201cnunca sacar\u00e9\u201d<\/strong>. \u201cA veces pienso: es un temazo\u2026 pero digo demasiado y me abro much\u00edsimo\u201d, as\u00ed que <strong>Lola Tuduri\u00a0<\/strong>se las guarda para ella, aunque hay muchas otras -como <strong>Personaje secundario<\/strong>, su \u00faltimo single- que, para suerte de sus fans, se anima a publicar. Comenz\u00f3 a componer cuando apenas era una ni\u00f1a \u2013\u201cpoes\u00edas s\u00faper b\u00e1sicas, pero me encantaba escribir y que rimaran\u201d-, que ahora se han convertido en canciones con las que comienza a dar sus primeros pasos como artista.\u00a0<\/p>\n<p id=\"eK4OeKIott7\" data-wc=\"111\">A sus 21 a\u00f1os, a Lola le sobran tablas. <a class=\"hm-link ho-link\" href=\"https:\/\/www.hola.com\/actualidad\/20250912854656\/tamara-falco-inigo-onieva-cuando-cantar-rezar-dos-veces-fotos-ultimo-plan\/\" data-mrf-recirculation=\"article-body-link\" rel=\"nofollow noopener\" target=\"_blank\">Se present\u00f3 ante el gran p\u00fablico, por primera vez, en Vistalegre, como una de las voces de Hakuna<\/a>, uno de los grupos de moda de su generaci\u00f3n. \u201cPas\u00e9 de cantar en mi cuarto a hacerlo ah\u00ed\u2026 <strong>Me iba a estudiar por la ma\u00f1ana a la biblioteca y por la tarde cantaba en el Wizink Center\u00a0<\/strong>(ahora Movistar arena) con todos mis amigos, as\u00ed que nunca fue como \u2018impactante\u2019. No me lo tom\u00e9 en serio porque, realmente, mi vida no hab\u00eda cambiado como tal. Simplemente eran peque\u00f1os momentos en los que se abr\u00eda un camino\u201d. Uno que, sin duda, ya empieza a perfilarse.\u00a0<\/p>\n<p> <img src=\"https:\/\/www.europesays.com\/es\/wp-content\/uploads\/2025\/11\/eb4d0c0eaca2-ffjt5905r.jpg\"   width=\"682\" height=\"1024\" loading=\"lazy\" decoding=\"async\" alt=\"Lola Tuduri sentada en un sof\u00e1\" fetchpriority=\"auto\" class=\"image ho-image\"\/>\u00a9 FERNANDO JUNCOA sus 21 a\u00f1os, Lola empieza su carrera en solitario y no puede estar m\u00e1s emocionada<\/p>\n<p class=\"question-s1\" id=\"epukcNuDkm\" data-wc=\"9\"><strong>Cu\u00e9ntanos, Lola, c\u00f3mo empez\u00f3 todo esto de la m\u00fasica<\/strong><\/p>\n<p class=\"answer-s1\" id=\"enyESsNYsUK\" data-wc=\"91\">Yo creo que ha sido porque soy la peque\u00f1a de tres hermanos y siempre les ha encantado la m\u00fasica, sobre todo, a mi abuelo. Encima hubo una \u00e9poca en la que \u00e9l estuvo viviendo en casa, nos ense\u00f1aba mucho y cantaba. Mis hermanos aprend\u00edan a tocar la guitarra y yo, como hermana peque\u00f1a que quiere ser como ellos, les copi\u00e9 y aprend\u00ed tambi\u00e9n. De peque\u00f1a, me encantaba escribir poes\u00eda, y, al final, se mezcl\u00f3 ese amor que sent\u00eda por la poes\u00eda con la m\u00fasica. Al juntarlo, de ah\u00ed salieron las canciones.<\/p>\n<p class=\"question-s1\" id=\"ebQ-86Fwopq\" data-wc=\"9\"><strong>\u00bfY qu\u00e9 te han dicho tus padres, tus hermanos\u2026?<\/strong><\/p>\n<p class=\"answer-s1\" id=\"efLUIb4ptH5\" data-wc=\"55\">Est\u00e1n s\u00faper contentos. Mi hermano tambi\u00e9n tiene m\u00fasica en Spotify, entonces estamos un poco sincronizados en eso. Pero la verdad que siempre me he sentido muy acompa\u00f1ada por mi familia y me han dado, sobre todo, seguridad en m\u00ed misma, si no fuera por ellos seguramente nunca me hubiera atrevido a ense\u00f1ar lo que escribo.<\/p>\n<blockquote class=\"ho-bl-1081603 -no-figcaption\" cite=\"\">\n<p id=\"e43WxwCz1FL\">\u201cPas\u00e9 de cantar en mi cuarto a hacerlo en Vistalegre\u2026 Me iba a estudiar por la ma\u00f1ana a la biblioteca y por la tarde cantaba en el Wizink Center (ahora Movistar arena) con todos mis amigos, as\u00ed que nunca fue como &#8216;impactante\u00bb<\/p>\n<\/blockquote>\n<p class=\"question-s1\" id=\"eFvSZIx7j3q\" data-wc=\"3\"><strong>Y te apoyan<\/strong><\/p>\n<p class=\"answer-s1\" id=\"ew1NqLie33h\" data-wc=\"2\">S\u00ed, much\u00edsimo.<\/p>\n<p class=\"question-s1\" id=\"e68CGrioA7S\" data-wc=\"14\"><strong>\u00bfEn qu\u00e9 momento te diste cuenta de que hab\u00eda dejado de ser un hobby?\u00a0<\/strong><\/p>\n<p class=\"answer-s1\" id=\"evjIiL4rRTs\" data-wc=\"37\">Creo que a toda persona que le gusta la m\u00fasica, escribir, cantar\u2026 Imagina y sue\u00f1a con dedicarse a esto profesionalmente en alg\u00fan momento. Pienso que lo que nos faltan son oportunidades. <a class=\"hm-link ho-link\" href=\"https:\/\/www.hola.com\/actualidad\/20200923175921\/quien-es-maria-pelae-cantante-gt\/\" data-mrf-recirculation=\"article-body-link\" rel=\"nofollow noopener\" target=\"_blank\">Yo estudio adem\u00e1s una carrera, Medicina<\/a>\u2026<\/p>\n<p class=\"question-s1\" id=\"eRaavxZApkf\" data-wc=\"3\"><strong>Una carrera dura<\/strong><\/p>\n<p class=\"answer-s1\" id=\"eg-2WE9_Bh1\" data-wc=\"50\">\u00a1Ya! Estoy un poco mil\u2026 entonces, aunque sea a nivel profesional porque ahora tengo a gente que me ayuda, es como s\u00faper impactante. Para m\u00ed sigue siendo un hobby (entre comillas). Todo lo que sea m\u00fasica es felicidad. Es un escape en mi vida, m\u00e1s que una herramienta para trabajar.<\/p>\n<p> <img src=\"https:\/\/www.europesays.com\/es\/wp-content\/uploads\/2025\/11\/59097fa150f3-ffjt5942r.jpg\"   width=\"682\" height=\"1024\" loading=\"lazy\" decoding=\"async\" alt=\"Lola Tuduri en el estudio\" fetchpriority=\"auto\" class=\"image ho-image\"\/>\u00a9 FERNANDO JUNCO<\/p>\n<p class=\"question-s1\" id=\"e-R524XOoQw\" data-wc=\"21\"><strong>Entonces, imagino, que la m\u00fasica te aportar\u00e1 mucho en tu vida\u2026 Porque si es una v\u00eda de escape subirte al escenario<\/strong><\/p>\n<p class=\"answer-s1\" id=\"eiPaHH8Dt4Q\" data-wc=\"147\">Como Lola, me he subido bastante poco al escenario, pero las veces que lo he hecho, me gusta mucho porque, al final, hablando de forma personal, a veces cuesta mucho decir lo que llevas dentro. Aunque t\u00fa escribas una canci\u00f3n por un motivo, luego la puedes cantar por cien distintos. Cada vez que sales ah\u00ed, para m\u00ed, tambi\u00e9n es una forma de decir algo que igual estoy sintiendo en ese momento, que no he sido capaz de dec\u00edrselo a nadie o de verbalizarlo, que ni siquiera s\u00e9 qu\u00e9 es. Es como soltarlo y encima ver que est\u00e1n ah\u00ed mis amigas, mis padres, mis hermanos\u2026 <a class=\"hm-link ho-link\" href=\"https:\/\/www.hola.com\/viajes\/20250619838667\/los-mejores-festivales-de-musica-espana-verano-2025\/\" data-mrf-recirculation=\"article-body-link\" rel=\"nofollow noopener\" target=\"_blank\">En todos mis conciertos est\u00e1 la gente que me rodea en mi d\u00eda a d\u00eda<\/a>, apoy\u00e1ndome, que me quieren (y que yo quiero un mont\u00f3n). Ver que es un motivo de uni\u00f3n para la gente que quiero es lo que m\u00e1s me llena.\u00a0<\/p>\n<p class=\"question-s1\" id=\"eu2fNtxU90a\" data-wc=\"17\"><strong>Y ahora has iniciado tu carrera en solitario y est\u00e1s a tope con tu canci\u00f3n, Personaje secundario<\/strong><\/p>\n<p class=\"answer-s1\" id=\"eUMnf9w2R5C\" data-wc=\"56\">Est\u00e1 teniendo muy buena acogida, la verdad. Adem\u00e1s, la sacamos justo un d\u00eda antes de ir al Jard\u00edn de las Delicias, para que la gente pudiera sab\u00e9rsela y ha ido muy bien. Adem\u00e1s, me gusta mucho el mensaje que da. A veces, me escriben personas para decirme que han vivido eso\u2026 Mola porque te sientes comprendida.\u00a0<\/p>\n<p class=\"question-s1\" id=\"egPqr6AwDXs\" data-wc=\"8\"><strong>\u00bfQu\u00e9 te inspira a la hora de componer?<\/strong><\/p>\n<p class=\"answer-s1\" id=\"eH8uTi3YIQK\" data-wc=\"69\">Pienso que vivir\u2026 No dejar que las cosas pasen superficialmente por mi vida. Al final, todo lo que me pase, tanto lo bueno como lo malo, tiene su parte positiva y negativa, pero dejo que me empape mucho. Lo que m\u00e1s me inspira es eso e intentar expresar lo que est\u00e1 dentro. Sobre todo, rodearme de personas a las que me quedar\u00eda mirando diez horas porque son muy incre\u00edbles.<\/p>\n<blockquote class=\"ho-bl-1081603 -no-figcaption\" cite=\"\">\n<p id=\"eynblkHAzEkj\">\u00abEstoy preparando un disco, escribiendo y me estoy juntando con gente a la que admiro mucho, entonces est\u00e1n saliendo cosas y letras muy guays, tengo muchas ganas de sacarlas\u00bb<\/p>\n<\/blockquote>\n<p class=\"question-s1\" id=\"eB45KTPkhfw-\" data-wc=\"18\"><strong>Volviendo al Jard\u00edn de las Delicias, que es un festival de m\u00fasica muy importante, \u00bfsentiste algo de v\u00e9rtigo?<\/strong><\/p>\n<p class=\"answer-s1\" id=\"ebJ8z1rfu7Gg\" data-wc=\"71\">La verdad es que s\u00ed. Bueno, como en mi banda est\u00e1n todas las personas que quiero, estuve s\u00faper arropada, tambi\u00e9n con el equipo de Warner. \u00a1Me lo pas\u00e9 superbi\u00e9n! Obviamente, estaba muy nerviosa, pero los nervios tambi\u00e9n son buenos, y fue un sue\u00f1o\u2026 Estuve todo el verano diciendo: alg\u00fan d\u00eda me ir\u00e9 a dormir y dir\u00e9 \u2018ma\u00f1ana canto en el Jard\u00edn\u2019, \u00bfsabes? Y, cuando lleg\u00f3 ese d\u00eda fue como: \u00a1Qu\u00e9 fuerte!<\/p>\n<p class=\"question-s1\" id=\"eBnG8mTwk-yN\" data-wc=\"9\"><strong>Antes de la entrevista comentabas que hab\u00eda alguna sorpresilla\u2026<\/strong><\/p>\n<p class=\"answer-s1\" id=\"eygNZbDfniRE\" data-wc=\"61\">S\u00ed, estoy preparando un disco. Estoy escribiendo y me estoy juntando con gente a la que admiro mucho, entonces est\u00e1n saliendo cosas y letras muy guays, tengo muchas ganas de sacarlas, pero, bueno, la m\u00fasica va lenta (se r\u00ede). Antes de que acabe el a\u00f1o, saldr\u00e1 otro single (ya desvelar\u00e9 cu\u00e1l) y formar\u00e1 parte de ese proyecto que saldr\u00e1 en 2026. \u00a0<\/p>\n<p class=\"question-s1\" id=\"eqQ2iL1EK86V\" data-wc=\"18\"><strong>\u00bfCu\u00e1les son esos artistas que admiras y con los que te gustar\u00eda colaborar, que has admirado desde peque\u00f1a?<\/strong><\/p>\n<p class=\"answer-s1\" id=\"ev0JlMAG4kjb\" data-wc=\"48\">Mira, a m\u00ed, desde peque\u00f1a, me encanta Manuel Carrasco. He descubierto ahora tambi\u00e9n a Carlos Ares (te lo recomiendo) y, bueno, obviamente Leiva. \u00a1Me morir\u00eda porque me encanta! Colaborar\u00eda con ellos al 100% o con Malm\u00f6, que los conozco. Me encantar\u00eda hacer una canci\u00f3n con ellos alg\u00fan d\u00eda.<\/p>\n<p> <img src=\"https:\/\/www.europesays.com\/es\/wp-content\/uploads\/2025\/11\/d69509c9b6c3-ffjt5953-2r.jpg\"   width=\"682\" height=\"1024\" loading=\"lazy\" decoding=\"async\" alt=\"Lola Tuduri tocando la guitarra\" fetchpriority=\"auto\" class=\"image ho-image\"\/>\u00a9 FERNANDO JUNCO<\/p>\n<p> <img src=\"https:\/\/www.europesays.com\/es\/wp-content\/uploads\/2025\/11\/f638710a5c60-ffjt5956r.jpg\"   width=\"682\" height=\"1024\" loading=\"lazy\" decoding=\"async\" alt=\"Lola Tuduri tocando la guitarra en una foto m\u00e1s oscura\" fetchpriority=\"auto\" class=\"image ho-image\"\/>\u00a9 FERNANDO JUNCO<\/p>\n<p class=\"question-s1\" id=\"e-NLpW_iHeH6\" data-wc=\"5\"><strong>\u00bfQu\u00e9 sue\u00f1o tienes por cumplir?\u00a0<\/strong><\/p>\n<p class=\"answer-s1\" id=\"e9z0_21wo5lX\" data-wc=\"71\">A ver, es que ahora mismo mi sue\u00f1o as\u00ed a largo plazo ser\u00eda dar un concierto, con eso me conformar\u00eda, o con llenar una Riviera, aparte de todo el tema de llegar a la gente, que mis canciones hagan que tu d\u00eda sea un poco mejor. La gente es s\u00faper maja, la verdad, se abre y te cuenta bastante de su vida y est\u00e1 muy bien porque no te sientes solo.<\/p>\n<p class=\"question-s1\" id=\"eoI0daGHd_2B\" data-wc=\"17\"><strong>Ahora est\u00e1s entre estos dos mundos, la medicina y la m\u00fasica, de momento, \u00bfte planteas seguir compagin\u00e1ndolo?\u00a0<\/strong><\/p>\n<p class=\"answer-s1\" id=\"eJsWIXgTgPj7\" data-wc=\"2\">S\u00ed, s\u00ed<\/p>\n<p class=\"question-s1\" id=\"er_aaln3fLVR\" data-wc=\"5\"><strong>\u00bfY no te vuelves loca?<\/strong><\/p>\n<p class=\"answer-s1\" id=\"eqVVfUh4eIwn\" data-wc=\"73\">Me vuelvo s\u00faper loca (se r\u00ede) Loca, enti\u00e9ndeme, entre comillas y de broma. Es verdad que yo me doy cuenta de que la clave es como no pensar tanto en lo que va a pasar en el futuro y tal, sino despertarme e ir d\u00eda a d\u00eda: hoy tengo esto y esto\u2026 Ir compagin\u00e1ndolo todo porque parece que no se puede y s\u00ed. Adem\u00e1s, estoy en quinto, y todav\u00eda me queda el MIR.<\/p>\n<blockquote class=\"ho-bl-1081603 -no-figcaption\" cite=\"\">\n<p id=\"eVR5rOFDiwb5\">\u00abMe vuelvo s\u00faper &#8216;loca\u00bb, nos confiesa Lola, que compagina sus estudios de Medicina con su carrera en la m\u00fasica: \u00abEstoy en quinto y todav\u00eda me queda el MIR\u00bb<\/p>\n<\/blockquote>\n<p class=\"question-s1\" id=\"e9pTWpbC5kB8\" data-wc=\"14\"><strong>Pero imagino que tus padres y tus hermanos se sentir\u00e1n s\u00faper orgullosos de ti<\/strong><\/p>\n<p class=\"answer-s1\" id=\"e5c-1EVin3nR\" data-wc=\"11\">S\u00ed, la verdad es que s\u00ed. Mis padres son los mejores.<\/p>\n<p class=\"question-s1\" id=\"e0Ry5ppbahn4\" data-wc=\"10\"><strong>\u00bfSientes algo de presi\u00f3n de sacar este proyecto en 2026?<\/strong><\/p>\n<p class=\"answer-s1\" id=\"ec1Gwjmj8mAa\" data-wc=\"71\">No siento presi\u00f3n porque tenemos tantas cosas que sacar\u2026 Adem\u00e1s, llevo escribiendo desde que era enana y todav\u00eda tengo much\u00edsimas cosas que me encantar\u00eda lanzar. La presi\u00f3n es porque igual no hay tiempo, pero s\u00ed que hay contenido. \u00a0O sea, si yo adem\u00e1s llevo escribiendo desde que era enana, \u00bfsabes? Todav\u00eda tengo much\u00edsimas cosas que me encantar\u00eda sacar. Entonces presi\u00f3n, a nivel, igual no hay tiempo, pero s\u00ed que hay contenido.<\/p>\n<p> <img src=\"https:\/\/www.europesays.com\/es\/wp-content\/uploads\/2025\/11\/cef767a6ab2d-ffjt6042r.jpg\"   width=\"682\" height=\"1024\" loading=\"lazy\" decoding=\"async\" alt=\"Lola Tuduri posando sobre una pared blanca\" fetchpriority=\"auto\" class=\"image ho-image\"\/>\u00a9 FERNANDO JUNCO<\/p>\n<p> <img src=\"https:\/\/www.europesays.com\/es\/wp-content\/uploads\/2025\/11\/8a930fc0cb0d-ffjt5985r.jpg\"   width=\"1024\" height=\"682\" loading=\"lazy\" decoding=\"async\" alt=\"La cantante Lola Tuduri tocando una guitarra\" fetchpriority=\"auto\" class=\"image ho-image\"\/>\u00a9 FERNANDO JUNCO<\/p>\n","protected":false},"excerpt":{"rendered":"Confiesa que sus mejores canciones son aquellas que \u201cnunca sacar\u00e9\u201d. \u201cA veces pienso: es un temazo\u2026 pero digo&hellip;\n","protected":false},"author":2,"featured_media":253957,"comment_status":"","ping_status":"","sticky":false,"template":"","format":"standard","meta":{"footnotes":""},"categories":[170],"tags":[517,146,147,25,24,184,185,23],"class_list":{"0":"post-253956","1":"post","2":"type-post","3":"status-publish","4":"format-standard","5":"has-post-thumbnail","7":"category-musica","8":"tag-actualidad","9":"tag-entertainment","10":"tag-entretenimiento","11":"tag-es","12":"tag-espana","13":"tag-music","14":"tag-musica","15":"tag-spain"},"share_on_mastodon":{"url":"https:\/\/pubeurope.com\/@es\/115606987550537699","error":""},"_links":{"self":[{"href":"https:\/\/www.europesays.com\/es\/wp-json\/wp\/v2\/posts\/253956","targetHints":{"allow":["GET"]}}],"collection":[{"href":"https:\/\/www.europesays.com\/es\/wp-json\/wp\/v2\/posts"}],"about":[{"href":"https:\/\/www.europesays.com\/es\/wp-json\/wp\/v2\/types\/post"}],"author":[{"embeddable":true,"href":"https:\/\/www.europesays.com\/es\/wp-json\/wp\/v2\/users\/2"}],"replies":[{"embeddable":true,"href":"https:\/\/www.europesays.com\/es\/wp-json\/wp\/v2\/comments?post=253956"}],"version-history":[{"count":0,"href":"https:\/\/www.europesays.com\/es\/wp-json\/wp\/v2\/posts\/253956\/revisions"}],"wp:featuredmedia":[{"embeddable":true,"href":"https:\/\/www.europesays.com\/es\/wp-json\/wp\/v2\/media\/253957"}],"wp:attachment":[{"href":"https:\/\/www.europesays.com\/es\/wp-json\/wp\/v2\/media?parent=253956"}],"wp:term":[{"taxonomy":"category","embeddable":true,"href":"https:\/\/www.europesays.com\/es\/wp-json\/wp\/v2\/categories?post=253956"},{"taxonomy":"post_tag","embeddable":true,"href":"https:\/\/www.europesays.com\/es\/wp-json\/wp\/v2\/tags?post=253956"}],"curies":[{"name":"wp","href":"https:\/\/api.w.org\/{rel}","templated":true}]}}