{"id":253960,"date":"2025-11-24T22:17:16","date_gmt":"2025-11-24T22:17:16","guid":{"rendered":"https:\/\/www.europesays.com\/es\/253960\/"},"modified":"2025-11-24T22:17:16","modified_gmt":"2025-11-24T22:17:16","slug":"la-superliga-pone-en-marcha-la-demanda-multimillonaria-contra-la-uefa","status":"publish","type":"post","link":"https:\/\/www.europesays.com\/es\/253960\/","title":{"rendered":"La Superliga pone en marcha la demanda multimillonaria contra la UEFA"},"content":{"rendered":"<p class=\"voc-p\" style=\"\">Como filtr\u00f3 hace dos semanas el Real Madrid y como confirm\u00f3 el propio presidente blanco en la Asamblea de este pasado domingo, la Superliga ha activa una demanda multimillonaria contra la UEFA en la que le piensa reclamar m\u00e1s de 4.000 millones de euros: \u00ab &#8230; <strong>A22 Sports Management<\/strong> (\u00abA22\u00bb) anuncia que el pasado 21 de noviembre inici\u00f3 los tr\u00e1mites preceptivos de MASC (Medios Adecuados de Soluci\u00f3n de Controversias), conforme a la legislaci\u00f3n procesal espa\u00f1ola, como paso previo a la interposici\u00f3n de una demanda judicial contra la UEFA. El objeto de dicha acci\u00f3n es reclamar una indemnizaci\u00f3n por los da\u00f1os y perjuicios sufridos a consecuencia del abuso de posici\u00f3n de dominio de la UEFA como operador monopol\u00edstico en el mercado de las competiciones europeas de clubes de f\u00fatbol\u00bb.<\/p>\n<p class=\"voc-p\" style=\"\">A22 ha hecho p\u00fablico un comunicado en el que desmenuza lo sucedido en el el \u00faltimo a\u00f1o y lamenta que las distintas reuniones con la UEFA no hayan llegado a buen puerto: \u00abEn diciembre de 2024, A22 solicit\u00f3 formalmente a la UEFA el reconocimiento de la Liga Unify, su propuesta para nuevas competiciones europeas. Dicha solicitud se ajustaba plenamente a los requisitos establecidos por la sentencia del <strong>TJUE<\/strong>. Posteriormente, A22 entabl\u00f3 negociaciones de buena fe con la UEFA durante siete meses (entre marzo y septiembre de 2025) en un esfuerzo por acordar una soluci\u00f3n integral y cooperativa a los litigios en curso. Durante estas negociaciones, A22 realiz\u00f3 importantes concesiones para acercar posturas, centradas en tres ejes cr\u00edticos: un formato mejorado, una gobernanza modernizada y la implementaci\u00f3n de la plataforma de streaming Unify, con el fin de ofrecer una mayor asequibilidad y tecnolog\u00eda de vanguardia a los aficionados que siguen los partidos desde casa. Pese a estos compromisos sustanciales, no se alcanz\u00f3 acuerdo alguno. En consecuencia, la \u00fanica v\u00eda procedente en este momento es exigir la compensaci\u00f3n por los da\u00f1os sufridos derivados de la conducta il\u00edcita continuada de la UEFA\u00bb.<\/p>\n<p class=\"voc-p\" style=\"\">A22 asegura que el fallo del <strong>TJUE<\/strong> exigi\u00f3 a la UEFA la apertura del mercado a terceros organizadores, tales como A22. Y que luego ha habido dos m\u00e1s, pero el organismo no ha dado su brazo a torcer: \u00abA pesar de las sentencias firmes de tres instancias judiciales europeas \u2014incluyendo el TJUE y la Audiencia Provincial en Espa\u00f1a\u2014, la UEFA mantiene vigentes normativas y pr\u00e1cticas que contravienen directamente dichas decisiones judiciales. Esto incluye nuevas reglas introducidas en 2024, posteriores a la hist\u00f3rica sentencia del TJUE. Al desafiar estos fallos, la UEFA se enfrenta ahora a un escenario de significativas reclamaciones patrimoniales tanto por parte de los clubes como de A22\u00bb.<\/p>\n<p>\nArt\u00edculo solo para suscriptores\n<\/p>\n<p>Reportar un error<\/p>\n","protected":false},"excerpt":{"rendered":"Como filtr\u00f3 hace dos semanas el Real Madrid y como confirm\u00f3 el propio presidente blanco en la Asamblea&hellip;\n","protected":false},"author":2,"featured_media":253961,"comment_status":"","ping_status":"","sticky":false,"template":"","format":"standard","meta":{"footnotes":""},"categories":[93],"tags":[6386,168,25,24,3402,58432,1150,23,167,20056,6674],"class_list":{"0":"post-253960","1":"post","2":"type-post","3":"status-publish","4":"format-standard","5":"has-post-thumbnail","7":"category-deportes","8":"tag-demanda","9":"tag-deportes","10":"tag-es","11":"tag-espana","12":"tag-marcha","13":"tag-multimillonaria","14":"tag-pone","15":"tag-spain","16":"tag-sports","17":"tag-superliga","18":"tag-uefa"},"share_on_mastodon":{"url":"https:\/\/pubeurope.com\/@es\/115606994676908163","error":""},"_links":{"self":[{"href":"https:\/\/www.europesays.com\/es\/wp-json\/wp\/v2\/posts\/253960","targetHints":{"allow":["GET"]}}],"collection":[{"href":"https:\/\/www.europesays.com\/es\/wp-json\/wp\/v2\/posts"}],"about":[{"href":"https:\/\/www.europesays.com\/es\/wp-json\/wp\/v2\/types\/post"}],"author":[{"embeddable":true,"href":"https:\/\/www.europesays.com\/es\/wp-json\/wp\/v2\/users\/2"}],"replies":[{"embeddable":true,"href":"https:\/\/www.europesays.com\/es\/wp-json\/wp\/v2\/comments?post=253960"}],"version-history":[{"count":0,"href":"https:\/\/www.europesays.com\/es\/wp-json\/wp\/v2\/posts\/253960\/revisions"}],"wp:featuredmedia":[{"embeddable":true,"href":"https:\/\/www.europesays.com\/es\/wp-json\/wp\/v2\/media\/253961"}],"wp:attachment":[{"href":"https:\/\/www.europesays.com\/es\/wp-json\/wp\/v2\/media?parent=253960"}],"wp:term":[{"taxonomy":"category","embeddable":true,"href":"https:\/\/www.europesays.com\/es\/wp-json\/wp\/v2\/categories?post=253960"},{"taxonomy":"post_tag","embeddable":true,"href":"https:\/\/www.europesays.com\/es\/wp-json\/wp\/v2\/tags?post=253960"}],"curies":[{"name":"wp","href":"https:\/\/api.w.org\/{rel}","templated":true}]}}