{"id":253962,"date":"2025-11-24T22:18:15","date_gmt":"2025-11-24T22:18:15","guid":{"rendered":"https:\/\/www.europesays.com\/es\/253962\/"},"modified":"2025-11-24T22:18:15","modified_gmt":"2025-11-24T22:18:15","slug":"la-fundacion-eco-denuncia-la-reduccion-del-20-en-el-presupuesto-para-el-plan-europeo-de-lucha-contra-el-cancer","status":"publish","type":"post","link":"https:\/\/www.europesays.com\/es\/253962\/","title":{"rendered":"La Fundaci\u00f3n ECO denuncia la reducci\u00f3n del 20% en el presupuesto para el Plan Europeo de Lucha contra el C\u00e1ncer"},"content":{"rendered":"<p>            <a href=\"https:\/\/gacetamedica.com\/wp-content\/uploads\/2025\/11\/91191744-scaled.jpg\" data-caption=\"\" rel=\"nofollow noopener\" target=\"_blank\"><img loading=\"lazy\" decoding=\"async\" width=\"696\" height=\"367\" class=\"entry-thumb td-modal-image\" src=\"https:\/\/www.europesays.com\/es\/wp-content\/uploads\/2025\/11\/91191744-696x367.jpg\"   alt=\"\" title=\"\"\/><\/a><\/p>\n<p>La Fundaci\u00f3n ECO ha hecho p\u00fablico un comunicado para trasladar su inquietud por la reducci\u00f3n de una quinta parte del presupuesto para el Plan Europeo de Lucha contra el C\u00e1ncer. Denuncian que \u00abesta medida <strong>supone un retroceso sanitario y social<\/strong> de gran calado en un momento en el que la sociedad europea afronta un aumento sostenido de la incidencia del c\u00e1ncer, persistentes desigualdades en el acceso al diagn\u00f3stico y al tratamiento, y la necesidad de consolidar investigaciones e innovaciones que est\u00e1n transformando la atenci\u00f3n oncol\u00f3gica\u00bb.<\/p>\n<p>Adem\u00e1s, el Plan Europeo de Lucha contra el C\u00e1ncer \u00abno solo es clave para la atenci\u00f3n cl\u00ednica personalizada en el \u00e1mbito diagn\u00f3stico-terap\u00e9utico, sino que <strong>constituye una plataforma esencial para la prevenci\u00f3n y la salud p\u00fablica, el cribado y la detecci\u00f3n precoz<\/strong>, as\u00ed como para mejorar la calidad asistencial, la rehabilitaci\u00f3n y la calidad de vida a nivel individual y comunitario\u00bb.<\/p>\n<p>\u201cCualquier reducci\u00f3n en la inversi\u00f3n prevista<strong> pone en riesgo los avances logrados y limita la capacidad de responder<\/strong> eficazmente a uno de los principales desaf\u00edos sanitarios del continente. El compromiso pol\u00edtico y financiero con la lucha contra el c\u00e1ncer no es solo una responsabilidad sanitaria, sino tambi\u00e9n un <strong>imperativo social y econ\u00f3mico<\/strong> que no admite demoras\u201d, afirma<strong> Jes\u00fas Garc\u00eda-Foncillas<\/strong>,<br \/>presidente de la Fundaci\u00f3n ECO.<\/p>\n<p>El c\u00e1ncer constituye una prioridad de salud p\u00fablica en Europa, con <strong>millones de nuevos diagn\u00f3sticos cada a\u00f1o y un impacto creciente en t\u00e9rminos de mortalidad, discapacidad y costes sociales<\/strong>. Ante esta realidad, la inversi\u00f3n en prevenci\u00f3n, detecci\u00f3n precoz, tratamiento y supervivencia ha demostrado mejorar los resultados cl\u00ednicos y generar beneficios sostenidos para los sistemas sanitarios.<\/p>\n<p>Las actuaciones de prevenci\u00f3n primaria (desde el control del tabaquismo y del consumo de alcohol, hasta la promoci\u00f3n de estilos de vida saludables y la reducci\u00f3n de exposiciones ambientales carcin\u00f3genas) constituyen uno de los pilares del Plan Europeo de Lucha contra el C\u00e1ncer y han demostrado ser altamente coste-efectivas para los sistemas sanitarios.<\/p>\n<p>Del mismo modo, el <strong>apoyo firme a la investigaci\u00f3n y la innovaci\u00f3n es esencial<\/strong> para que Europa mantenga su liderazgo en terapias avanzadas, medicina de precisi\u00f3n, ensayos cl\u00ednicos y desarrollo de nuevas estrategias diagn\u00f3sticas y terap\u00e9uticas. La estabilidad presupuestaria es clave para consolidar estos avances y ofrecer garant\u00edas a pacientes, profesionales e instituciones comprometidos con mejorar la vida de quienes se enfrentan a esta enfermedad.<\/p>\n<p>\u201cEl recorte anunciado no solo compromete la capacidad de los Estados miembro para desplegar las medidas de prevenci\u00f3n, promoci\u00f3n de la salud y control del c\u00e1ncer previstas en el Plan, sino que tambi\u00e9n <strong>limita el fortalecimiento de los sistemas sanitarios y de salud p\u00fablica para reducir desigualdades<\/strong>. Adem\u00e1s, env\u00eda un mensaje muy preocupante a la comunidad cient\u00edfica, asistencial y de salud p\u00fablica, que ha demostrado el valor de las pol\u00edticas coordinadas a escala europea no solo para el control del c\u00e1ncer, sino para reforzar la resiliencia de nuestros sistemas sanitarios frente a futuras crisis. Europa no puede permitirse dar un paso atr\u00e1s en un \u00e1mbito en el que, adem\u00e1s, ejerce un liderazgo de referencia a nivel global\u201d, apunta<strong> Jos\u00e9 Mar\u00eda Mart\u00edn-Moreno<\/strong>, director de Pol\u00edticas Sanitarias Europeas y Globales de la Fundaci\u00f3n ECO.<\/p>\n<p>Por todo ello, desde la Fundaci\u00f3n ECO instamos a las instituciones europeas a reconsiderar esta decisi\u00f3n y a mantener \u00edntegro el compromiso adquirido con los pacientes oncol\u00f3gicos y con la sociedad en su conjunto. La <strong>lucha contra el c\u00e1ncer requiere continuidad y una financiaci\u00f3n acorde con la magnitud del desaf\u00edo<\/strong>; renunciar a ello implica aceptar un escenario en el que la innovaci\u00f3n avanza de forma desigual. Europa necesita pol\u00edticas de salud capaces de situar a las personas en el centro, reducir desigualdades y proteger la sostenibilidad de los sistemas sanitarios. El Plan Europeo de Lucha contra el C\u00e1ncer es una<strong> herramienta estrat\u00e9gica para lograr estos objetivos<\/strong>, y su financiaci\u00f3n debe reflejar esa relevancia.<\/p>\n<p>Bajo estas premisas, la Fundaci\u00f3n ECO reafirma su <strong>compromiso de colaboraci\u00f3n con las autoridades europeas, nacionales y auton\u00f3micas<\/strong> para fortalecer las pol\u00edticas de control del c\u00e1ncer y garantizar que cada paciente reciba la mejor atenci\u00f3n posible. El c\u00e1ncer, <strong>punta de lanza de la lucha frente a otras enfermedades cr\u00f3nicas<\/strong> como las cardiovasculares, respiratorias o la diabetes, exige proteger y reforzar el presupuesto destinado a su control, una responsabilidad institucional que condicionar\u00e1 el futuro de millones de ciudadanos europeos.<\/p>\n<p><strong>Tambi\u00e9n te puede interesar\u2026<\/strong><\/p>\n","protected":false},"excerpt":{"rendered":"La Fundaci\u00f3n ECO ha hecho p\u00fablico un comunicado para trasladar su inquietud por la reducci\u00f3n de una quinta&hellip;\n","protected":false},"author":2,"featured_media":253963,"comment_status":"","ping_status":"","sticky":false,"template":"","format":"standard","meta":{"footnotes":""},"categories":[92],"tags":[25,24,165,166,23],"class_list":{"0":"post-253962","1":"post","2":"type-post","3":"status-publish","4":"format-standard","5":"has-post-thumbnail","7":"category-salud","8":"tag-es","9":"tag-espana","10":"tag-health","11":"tag-salud","12":"tag-spain"},"share_on_mastodon":{"url":"https:\/\/pubeurope.com\/@es\/115606999043469077","error":""},"_links":{"self":[{"href":"https:\/\/www.europesays.com\/es\/wp-json\/wp\/v2\/posts\/253962","targetHints":{"allow":["GET"]}}],"collection":[{"href":"https:\/\/www.europesays.com\/es\/wp-json\/wp\/v2\/posts"}],"about":[{"href":"https:\/\/www.europesays.com\/es\/wp-json\/wp\/v2\/types\/post"}],"author":[{"embeddable":true,"href":"https:\/\/www.europesays.com\/es\/wp-json\/wp\/v2\/users\/2"}],"replies":[{"embeddable":true,"href":"https:\/\/www.europesays.com\/es\/wp-json\/wp\/v2\/comments?post=253962"}],"version-history":[{"count":0,"href":"https:\/\/www.europesays.com\/es\/wp-json\/wp\/v2\/posts\/253962\/revisions"}],"wp:featuredmedia":[{"embeddable":true,"href":"https:\/\/www.europesays.com\/es\/wp-json\/wp\/v2\/media\/253963"}],"wp:attachment":[{"href":"https:\/\/www.europesays.com\/es\/wp-json\/wp\/v2\/media?parent=253962"}],"wp:term":[{"taxonomy":"category","embeddable":true,"href":"https:\/\/www.europesays.com\/es\/wp-json\/wp\/v2\/categories?post=253962"},{"taxonomy":"post_tag","embeddable":true,"href":"https:\/\/www.europesays.com\/es\/wp-json\/wp\/v2\/tags?post=253962"}],"curies":[{"name":"wp","href":"https:\/\/api.w.org\/{rel}","templated":true}]}}