{"id":253966,"date":"2025-11-24T22:20:09","date_gmt":"2025-11-24T22:20:09","guid":{"rendered":"https:\/\/www.europesays.com\/es\/253966\/"},"modified":"2025-11-24T22:20:09","modified_gmt":"2025-11-24T22:20:09","slug":"samsung-anuncia-black-friday-con-descuentos-de-hasta-45-en-productos-con-inteligencia-artificial-samsung-newsroom-colombia","status":"publish","type":"post","link":"https:\/\/www.europesays.com\/es\/253966\/","title":{"rendered":"Samsung anuncia Black Friday con descuentos de hasta 45% en productos con inteligencia artificial \u2013 Samsung Newsroom Colombia"},"content":{"rendered":"<p>                Los beneficios estar\u00e1n disponibles en las plataformas oficiales de la marca<\/p>\n<p style=\"font-weight: 400;\">Samsung anuncia su campa\u00f1a de Black Friday, que llega con ofertas imperdibles en productos con inteligencia artificial y beneficios exclusivos para quienes buscan innovaci\u00f3n y practicidad. Bajo el concepto descuentos grandes, ahorros gigantes, la marca ofrece descuentos de <strong>hasta 45%<\/strong> y oportunidades exclusivas. Esta es una invitaci\u00f3n para que los consumidores descubran c\u00f3mo los dispositivos de la marca combinan tecnolog\u00eda inteligente de vanguardia, desempe\u00f1o y dise\u00f1o premium.<\/p>\n<p>\u00a0<\/p>\n<p style=\"font-weight: 400;\">Las condiciones especiales est\u00e1n disponibles en todas las plataformas oficiales de Samsung, incluyendo su sitio web <a href=\"https:\/\/www.samsung.com\/co\/offer\/black-friday\/\" rel=\"nofollow noopener\" target=\"_blank\">Samsung.com\/co\/offer\/black-friday\/<\/a> , la <a href=\"https:\/\/www.samsung.com\/co\/apps\/samsung-shop-app\/\" rel=\"nofollow noopener\" target=\"_blank\">aplicaci\u00f3n Samsung Shop<\/a> y el <a href=\"https:\/\/www.samsung.com\/co\/students-offers\/\" rel=\"nofollow noopener\" target=\"_blank\">portal para estudiantes<\/a>.<\/p>\n<p>\u00a0<\/p>\n<p style=\"font-weight: 400;\">Entre los principales dispositivos se destacan los smartphones y wearables con IA que ayudan al usuario a personalizar tareas, capturar fotos con calidad profesional y mantener una rutina m\u00e1s conectada. Adem\u00e1s, durante esta temporada Samsung ofrece hasta 45% de descuento en celulares, con foco en modelos como Galaxy S25 Ultra, Galaxy Z Flip7, Galaxy Z Fold7 y Galaxy A36 5G. Estos dispositivos combinan rendimiento, estilo y funciones inteligentes que se adaptan a las necesidades de cada usuario.<\/p>\n<p>\u00a0<\/p>\n<p style=\"font-weight: 400;\">Para quienes buscan transformar el entretenimiento en casa, los televisores de la l\u00ednea Neo QLED de 100\u2019\u2019 y 75\u2019\u2019, The Frame Pro de 65\u2019\u2019 y 75\u2019\u2019, The Frame 65\u2019\u2019 y OLED de 65\u2019\u2019, 75\u2019\u2019 y 85\u2019\u2019 ofrecen experiencias inmersivas con imagen y sonido optimizados por IA, ajustando autom\u00e1ticamente el brillo, el contraste y la ac\u00fastica al entorno, estar\u00e1n disponibles con precios desde los $999.000<a href=\"#_ftn1\" name=\"_ftnref1\">[1]<\/a>.<\/p>\n<p>\u00a0<\/p>\n<p style=\"font-weight: 400;\">La l\u00ednea de electrodom\u00e9sticos tambi\u00e9n har\u00e1 parte con descuentos de hasta el 40%. Estas promociones estar\u00e1n presentes en productos Bespoke de todo tipo, desde lavadoras de carga superior como la Bespoke AI Top Load Wash hasta torres de lavado como la Bespoke AI Family Hub y neveras Side By Side con AI Energy. As\u00ed Samsung no solo sigue impulsando los hogares inteligentes, sino que tambi\u00e9n se compromete con la meta de mejorar la calidad de vida de los usuarios.<\/p>\n<p>\u00a0<\/p>\n<p style=\"font-weight: 400;\">\u201cLa inteligencia artificial est\u00e1 cambiando la forma en que vivimos e interactuamos con la tecnolog\u00eda. Durante el Black Friday, queremos destacar que la IA de Samsung no es solo innovaci\u00f3n, sino valor real en la vida cotidiana, haci\u00e9ndola m\u00e1s simple, impulsando nuestra creatividad y productividad. Y ahora, los consumidores pueden aprovechar ofertas exclusivas para llevar esta experiencia premium a sus hogares\u201d, afirma Camila Segura, directora de Marketing para Samsung Colombia.<\/p>\n<p>\u00a0<\/p>\n<p style=\"font-weight: 400;\">Con el Black Friday, Samsung refuerza su compromiso de ofrecer tecnolog\u00eda avanzada con prop\u00f3sito, ayudando a los consumidores a vivir de manera m\u00e1s inteligente, conectada y sostenible, con descuentos reales y oportunidades \u00fanicas durante esta temporada.<\/p>\n<p>\u00a0<\/p>\n<p><a href=\"#_ftnref1\" name=\"_ftn1\">[1]<\/a> Precios desde $999.000 dependiendo del modelo del TV.<\/p>\n","protected":false},"excerpt":{"rendered":"Los beneficios estar\u00e1n disponibles en las plataformas oficiales de la marca Samsung anuncia su campa\u00f1a de Black Friday,&hellip;\n","protected":false},"author":2,"featured_media":253967,"comment_status":"","ping_status":"","sticky":false,"template":"","format":"standard","meta":{"footnotes":""},"categories":[81],"tags":[64067,64068,58845,119,123,124,25,24,64069,30129,2899,429,16068,64070,16069,64071,117,121,122,23,118,120,16074,56351],"class_list":{"0":"post-253966","1":"post","2":"type-post","3":"status-publish","4":"format-standard","5":"has-post-thumbnail","7":"category-ciencia-y-tecnologia","8":"tag-bespoke-ai-family-hub","9":"tag-bespoke-ai-top-load-wash","10":"tag-black-friday","11":"tag-ciencia","12":"tag-ciencia-y-tecnologia","13":"tag-cienciaytecnologia","14":"tag-es","15":"tag-espana","16":"tag-galaxy-a36-5g","17":"tag-galaxy-s25-ultra","18":"tag-galaxy-z-flip7","19":"tag-galaxy-z-fold7","20":"tag-neo-qled","21":"tag-neveras-side-by-side-con-ai-energy","22":"tag-oled","23":"tag-samsung-shop","24":"tag-science","25":"tag-science-and-technology","26":"tag-scienceandtechnology","27":"tag-spain","28":"tag-technology","29":"tag-tecnologia","30":"tag-the-frame","31":"tag-the-frame-pro"},"share_on_mastodon":{"url":"https:\/\/pubeurope.com\/@es\/115607006965445211","error":""},"_links":{"self":[{"href":"https:\/\/www.europesays.com\/es\/wp-json\/wp\/v2\/posts\/253966","targetHints":{"allow":["GET"]}}],"collection":[{"href":"https:\/\/www.europesays.com\/es\/wp-json\/wp\/v2\/posts"}],"about":[{"href":"https:\/\/www.europesays.com\/es\/wp-json\/wp\/v2\/types\/post"}],"author":[{"embeddable":true,"href":"https:\/\/www.europesays.com\/es\/wp-json\/wp\/v2\/users\/2"}],"replies":[{"embeddable":true,"href":"https:\/\/www.europesays.com\/es\/wp-json\/wp\/v2\/comments?post=253966"}],"version-history":[{"count":0,"href":"https:\/\/www.europesays.com\/es\/wp-json\/wp\/v2\/posts\/253966\/revisions"}],"wp:featuredmedia":[{"embeddable":true,"href":"https:\/\/www.europesays.com\/es\/wp-json\/wp\/v2\/media\/253967"}],"wp:attachment":[{"href":"https:\/\/www.europesays.com\/es\/wp-json\/wp\/v2\/media?parent=253966"}],"wp:term":[{"taxonomy":"category","embeddable":true,"href":"https:\/\/www.europesays.com\/es\/wp-json\/wp\/v2\/categories?post=253966"},{"taxonomy":"post_tag","embeddable":true,"href":"https:\/\/www.europesays.com\/es\/wp-json\/wp\/v2\/tags?post=253966"}],"curies":[{"name":"wp","href":"https:\/\/api.w.org\/{rel}","templated":true}]}}