{"id":253970,"date":"2025-11-24T22:22:07","date_gmt":"2025-11-24T22:22:07","guid":{"rendered":"https:\/\/www.europesays.com\/es\/253970\/"},"modified":"2025-11-24T22:22:07","modified_gmt":"2025-11-24T22:22:07","slug":"air-europa-se-suma-a-la-cancelacion-de-vuelos-a-venezuela","status":"publish","type":"post","link":"https:\/\/www.europesays.com\/es\/253970\/","title":{"rendered":"Air Europa se suma a la cancelaci\u00f3n de vuelos a Venezuela"},"content":{"rendered":"<p>Las aerol\u00edneas <strong>Air Europa y Plus Ultra han cancelado sus operaciones con Venezuela<\/strong> sin fecha de reanudaci\u00f3n. Seg\u00fan fuentes de la aerol\u00ednea de Globalia, sus aviones volver\u00e1n a volar al pa\u00eds sudamericano \u00abcuando las condiciones sean las adecuadas, priorizando siempre la seguridad\u00bb. Fuentes de Plus Ultra, que opera entre Madrid y Caracas con tres frecuencias semanales, han informado a EFE suspenden de momento el vuelo previsto para el martes y analizar\u00e1n qu\u00e9 hacer con el resto de operaciones. <\/p>\n<p>De este modo, la aerol\u00ednea se ha sumado a Iberia, a la portuguesa TAP, la colombiana Avianca, la trinitense Caribbean, la brasile\u00f1a Gol, la chilena Latam y la turca Turkish Airlines. De hecho, este lunes ning\u00fan vuelo ha salido con destino a Venezuela desde el aeropuerto de Madrid-Barajas, despu\u00e9s de la <strong>alerta emitida el viernes por la autoridad a\u00e9rea estadounidense<\/strong>, que inst\u00f3 a \u00abextremar la precauci\u00f3n\u00bb al sobrevolar el pa\u00eds suramericano y el sur del mar Caribe. <\/p>\n<p>Iberia <strong>mantendr\u00e1 la cancelaci\u00f3n de sus vuelos a Venezuela hasta el 1 de diciembre<\/strong>, en l\u00ednea con las recomendaciones de la Agencia Estatal de Seguridad A\u00e9rea (AESA). La compa\u00f1\u00eda informa de que contin\u00faa monitorizando la situaci\u00f3n en colaboraci\u00f3n con las autoridades aeron\u00e1uticas y <strong>retomar\u00e1 sus vuelos cuando se recuperen las plenas garant\u00edas de seguridad<\/strong> para las operaciones.<\/p>\n<p>Por su parte, Enaire ha publicado, a petici\u00f3n de la AESA, que, hasta el pr\u00f3ximo 1 de diciembre, se recomienda a los operadores a\u00e9reos civiles espa\u00f1oles no realizar ning\u00fan vuelo en el <strong>espacio a\u00e9reo dentro del Fir Maiquet\u00eda<\/strong> (SVZM), que abarca todo el territorio venezolano y se extiende hasta el Mar Caribe. <\/p>\n<p>La ma\u00f1ana de este lunes ha aterrizado en Madrid-Barajas un vuelo procedente de Caracas, de Plus Ultra, que sali\u00f3 el domingo del pa\u00eds latinoamericano, han informado fuentes del gestor de los aeropuertos, <strong>AENA<\/strong>. Otro vuelo de la aerol\u00ednea venezolana Estelar ten\u00eda prevista su salida la ma\u00f1ana de este lunes desde Madrid y ha sido cancelado. Iberia ten\u00eda cinco frecuencias semanales entre Madrid y Caracas.<\/p>\n<p>Tambi\u00e9n han anunciado la suspensi\u00f3n temporal de su actividad en la ruta Caracas-Madrid las aerol\u00edneas venezolanas Estelar (entre el 24 y el 28 de noviembre) y Laser (aliada de Plus Ultra), que ha reprogramado al jueves su salida desde Madrid prevista para este lunes.  <\/p>\n<p>\u00abSituaci\u00f3n potencialmente peligrosa\u00bb<\/p>\n<p>No obstante, la aerol\u00ednea venezolana <strong>Avior<\/strong> <strong>afirm\u00f3 que mantendr\u00e1 sus vuelos nacionales e internacionales<\/strong>. \u00abComo presidente de Avior Airlines quiero transmitir tranquilidad a nuestros pasajeros: todos nuestros vuelos nacionales e internacionales se mantienen operando con normalidad\u00bb, inform\u00f3 este s\u00e1bado el presidente de la compa\u00f1\u00eda, Juan Bracamonte, en su cuenta de X. La colombiana <strong>Wingo<\/strong> tambi\u00e9n mantiene sus operaciones con normalidad. Tambi\u00e9n mantiene sus operaciones la aerol\u00ednea estatal Conviasa.<\/p>\n<p>La autoridad a\u00e9rea estadounidense (FAA por sus siglas en ingl\u00e9s) inst\u00f3 el pasado viernes a los vuelos comerciales a \u00abextremar la precauci\u00f3n\u00bb ante lo que considera \u00abuna situaci\u00f3n potencialmente peligrosa en la regi\u00f3n\u00bb. La situaci\u00f3n se produce en medio del despliegue militar ordenado por el Gobierno del presidente de Estados Unidos, Donald Trump, en aguas del Caribe pr\u00f3ximas a Venezuela para luchar contra el narcotr\u00e1fico.<\/p>\n<p>\u00abLas amenazas podr\u00edan representar un <strong>riesgo potencial para las aeronaves a todas las altitudes<\/strong>, incluyendo durante el sobrevuelo, las fases de llegada y salida del vuelo\u00bb, explicaba la FAA, que considera que el riesgo afecta tambi\u00e9n a los aeropuertos y a las aeronaves en tierra. La campa\u00f1a estadounidense inici\u00f3 en septiembre y, hasta la fecha, ha consistido en bombardeos de lanchas presuntamente vinculadas al tr\u00e1fico de drogas. Estos ataques se han extendido a aguas del Pac\u00edfico y dejan hasta el momento m\u00e1s de 80 muertos. <\/p>\n<p>Sin embargo, el s\u00e1bado el Gobierno venezolano ha dado a conocer las cartas que ha recibido por parte de los presidentes de <strong>Rusia, China, Cuba, Nicaragua y Bielorrusia, todos aliados del chavismo<\/strong>. Estos ratificaron su apoyo al presidente, <strong>Nicol\u00e1s Maduro<\/strong>, en momentos en los que el l\u00edder chavista denuncia como \u00abamenaza\u00bb el despliegue aeronaval de EE.UU. en el mar Caribe.<\/p>\n","protected":false},"excerpt":{"rendered":"Las aerol\u00edneas Air Europa y Plus Ultra han cancelado sus operaciones con Venezuela sin fecha de reanudaci\u00f3n. Seg\u00fan&hellip;\n","protected":false},"author":2,"featured_media":253971,"comment_status":"","ping_status":"","sticky":false,"template":"","format":"standard","meta":{"footnotes":""},"categories":[42],"tags":[17,18,13,14,11,61,62,63,64,19,20,9,10,15,16,12,21,22,65,66,67],"class_list":{"0":"post-253970","1":"post","2":"type-post","3":"status-publish","4":"format-standard","5":"has-post-thumbnail","7":"category-internacional","8":"tag-breaking-news","9":"tag-breakingnews","10":"tag-featured-news","11":"tag-featurednews","12":"tag-headlines","13":"tag-internacional","14":"tag-international","15":"tag-international-news","16":"tag-internationalnews","17":"tag-latest-news","18":"tag-latestnews","19":"tag-news","20":"tag-noticias","21":"tag-noticias-destacadas","22":"tag-noticiasdestacadas","23":"tag-titulares","24":"tag-ultimas-noticias","25":"tag-ultimasnoticias","26":"tag-world","27":"tag-world-news","28":"tag-worldnews"},"share_on_mastodon":{"url":"","error":""},"_links":{"self":[{"href":"https:\/\/www.europesays.com\/es\/wp-json\/wp\/v2\/posts\/253970","targetHints":{"allow":["GET"]}}],"collection":[{"href":"https:\/\/www.europesays.com\/es\/wp-json\/wp\/v2\/posts"}],"about":[{"href":"https:\/\/www.europesays.com\/es\/wp-json\/wp\/v2\/types\/post"}],"author":[{"embeddable":true,"href":"https:\/\/www.europesays.com\/es\/wp-json\/wp\/v2\/users\/2"}],"replies":[{"embeddable":true,"href":"https:\/\/www.europesays.com\/es\/wp-json\/wp\/v2\/comments?post=253970"}],"version-history":[{"count":0,"href":"https:\/\/www.europesays.com\/es\/wp-json\/wp\/v2\/posts\/253970\/revisions"}],"wp:featuredmedia":[{"embeddable":true,"href":"https:\/\/www.europesays.com\/es\/wp-json\/wp\/v2\/media\/253971"}],"wp:attachment":[{"href":"https:\/\/www.europesays.com\/es\/wp-json\/wp\/v2\/media?parent=253970"}],"wp:term":[{"taxonomy":"category","embeddable":true,"href":"https:\/\/www.europesays.com\/es\/wp-json\/wp\/v2\/categories?post=253970"},{"taxonomy":"post_tag","embeddable":true,"href":"https:\/\/www.europesays.com\/es\/wp-json\/wp\/v2\/tags?post=253970"}],"curies":[{"name":"wp","href":"https:\/\/api.w.org\/{rel}","templated":true}]}}