{"id":253978,"date":"2025-11-24T22:30:12","date_gmt":"2025-11-24T22:30:12","guid":{"rendered":"https:\/\/www.europesays.com\/es\/253978\/"},"modified":"2025-11-24T22:30:12","modified_gmt":"2025-11-24T22:30:12","slug":"nace-tu-reto-para-unir-deporte-turismo-y-territorio","status":"publish","type":"post","link":"https:\/\/www.europesays.com\/es\/253978\/","title":{"rendered":"nace \u00abTu Reto\u00bb para unir deporte, turismo y territorio"},"content":{"rendered":"<p>Llega <strong>\u00abTu Reto Tu Provincia Huesca La Magia de la Bici\u00bb<\/strong>, una nueva iniciativa de la Diputaci\u00f3n en colaboraci\u00f3n con\u00a0el <strong>Club Ciclista Oscense<\/strong> que pretende unir <strong>deporte, turismo y territorio<\/strong> mediante <strong>ocho rutas cicloturistas<\/strong> a trav\u00e9s de <strong>ocho comarcas<\/strong> de la provincia. Este lunes 24 de noviembre se han presentado todos los detalles en la Sala Saura de la DPH, lugar al que han acudido <strong>Sergio Serra<\/strong>, diputado de Turismo; <strong>Jos\u00e9 Manuel Ballar\u00edn<\/strong>, vicepresidente del CC Oscense; e <strong>Ignacio Revenga<\/strong>, presidente del CC Monz\u00f3n.<\/p>\n<p>La idea es promover un evento que<strong> \u00abconectara a toda la provincia y que impulsara a los cicloturistas amateurs\u00bb<\/strong>, seg\u00fan explicaba Serra. A su vez, Ballar\u00edn recordaba que el cicloturismo \u00abdesestacionaliza y nuestra experiencia est\u00e1 basada en las Pirenaicas. Eso nos da un bagaje que hemos querido poner a disposici\u00f3n de la DPH\u00bb.<\/p>\n<p>Son ocho citas <strong>abiertas a ciclistas amateurs <\/strong>y con<strong> recorridos progresivos<\/strong>,\u00a0que ser\u00e1n la antesala de la cicloturista La Magia del Grial (30 de mayo) y Quebrantahuesos (20 de junio). Sin duda, <strong>una buena preparaci\u00f3n para llegar a estas dos citas de la mejor manera <\/strong>que combina reto personal, turismo activo y descubrimiento del territorio.<\/p>\n<p>RUTAS, KIL\u00d3METROS Y DESNIVEL<\/p>\n<p><strong>1\u00aa. Comarca del Cinca Medio: 14 febrero.<\/strong><\/p>\n<p>Salida\/llegada: Monz\u00f3n.<br \/>Ruta: Monz\u00f3n-Pueyo de Santa Cruz- Alf\u00e1ntega \u2013 Valcarca \u2013 Binefar &#8211; Peralta de la Sal &#8211; Azanuy &#8211; Alins \u2013 Fonz \u2013 Cofita &#8211; Monz\u00f3n.<br \/>Distancia y desnivel acumulado: 95 km., 860 metros desnivel.<\/p>\n<p><strong>2\u00aa. Comarca de Los Monegros: 21 febrero.<\/strong><\/p>\n<p>Salida\/llegada: Sari\u00f1ena.<br \/>Ruta: Sari\u00f1ena &#8211; Capdesaso &#8211; Alberuela de Tubo \u2013 Lalueza \u2013 Lanaja &#8211; Castej\u00f3n de Monegros &#8211; Pallaruelo de Monegros &#8211; Sari\u00f1ena.<br \/>Distancia y desnivel acumulado: 100 km., 780 metros desnivel.<\/p>\n<p><strong>3\u00ba. Comarca del Bajo Cinca: 7 marzo.<\/strong><\/p>\n<p>Salida\/llegada: Fraga.<br \/>Ruta: Fraga &#8211; Albalate de Cinca &#8211; Santa Lecina \u2013 Pomar de Cinca &#8211; Castelflorite \u2013 Sari\u00f1ena &#8211; Villanueva de Sigena \u2013 Onti\u00f1ena &#8211; Ballobar &#8211; Fraga.<br \/>Distancia y desnivel acumulado: 125 km., 650 metros desnivel.<\/p>\n<p><strong>4\u00ba. Comarca Somontano: 28 marzo.<\/strong><\/p>\n<p>Salida\/llegada: Barbastro.<br \/>Ruta: Barbastro &#8211; Poz\u00e1n de Vero \u2013 Colungo \u2013 B\u00e1rcabo \u2013 Almazorre \u2013 Mondot &#8211; Mes\u00f3n De Lig\u00fcerre \u2013 Abizanda &#8211; Alto del Pino \u2013 Naval &#8211; Hoz de Barbastro &#8211; Cregenz\u00e1n &#8211; Barbastro.<br \/>Distancia y desnivel acumulado: 102 km., 1600 metros desnivel.<\/p>\n<p><strong>5\u00ba. Comarca de La Litera: 11 abril.<\/strong><\/p>\n<p>Salida\/llegada: Bin\u00e9far<br \/>Ruta: Binefar &#8211; Peralta de la Sal &#8211; Purroy de la Solana \u2013 Camporrels &#8211; Baldellou \u2013 Alcampell \u2013 Tamarite &#8211; Binefar.<br \/>Distancia y desnivel acumulado: 110 km., 1800 metros desnivel.<\/p>\n<p><strong>6\u00ba. Comarca del Sobrarbe: 18 abril.<\/strong><\/p>\n<p>Salida\/llegada: Fiscal.<br \/>Ruta: Fiscal \u2013 Ainsa &#8211; El Pueyo de Aragu\u00e1s \u2013 Laspu\u00f1a \u2013 Escalona &#8211; Pu\u00e9rtolas &#8211; Ca\u00f1on de A\u00f1isclo \u2013 Fanlo &#8211; Fiscal.<br \/>Distancia y desnivel acumulado: 108 km., 2450 metros desnivel.<\/p>\n<p><strong>7\u00ba.<\/strong> <strong>Comarca de la Jacetania: 25 abril.<\/strong><\/p>\n<p>Salida\/llegada: Jaca.<br \/>Ruta: Jaca &#8211; Puente la Reina de Jaca \u2013 Ans\u00f3 \u2013 Hecho &#8211; Puente la Reina<br \/>de Jaca &#8211; Santa Cruz de la Ser\u00f3s &#8211; Monasterios de San Juan de la Pe\u00f1a \u2013 Jaca &#8211; Fuerte Rapit\u00e1n.<br \/>Distancia y desnivel acumulado: 150 km., 2300 metros desnivel.<\/p>\n<p><strong>8\u00ba. Comarca de La Ribagorza: 9 mayo.<\/strong><\/p>\n<p>Salida\/llegada: Castej\u00f3n de Sos.<br \/>Ruta: Castej\u00f3n de Sos \u2013 Laspa\u00fales \u2013 Noales \u2013 Montanuy \u2013 Vilaller \u2013 Bonansa \u2013 Esp\u00e9s \u2013 Liri \u2013 Sah\u00fan \u2013 Benasque \u2013 Hospital de Benasque &#8211; Castej\u00f3n de Sos.<br \/>Distancia y desnivel acumulado: 135 km., 3500 metros desnivel.<\/p>\n<p>INSCRIPCIONES<\/p>\n<p>El CC Oscense se encargar\u00e1 de la organizaci\u00f3n t\u00e9cnica y log\u00edstica. La inscripci\u00f3n por ruta tiene un precio de 8\u20ac. Adem\u00e1s, <strong>hay precios especiales: 30\u20ac por cuatro rutas y 50\u20ac por ocho rutas.<\/strong><\/p>\n<p>En los servicios se incluyen seguro individual por participante, coche de apoyo y avituallamientos.<\/p>\n<p>INCENTIVOS Y PREMIOS<\/p>\n<p>Habr\u00e1 una clasificaci\u00f3n final por kil\u00f3metros recorridos (1km=1 punto).<\/p>\n<p>Se realizar\u00e1 un sorteo entre los participantes que m\u00e1s rutas y kil\u00f3metros han realizado: <strong>20 inscripciones<\/strong> para Marcha \u00abQuebrantahuesos\u00bb o Marcha \u00abLa Magia del Grial\u00bb entre los 100 primeros. Adem\u00e1s, <strong>10 inscripciones<\/strong> \u00abQuebrantahuesos\u00bb o \u00abLa Magia del Grial\u00bb entre los puestos 101-200.<\/p>\n<p>Se repartir\u00e1<strong> un kit para todos los participantes<\/strong> en el que habr\u00e1 una <strong>bolsa, camiseta, bid\u00f3n y calcetines.<\/strong><\/p>\n<p>La organizaci\u00f3n prev\u00e9 <strong>entre 100 y 200 ciclistas por evento<\/strong>, por lo que en total se movilizar\u00e1n entre 800 y 1.500 personas. Esta iniciativa podr\u00eda suponer un impacto directo en la econom\u00eda local (hosteler\u00eda, comercio, etc.).<\/p>\n<p><strong>Ignacio Revenga<\/strong>, del CC Monz\u00f3n, a\u00f1ad\u00eda que para \u00abnosotros como club\u00a0significa mucho y nos anima a recorrer rincones maravillosos de la provincia. La provincia ha sido premiada con La Vuelta (con salida y meta), que ha generado algo de inercia para la pr\u00e1ctica del cicloturismo. El reto es un ejemplo de c\u00f3mo trabajar juntos para que la provincia siga siendo referencia. Cada pedalada cuenta\u00bb.<\/p>\n<p>La organizaci\u00f3n ha dejado claro que, de cara al futuro y nuevas ediciones, <strong>se podr\u00edan plantear nuevo recorridos para no repetir los del 2026.\u00a0<\/strong><\/p>\n","protected":false},"excerpt":{"rendered":"Llega \u00abTu Reto Tu Provincia Huesca La Magia de la Bici\u00bb, una nueva iniciativa de la Diputaci\u00f3n en&hellip;\n","protected":false},"author":2,"featured_media":253979,"comment_status":"","ping_status":"","sticky":false,"template":"","format":"standard","meta":{"footnotes":""},"categories":[273],"tags":[313,312,168,25,24,23,167],"class_list":{"0":"post-253978","1":"post","2":"type-post","3":"status-publish","4":"format-standard","5":"has-post-thumbnail","7":"category-ciclismo","8":"tag-ciclismo","9":"tag-cycling","10":"tag-deportes","11":"tag-es","12":"tag-espana","13":"tag-spain","14":"tag-sports"},"share_on_mastodon":{"url":"https:\/\/pubeurope.com\/@es\/115607045605346223","error":""},"_links":{"self":[{"href":"https:\/\/www.europesays.com\/es\/wp-json\/wp\/v2\/posts\/253978","targetHints":{"allow":["GET"]}}],"collection":[{"href":"https:\/\/www.europesays.com\/es\/wp-json\/wp\/v2\/posts"}],"about":[{"href":"https:\/\/www.europesays.com\/es\/wp-json\/wp\/v2\/types\/post"}],"author":[{"embeddable":true,"href":"https:\/\/www.europesays.com\/es\/wp-json\/wp\/v2\/users\/2"}],"replies":[{"embeddable":true,"href":"https:\/\/www.europesays.com\/es\/wp-json\/wp\/v2\/comments?post=253978"}],"version-history":[{"count":0,"href":"https:\/\/www.europesays.com\/es\/wp-json\/wp\/v2\/posts\/253978\/revisions"}],"wp:featuredmedia":[{"embeddable":true,"href":"https:\/\/www.europesays.com\/es\/wp-json\/wp\/v2\/media\/253979"}],"wp:attachment":[{"href":"https:\/\/www.europesays.com\/es\/wp-json\/wp\/v2\/media?parent=253978"}],"wp:term":[{"taxonomy":"category","embeddable":true,"href":"https:\/\/www.europesays.com\/es\/wp-json\/wp\/v2\/categories?post=253978"},{"taxonomy":"post_tag","embeddable":true,"href":"https:\/\/www.europesays.com\/es\/wp-json\/wp\/v2\/tags?post=253978"}],"curies":[{"name":"wp","href":"https:\/\/api.w.org\/{rel}","templated":true}]}}