{"id":254003,"date":"2025-11-24T22:45:20","date_gmt":"2025-11-24T22:45:20","guid":{"rendered":"https:\/\/www.europesays.com\/es\/254003\/"},"modified":"2025-11-24T22:45:20","modified_gmt":"2025-11-24T22:45:20","slug":"decenas-de-correos-y-chats-vinculan-a-las-disidencias-de-alias-calarca-con-un-general-del-ejercito-y-un-directivo-de-inteligencia","status":"publish","type":"post","link":"https:\/\/www.europesays.com\/es\/254003\/","title":{"rendered":"Decenas de correos y chats vinculan a las disidencias de alias Calarc\u00e1 con un general del Ej\u00e9rcito y un directivo de inteligencia"},"content":{"rendered":"<p class=\"\">Una investigaci\u00f3n period\u00edstica de Noticias Caracol ha revelado pruebas de v\u00ednculos entre el Estado Mayor de Bloques y Frente (EMBF), una disidencia de las extintas FARC, con un general del Ej\u00e9rcito colombiano y un alto funcionario de la Direcci\u00f3n Nacional de Inteligencia (DNI). Seg\u00fan el informe, emitido este domingo en la noche, el grupo armado que responde a <a href=\"https:\/\/elpais.com\/america-colombia\/2025-08-27\/calarca-cordoba-el-disidente-enfrentado-a-mordisco-con-el-que-petro-insiste-en-negociar.html\" target=\"_self\" rel=\"nofollow noopener\" title=\"https:\/\/elpais.com\/america-colombia\/2025-08-27\/calarca-cordoba-el-disidente-enfrentado-a-mordisco-con-el-que-petro-insiste-en-negociar.html\">Alexander D\u00edaz, alias Calarc\u00e1<\/a>, obtuvo informaci\u00f3n reservada para evitar operativos de las Fuerzas Militares y recibi\u00f3 apoyo para llevar a cabo desplazamientos seguros en territorios en disputa. Las revelaciones han conmocionado a Colombia, que enfrenta un recrudecimiento del conflicto armado tras <a href=\"https:\/\/elpais.com\/america-colombia\/2025-08-07\/la-paz-total-la-ambiciosa-apuesta-de-gustavo-petro-que-se-ha-atomizado-en-tres-anos-de-gobierno.html\" target=\"_self\" rel=\"nofollow noopener\" title=\"https:\/\/elpais.com\/america-colombia\/2025-08-07\/la-paz-total-la-ambiciosa-apuesta-de-gustavo-petro-que-se-ha-atomizado-en-tres-anos-de-gobierno.html\">el colapso de la mayor\u00eda de los di\u00e1logos de paz<\/a> que emprendi\u00f3 el Gobierno de Gustavo Petro cuando lleg\u00f3 al poder en 2022.<\/p>\n<p class=\"\">El general se\u00f1alado por el informe es Juan Miguel Huertas, un uniformado que fue forzado a retirarse durante el Gobierno de Iv\u00e1n Duque. Petro lo integr\u00f3 a su campa\u00f1a en junio de 2022. De acuerdo con el informe, el uniformado tuvo influencia en las sombras durante varios a\u00f1os, hasta que fue reintegrado a la fuerza p\u00fablica en agosto de este a\u00f1o, ya con Petro como presidente, y designado como jefe del Comando de Personal del Ej\u00e9rcito \u2014a cargo de nombramientos, retiros y desplazamientos\u2014. En la DNI, se menciona a su director de operaciones Wilmar Mej\u00eda, quien supuestamente colabor\u00f3 con Huertas en la supuesta alianza con las disidencias de las FARC.<\/p>\n<p class=\"\">La revelaci\u00f3n principal es la filtraci\u00f3n de informaci\u00f3n reservada para evitar operativos de la fuerza p\u00fablica en el <a href=\"https:\/\/elpais.com\/america-colombia\/2025-01-21\/la-crisis-humanitaria-en-el-catatumbo-ya-deja-60-muertos-mas-de-18000-desplazados-y-46000-ninos-sin-clases-segun-la-onu.html\" target=\"_self\" rel=\"nofollow noopener\" title=\"https:\/\/elpais.com\/america-colombia\/2025-01-21\/la-crisis-humanitaria-en-el-catatumbo-ya-deja-60-muertos-mas-de-18000-desplazados-y-46000-ninos-sin-clases-segun-la-onu.html\">Catatumbo<\/a>, el sur de Bol\u00edvar y Antioquia. \u201cNos dieron puntos donde nos pod\u00edamos comunicar con diferentes personas de bases militares, estaciones de polic\u00eda, batallones, donde no tuvi\u00e9ramos riesgo, ni tuvi\u00e9ramos que hacerles da\u00f1o. La idea era no chocar con el Ej\u00e9rcito\u201d, asegura un comandante de la disidencia que declar\u00f3 en el informe con identidad reservada. Huertas, adem\u00e1s, supuestamente les garantiz\u00f3 que dar\u00eda \u00f3rdenes para \u201cno pararlos en ning\u00fan lado\u201d mientras se desplazaban, seg\u00fan una carta de un integrante del EMBF que tambi\u00e9n revel\u00f3 el informe.<\/p>\n<p><img decoding=\"auto\" class=\"_re lazyload a_m-h\" height=\"276\"  width=\"414\"  src=\"https:\/\/www.europesays.com\/es\/wp-content\/uploads\/2025\/11\/7LQIO3GLWJHXXG5SP73VCCUZOA.jpg\" loading=\"lazy\"\/>Juan Miguel Huertas en Arauca, el 7 de agosto de 2021.@GobArauca<\/p>\n<p class=\"\">Otro punto central es la presunta colaboraci\u00f3n entre Huertas, Mej\u00eda y las disidencias de Calarc\u00e1 para crear una empresa de seguridad privada. La idea, de acuerdo con las fuentes y los documentos de la investigaci\u00f3n, era \u201clegalizar\u201d a unos 20 hombres para \u201ctener m\u00e1s seguridad\u201d en los desplazamientos de los comandantes del grupo armado. \u201cEl general dice que la montemos mitad y mitad. Que \u00e9l se consigue los permisos y que nosotros pongamos los muchachos y las armas. \u00c9l dice que es una buena inversi\u00f3n porque llegado el momento de que todos estos procesos [de paz] fallen quedamos con hombres legales\u201d, se lee en una carta de febrero de 2024 que, adem\u00e1s, revela que el grupo no ten\u00eda expectativas de que salieran adelante las negociaciones de paz con el Gobierno.<\/p>\n<p class=\"\">El informe recuerda la detenci\u00f3n, en julio de 2024, de una caravana con siete jefes de las disidencias en Anor\u00ed (Antioquia), incluyendo el propio Calarc\u00e1. La investigaci\u00f3n se\u00f1ala que la fiscal general de la Naci\u00f3n, <a href=\"https:\/\/elpais.com\/america-colombia\/2025-02-14\/luz-adriana-camargo-fiscal-general-colombia-es-el-pais-mas-peligroso-del-mundo-para-defender-los-derechos-humanos.html\" target=\"_self\" rel=\"nofollow noopener\" title=\"https:\/\/elpais.com\/america-colombia\/2025-02-14\/luz-adriana-camargo-fiscal-general-colombia-es-el-pais-mas-peligroso-del-mundo-para-defender-los-derechos-humanos.html\">Luz Adriana Camargo<\/a>, orden\u00f3 la liberaci\u00f3n de la mayor\u00eda porque eran \u201cgestores de paz\u201d. Las autoridades incautaron dispositivos con informaci\u00f3n del grupo armado, pero el informe se\u00f1ala que la Fiscal\u00eda hizo poco con ellas. Algo similar ocurri\u00f3 con informaci\u00f3n sobre el supuesto apoyo de un empresario chino para que las disidencias adquirieran o fabricaran armas: seg\u00fan el informe, los dispositivos con informaci\u00f3n al respecto \u201cacumulan polvo en la Fiscal\u00eda\u201d.<\/p>\n<p class=\"\">Finalmente, hay unos chats de mediados de 2024 que revelan la tensi\u00f3n entre los hombres de Calarc\u00e1 y los de otro l\u00edder disidente, <a href=\"https:\/\/elpais.com\/america-colombia\/2025-11-22\/ivan-mordisco-el-mayor-enemigo-publico-de-petro.html\" target=\"_self\" rel=\"nofollow noopener\" title=\"https:\/\/elpais.com\/america-colombia\/2025-11-22\/ivan-mordisco-el-mayor-enemigo-publico-de-petro.html\">Iv\u00e1n Mordisco<\/a>. Ambos l\u00edderes eran parte de un mismo, llamado Estado Mayor Central (EMC), pero <a href=\"https:\/\/elpais.com\/america-colombia\/2024-11-24\/la-paz-total-se-fragmenta-en-disidencias-de-las-disidencias.html\" target=\"_self\" rel=\"nofollow noopener\" title=\"https:\/\/elpais.com\/america-colombia\/2024-11-24\/la-paz-total-se-fragmenta-en-disidencias-de-las-disidencias.html\">desde el a\u00f1o pasado<\/a> se enfrentan en una guerra sin tregua por el control de econom\u00edas il\u00edcitas. Unos mensajes de un subalterno de Mordisco muestran c\u00f3mo esa facci\u00f3n resent\u00eda la supuesta cercan\u00eda del Gobierno con Calarc\u00e1, quien mantuvo andando los di\u00e1logos de paz, a diferencia de su antiguo aliado. \u201cEstoy seguro de que Petro los vuelve mierda, si nos volvi\u00f3 mierda estando nosotros\u201d, afirma. Hay, adem\u00e1s, una menci\u00f3n a un supuesto financiamiento de las disidencias a la campa\u00f1a de Petro en 2022, a trav\u00e9s de la vicepresidenta, <a href=\"https:\/\/elpais.com\/america-colombia\/2025-03-27\/francia-marquez-enfrenta-su-peor-crisis-politica.html\" target=\"_self\" rel=\"nofollow noopener\" title=\"https:\/\/elpais.com\/america-colombia\/2025-03-27\/francia-marquez-enfrenta-su-peor-crisis-politica.html\">Francia M\u00e1rquez<\/a>.<\/p>\n<p><img alt=\"Nestor Gregorio Vera Fernandez alias Ivan Mordisco\" decoding=\"auto\" class=\"_re lazyload a_m-h\" height=\"276\"  width=\"414\"  src=\"https:\/\/www.europesays.com\/es\/wp-content\/uploads\/2025\/11\/3U6OCBCYYRCALNFAQXK7D45SRY.jpg\" loading=\"lazy\"\/>Iv\u00e1n Mordisco, en Yari, Colombia, en abril de 2023.Sebastian Marmolejo (Getty Images)<\/p>\n<p class=\"\">Tanto el general Huertas como Mej\u00eda, de la DNI, dieron sus versiones a Noticias Caracol. El militar dijo que nunca se reuni\u00f3 con ning\u00fan integrante de las disidencias. \u201cHay militares activos y retirados que lo \u00fanico que quieren es hacerme un montaje. Es m\u00e1s, desde el 2020 hay una persona que se hace pasar por m\u00ed\u201d, asegur\u00f3. El funcionario de inteligencia, por su parte, se\u00f1al\u00f3 que no puede pronunciarse en profundidad por la naturaleza reservada de sus actividades, pero que todo es \u201cun montaje\u201d por parte de \u201coficiales corruptos\u201d que \u00e9l ayud\u00f3 a sacar.<\/p>\n<p>La respuesta del Gobierno<\/p>\n<p class=\"\">El presidente Petro ha respaldado a Huertas y Mej\u00eda en la tarde de este lunes. \u201c[Los informes] son falsos. Se trata de querer purgar a las personas que me han ayudado a identificar oficiales corruptos del Ej\u00e9cito\u201d, ha comentado en X. Su postura contrasta con la del ministro de Defensa, <a href=\"https:\/\/elpais.com\/america-colombia\/2025-06-23\/pedro-sanchez-ministro-de-defensa-de-colombia-el-cancer-de-los-grupos-armados-crecio-durante-la-paz-total-hay-que-ajustar-la-estrategia.html\" target=\"_self\" rel=\"nofollow noopener\" title=\"https:\/\/elpais.com\/america-colombia\/2025-06-23\/pedro-sanchez-ministro-de-defensa-de-colombia-el-cancer-de-los-grupos-armados-crecio-durante-la-paz-total-hay-que-ajustar-la-estrategia.html\">Pedro S\u00e1nchez<\/a>, que hab\u00eda anunciado en la noche del domingo que abrir\u00eda una investigaci\u00f3n. \u201cLa cooperaci\u00f3n con criminales es una l\u00ednea roja que jam\u00e1s se cruzar\u00e1, y quien se aparte del deber constitucional ser\u00e1 investigado con la m\u00e1xima celeridad y rigor\u201d, hab\u00eda declarado. <\/p>\n<p class=\"\">La vicepresidenta M\u00e1rquez ha rechazado las \u201cversiones malintencionadas\u201d que la involucran en los supuestos v\u00ednculos entre las disidencias y el Gobierno. \u201cNo existe ninguna prueba fehaciente\u201d, ha declarado en un comunicado en el que tambi\u00e9n le pide al periodismo que sea \u201cserio\u201d y no \u201cun eco de calumnias\u201d. \u201cJam\u00e1s he recibido apoyo de criminales. Jam\u00e1s me he reunido con criminales. Jam\u00e1s me prestar\u00e9 para ning\u00fan pacto oscuro\u201d, ha subrayado. La fiscal general de la Naci\u00f3n, por su parte, ha se\u00f1alado que est\u00e1 estudiando la denuncia period\u00edstica y que prepara un comunicado al respecto. \u201cDesde anoche estamos confirmando la veracidad de lo informado por Noticias Caracol\u201d, ha comentado a Caracol Radio.<\/p>\n<p class=\"\">Varios l\u00edderes pol\u00edticos se han pronunciado tras el informe. <a href=\"https:\/\/elpais.com\/america-colombia\/2025-11-21\/juan-fernando-cristo-roy-barreras-e-ivan-cepeda-le-dan-forma-al-frente-amplio-que-se-propone-la-izquierda.html\" target=\"_self\" rel=\"nofollow noopener\" title=\"https:\/\/elpais.com\/america-colombia\/2025-11-21\/juan-fernando-cristo-roy-barreras-e-ivan-cepeda-le-dan-forma-al-frente-amplio-que-se-propone-la-izquierda.html\">Roy Barreras<\/a>, precandidato presidencial en el oficialista Frente Amplio, ha expresado en un comunicado \u201csu absoluto rechazo\u201d y ha se\u00f1alado que \u201ces indispensable una comisi\u00f3n de alto nivel para desvelar cu\u00e1l es y hasta d\u00f3nde llega el inivel de infiltraci\u00f3n mafiosa\u201d. La ultraderechista Vicky D\u00e1vila, tambi\u00e9n aspirante presidencial, ha cargado contra la fiscal general y la ha acusado de ser \u201cc\u00f3mplice\u201d a trav\u00e9s de un mensaje en X: \u201cNo hay raz\u00f3n para que nada haya hecho con estas pruebas\u201d. La centrista Claudia L\u00f3pez, por su parte, concluy\u00f3 que \u201ctoda mesa de \u2018negociaci\u00f3n de paz\u2019 debe terminarse ya\u201d. \u201cSon pura corrupci\u00f3n y concierto para delinquir contra el pa\u00eds\u201d, ha se\u00f1alado en redes sociales.<\/p>\n","protected":false},"excerpt":{"rendered":"Una investigaci\u00f3n period\u00edstica de Noticias Caracol ha revelado pruebas de v\u00ednculos entre el Estado Mayor de Bloques y&hellip;\n","protected":false},"author":2,"featured_media":254004,"comment_status":"","ping_status":"","sticky":false,"template":"","format":"standard","meta":{"footnotes":""},"categories":[42],"tags":[889,17,18,1803,26255,27522,26347,13,14,7054,3914,16858,3916,11,61,62,63,64,19,20,1804,9,10,15,16,12,21,22,65,66,67],"class_list":{"0":"post-254003","1":"post","2":"type-post","3":"status-publish","4":"format-standard","5":"has-post-thumbnail","7":"category-internacional","8":"tag-america","9":"tag-breaking-news","10":"tag-breakingnews","11":"tag-colombia","12":"tag-conflicto-colombia","13":"tag-crimen-organizado","14":"tag-disidentes-farc","15":"tag-featured-news","16":"tag-featurednews","17":"tag-fiscalia-general-de-la-nacion","18":"tag-francia-marquez","19":"tag-gobierno-colombia","20":"tag-gustavo-petro","21":"tag-headlines","22":"tag-internacional","23":"tag-international","24":"tag-international-news","25":"tag-internationalnews","26":"tag-latest-news","27":"tag-latestnews","28":"tag-latinoamerica","29":"tag-news","30":"tag-noticias","31":"tag-noticias-destacadas","32":"tag-noticiasdestacadas","33":"tag-titulares","34":"tag-ultimas-noticias","35":"tag-ultimasnoticias","36":"tag-world","37":"tag-world-news","38":"tag-worldnews"},"share_on_mastodon":{"url":"","error":"Validation failed: Text character limit of 500 exceeded"},"_links":{"self":[{"href":"https:\/\/www.europesays.com\/es\/wp-json\/wp\/v2\/posts\/254003","targetHints":{"allow":["GET"]}}],"collection":[{"href":"https:\/\/www.europesays.com\/es\/wp-json\/wp\/v2\/posts"}],"about":[{"href":"https:\/\/www.europesays.com\/es\/wp-json\/wp\/v2\/types\/post"}],"author":[{"embeddable":true,"href":"https:\/\/www.europesays.com\/es\/wp-json\/wp\/v2\/users\/2"}],"replies":[{"embeddable":true,"href":"https:\/\/www.europesays.com\/es\/wp-json\/wp\/v2\/comments?post=254003"}],"version-history":[{"count":0,"href":"https:\/\/www.europesays.com\/es\/wp-json\/wp\/v2\/posts\/254003\/revisions"}],"wp:featuredmedia":[{"embeddable":true,"href":"https:\/\/www.europesays.com\/es\/wp-json\/wp\/v2\/media\/254004"}],"wp:attachment":[{"href":"https:\/\/www.europesays.com\/es\/wp-json\/wp\/v2\/media?parent=254003"}],"wp:term":[{"taxonomy":"category","embeddable":true,"href":"https:\/\/www.europesays.com\/es\/wp-json\/wp\/v2\/categories?post=254003"},{"taxonomy":"post_tag","embeddable":true,"href":"https:\/\/www.europesays.com\/es\/wp-json\/wp\/v2\/tags?post=254003"}],"curies":[{"name":"wp","href":"https:\/\/api.w.org\/{rel}","templated":true}]}}