{"id":254005,"date":"2025-11-24T22:46:15","date_gmt":"2025-11-24T22:46:15","guid":{"rendered":"https:\/\/www.europesays.com\/es\/254005\/"},"modified":"2025-11-24T22:46:15","modified_gmt":"2025-11-24T22:46:15","slug":"un-concejal-de-albacete-pide-la-dimision-de-pedro-sanchez-y-que-sea-declarado-persona-non-grata-en-la-ciudad","status":"publish","type":"post","link":"https:\/\/www.europesays.com\/es\/254005\/","title":{"rendered":"Un concejal de Albacete pide la dimisi\u00f3n de Pedro S\u00e1nchez y que sea declarado persona &#8216;non grata&#8217; en la ciudad"},"content":{"rendered":"<p style=\"\">El Ayuntamiento de Albacete debatir\u00e1 este jueves una de las mociones m\u00e1s controvertidas de los \u00faltimos a\u00f1os.<strong> Jos\u00e9 Ram\u00f3n Conesa Ram\u00edre<\/strong>z, concejal no adscrito y antiguo candidato de Vox a la Alcald\u00eda, ha registrado una iniciativa en la que solicita que el Pleno  &#8230; exija la dimisi\u00f3n inmediata del presidente del Gobierno, <strong>Pedro S\u00e1nchez,<\/strong> y lo declare persona &#8216;non grata&#8217; en la ciudad.<\/p>\n<p class=\"voc-p\" style=\"\">La propuesta llega acompa\u00f1ada de un extenso argumentario en el que Conesa sostiene que S\u00e1nchez ha llegado y se ha mantenido en el poder mediante \u00abpactos contranatura\u00bb, que su Gobierno est\u00e1 marcado por \u00abla corrupci\u00f3n\u00bb y que ha erosionado la separaci\u00f3n de poderes. El concejal repasa episodios como la moci\u00f3n de censura de 2018, los pactos con grupos nacionalistas, la aprobaci\u00f3n de la ley de amnist\u00eda o la gesti\u00f3n de la pandemia, para justificar la petici\u00f3n de reprobaci\u00f3n institucional.<\/p>\n<p class=\"voc-p\" style=\"\">El edil tambi\u00e9n argumenta que Albacete ha sido \u00abperjudicada\u00bb durante los a\u00f1os de mandato socialista, citando como ejemplo la escasa inversi\u00f3n en la autov\u00eda Albacete\u2013Linares, y acusa a los parlamentarios socialistas de la provincia de haber contribuido a sostener al Ejecutivo central.<\/p>\n<p class=\"voc-p\" style=\"\">La moci\u00f3n plantea tres puntos: <\/p>\n<p class=\"voc-p\" style=\"\">-Exigir la dimisi\u00f3n inmediata de <a href=\"https:\/\/www.abc.es\/noticias\/pedro-sanchez\/\" target=\"_self\" data-voc-vtm-id=\"in-text-traffic\" title=\"Pedro S\u00e1nchez\" data-mrf-link=\"www.abc.es\" rel=\"nofollow noopener\">Pedro S\u00e1nchez<\/a> y la convocatoria de elecciones generales.<\/p>\n<p class=\"voc-p\" style=\"\">-Declarar al presidente del Gobierno \u00abpersona non grata\u00bb en la ciudad de Albacete.<\/p>\n<p class=\"voc-p\" style=\"\">-Dar traslado del acuerdo al propio presidente, as\u00ed como al Congreso, al Senado y a sus respectivos grupos parlamentarios.<\/p>\n<p class=\"voc-p\" style=\"\">En el texto de la iniciativa, registrada oficialmente el 19 de noviembre, se afirma que  Albacete  <strong>\u00abha sido v\u00edctima de todos los desmanes de S\u00e1nchez\u00bb. .<\/strong> \u00abSu llegada al poder de la mano de los independentistas catalanes y las cesiones que hizo para ello perjudicaron gravemente a nuestra ciudad ya que nos quedamos sin el dinero previsto para la autov\u00eda entre Albacete y Linares que apenas ha avanzado en los siete a\u00f1os y medio de gobierno socialista porque el dinero ten\u00eda que ir a contentar a sus socios que quer\u00edan romper Espa\u00f1a\u00bb, sostiene el concejal. Seg\u00fan critica, la ciudad \u00abes una de las grandes olvidadas\u00bb del presidente del Gobierno. <\/p>\n","protected":false},"excerpt":{"rendered":"El Ayuntamiento de Albacete debatir\u00e1 este jueves una de las mociones m\u00e1s controvertidas de los \u00faltimos a\u00f1os. Jos\u00e9&hellip;\n","protected":false},"author":2,"featured_media":254006,"comment_status":"","ping_status":"","sticky":false,"template":"","format":"standard","meta":{"footnotes":""},"categories":[8],"tags":[2545,17,18,777,11322,7696,11723,25,24,13,14,3640,11,19,20,9,3639,10,15,16,1822,3638,34,199,23,12,21,22],"class_list":{"0":"post-254005","1":"post","2":"type-post","3":"status-publish","4":"format-standard","5":"has-post-thumbnail","7":"category-espana","8":"tag-albacete","9":"tag-breaking-news","10":"tag-breakingnews","11":"tag-ciudad","12":"tag-concejal","13":"tag-declarado","14":"tag-dimision","15":"tag-es","16":"tag-espana","17":"tag-featured-news","18":"tag-featurednews","19":"tag-grata","20":"tag-headlines","21":"tag-latest-news","22":"tag-latestnews","23":"tag-news","24":"tag-non","25":"tag-noticias","26":"tag-noticias-destacadas","27":"tag-noticiasdestacadas","28":"tag-pedro","29":"tag-persona","30":"tag-pide","31":"tag-sanchez","32":"tag-spain","33":"tag-titulares","34":"tag-ultimas-noticias","35":"tag-ultimasnoticias"},"share_on_mastodon":{"url":"https:\/\/pubeurope.com\/@es\/115607109024918580","error":""},"_links":{"self":[{"href":"https:\/\/www.europesays.com\/es\/wp-json\/wp\/v2\/posts\/254005","targetHints":{"allow":["GET"]}}],"collection":[{"href":"https:\/\/www.europesays.com\/es\/wp-json\/wp\/v2\/posts"}],"about":[{"href":"https:\/\/www.europesays.com\/es\/wp-json\/wp\/v2\/types\/post"}],"author":[{"embeddable":true,"href":"https:\/\/www.europesays.com\/es\/wp-json\/wp\/v2\/users\/2"}],"replies":[{"embeddable":true,"href":"https:\/\/www.europesays.com\/es\/wp-json\/wp\/v2\/comments?post=254005"}],"version-history":[{"count":0,"href":"https:\/\/www.europesays.com\/es\/wp-json\/wp\/v2\/posts\/254005\/revisions"}],"wp:featuredmedia":[{"embeddable":true,"href":"https:\/\/www.europesays.com\/es\/wp-json\/wp\/v2\/media\/254006"}],"wp:attachment":[{"href":"https:\/\/www.europesays.com\/es\/wp-json\/wp\/v2\/media?parent=254005"}],"wp:term":[{"taxonomy":"category","embeddable":true,"href":"https:\/\/www.europesays.com\/es\/wp-json\/wp\/v2\/categories?post=254005"},{"taxonomy":"post_tag","embeddable":true,"href":"https:\/\/www.europesays.com\/es\/wp-json\/wp\/v2\/tags?post=254005"}],"curies":[{"name":"wp","href":"https:\/\/api.w.org\/{rel}","templated":true}]}}