{"id":254007,"date":"2025-11-24T22:47:32","date_gmt":"2025-11-24T22:47:32","guid":{"rendered":"https:\/\/www.europesays.com\/es\/254007\/"},"modified":"2025-11-24T22:47:32","modified_gmt":"2025-11-24T22:47:32","slug":"la-violencia-contra-las-mujeres-en-la-comunidad-de-madrid-es-estructural-y-los-asesinatos-solo-son-la-punta-del-iceberg-ccoo-madrid","status":"publish","type":"post","link":"https:\/\/www.europesays.com\/es\/254007\/","title":{"rendered":"La violencia contra las mujeres en la Comunidad de Madrid es estructural, y los asesinatos solo son la punta del iceberg &#8211; CCOO Madrid"},"content":{"rendered":"<ol>\n<li><a href=\"https:\/\/news.google.com\/rss\/articles\/CBMipAJBVV95cUxNcjhIY1RLeTlJX3NqQWFETnViczlDbWdORk1JUkVWUEdPZS13SG1BVTRnX3JCaGtOUWt5SUhVeFowY3hBSWQ3Ri1TdXNsZTVOdC01RkhOQXdRYnU1RXF2T1k3a2tKLVV4eWdpd2gyd05nWjNrTzhXd1ZISVNuRXMxdnY2bDl3RU01amcwS0dsb1JITFBDTDU3TThxejVFMGxhTnFDX1E1Q1h0NTBYOWF0Sld4cmJBd2w2V25HeHdDeFVkOTAxVWlVV2RJRVpDZGZ0S0YxeXJ1RTV3Q2w0UGNxNG8zYS1yUEVuVDE1c3VxQVc5QjFZY3MwUXZwSllvY2dnOWZaM2FxTVRoT181OFQta0RFVElDSUp6QTJhOFVvU0Foc0Ni?oc=5\" target=\"_blank\" rel=\"nofollow noopener\">La violencia contra las mujeres en la Comunidad de Madrid es estructural, y los asesinatos solo son la punta del iceberg<\/a>&nbsp;&nbsp;CCOO Madrid<\/li>\n<li><a href=\"https:\/\/news.google.com\/rss\/articles\/CBMimgJBVV95cUxObzlhTXFFQ0FYbHlMeGFRdzVOR1RRYnBWNHpaOFZuN0REV0xMQjlDMzhrS1phLWpETWktbW9CTHY3Z0FtQ1ROWkZRZGRkcnhmdVdiMFZMRWtCaTFZMFlscW5xQ1d4eTBRalZnMVZHWVdieUVMRE4zSVdPbENyTUwxTmtudXlub3pTOElOWEgwYzVsZ0tYNG9Xb3NKZVdWRG5zTDhjdFk5M1NqTHFRUVhFcGpkdS1HejZRQWdjdkJqSERZMGQ3TEVIRnBwS0FhUGQ5M3R6Sno1Qnp0OXRBU2RRSU13WENuS1FtYklwMnp1WnpfdlRSd0ZnemRBTmVYTU1ud1V1bnZzZENTcXpkdFBNWnpxbGpRVFUzbkE?oc=5\" target=\"_blank\" rel=\"nofollow noopener\">25N. En pie contra la violencia machista, la ultraderecha y el genocidio sionista. \u00a1Todxs a las manifestaciones!<\/a>&nbsp;&nbsp;Sindicato de Estudiantes<\/li>\n<li><a href=\"https:\/\/news.google.com\/rss\/articles\/CBMikwJBVV95cUxOeHBabHRObHJQUFQ3VUw3dDB1VVRaVllRZzZybVFISUFmbHUxZFpxUDVxaGptNkhIOFoxYkRMU0YwLVdRMjZfalhpSGVSOE41Nm85dUljNEF6YmlDVVl2a2RWSDNUeUtZR2ZPTUpwZXlQZ05WX01zYTliTU55bkgtLU1TU0NHb2UwT3dWTy1ZdWVKWEJtVXBJajRTd0lKaTlMMU9JRk80MnVjUElzVkM5N3F1Rkp4MlV3QVQ0bTAtNVdpSVdSWjJOYTJGQS1rODlfbXp6S2Z2VHNJaWIzeW9XdEk3TkpnTjFtemN6NkQ3Q09wMzdDQnFueVRoOFljT3FCRkV5ZTBWdk1UbXlfY0pXdThiRQ?oc=5\" target=\"_blank\" rel=\"nofollow noopener\">Suben los delitos sexuales y bajan los feminicidios en la Comunidad de Madrid, donde Ayuso se niega a crear su ley de igualdad<\/a>&nbsp;&nbsp;EL PA\u00cdS<\/li>\n<li><a href=\"https:\/\/news.google.com\/rss\/articles\/CBMiqwFBVV95cUxPSUtjTl9YQXRPRk1ka2ZhbU5SOE1xLWNTZVBjM0VnQkpCV3hfZ2VydlRwbG9qUl9YTXNzanhUZ1h5VDJxbHRvNUNUeDViSFkyaGQxWFhtcjZVS1BwanJGV3hsZE53UW9IdGluTEJvLUItQ2ZmbzFXTGdqTVl5UWM5cWtEQUNXUzg0di1aRkx3ZXMydXRqWG4tWmZmU04wNDZjUkxWWFI3Wk9udVHSAbABQVVfeXFMTV8zTUJvRnJ1cmRmMWN5MTFKTlF5YzRFaXM0MlI2Qy0yYmVGLUpUWlIwTUN6YlJLZldmdGlwUU9nV1lHUkk2eUJNcTVGYl9aTXZzajIzX1M3al9HRDRWTGtoek43NXNpNEtpNjNjOElDa1hhQjRuMl85Q0RFakxGQ21QSTBSY0pVcmZOUThDNWh3aW1mQUVxZWN2VmFfUzdYOWhuR0t0Ni1pRHpkX2llYkE?oc=5\" target=\"_blank\" rel=\"nofollow noopener\">Horario y recorrido de la manifestaci\u00f3n en Madrid este 25 de noviembre por el D\u00eda Internacional para la Eliminaci\u00f3n de la Violencia contra la Mujer<\/a>&nbsp;&nbsp;El Confidencial<\/li>\n<li><a href=\"https:\/\/news.google.com\/rss\/articles\/CBMiswFBVV95cUxPZFZLUVkwNjdiZ0ZkS3VybGZGTk5FS2hVX29HV0JyVVNZUHlGMktRdDF5R241OVh3dlI4Ry01b3AzclNyMXN2a19BNXJxUTJhRHc5cjlGSW1pZ0V0N01QMEJGVjJmSWpoZGd5VlZzMDF5S3ZCSWhNY1RMMERHUUcyaFJ3TWNHWW5YNVVkLUQ2LXZ4R3pQdTNuZ2lRWW4zbWprS1JlUEJpd2FnT3hZYXdsdEUtbw?oc=5\" target=\"_blank\" rel=\"nofollow noopener\">Los Espacios de Igualdad, a la huelga el 25N por el desmantelamiento de un modelo con 20 a\u00f1os de trayectoria<\/a>&nbsp;&nbsp;El Salto<\/li>\n<\/ol>\n","protected":false},"excerpt":{"rendered":"La violencia contra las mujeres en la Comunidad de Madrid es estructural, y los asesinatos solo son la&hellip;\n","protected":false},"author":2,"featured_media":254008,"comment_status":"","ping_status":"","sticky":false,"template":"","format":"standard","meta":{"footnotes":""},"categories":[5],"tags":[17,18,25,24,13,14,11,19,20,9,10,15,16,23,12,21,22],"class_list":{"0":"post-254007","1":"post","2":"type-post","3":"status-publish","4":"format-standard","5":"has-post-thumbnail","7":"category-titulares","8":"tag-breaking-news","9":"tag-breakingnews","10":"tag-es","11":"tag-espana","12":"tag-featured-news","13":"tag-featurednews","14":"tag-headlines","15":"tag-latest-news","16":"tag-latestnews","17":"tag-news","18":"tag-noticias","19":"tag-noticias-destacadas","20":"tag-noticiasdestacadas","21":"tag-spain","22":"tag-titulares","23":"tag-ultimas-noticias","24":"tag-ultimasnoticias"},"share_on_mastodon":{"url":"https:\/\/pubeurope.com\/@es\/115607112455855843","error":""},"_links":{"self":[{"href":"https:\/\/www.europesays.com\/es\/wp-json\/wp\/v2\/posts\/254007","targetHints":{"allow":["GET"]}}],"collection":[{"href":"https:\/\/www.europesays.com\/es\/wp-json\/wp\/v2\/posts"}],"about":[{"href":"https:\/\/www.europesays.com\/es\/wp-json\/wp\/v2\/types\/post"}],"author":[{"embeddable":true,"href":"https:\/\/www.europesays.com\/es\/wp-json\/wp\/v2\/users\/2"}],"replies":[{"embeddable":true,"href":"https:\/\/www.europesays.com\/es\/wp-json\/wp\/v2\/comments?post=254007"}],"version-history":[{"count":0,"href":"https:\/\/www.europesays.com\/es\/wp-json\/wp\/v2\/posts\/254007\/revisions"}],"wp:featuredmedia":[{"embeddable":true,"href":"https:\/\/www.europesays.com\/es\/wp-json\/wp\/v2\/media\/254008"}],"wp:attachment":[{"href":"https:\/\/www.europesays.com\/es\/wp-json\/wp\/v2\/media?parent=254007"}],"wp:term":[{"taxonomy":"category","embeddable":true,"href":"https:\/\/www.europesays.com\/es\/wp-json\/wp\/v2\/categories?post=254007"},{"taxonomy":"post_tag","embeddable":true,"href":"https:\/\/www.europesays.com\/es\/wp-json\/wp\/v2\/tags?post=254007"}],"curies":[{"name":"wp","href":"https:\/\/api.w.org\/{rel}","templated":true}]}}