{"id":254009,"date":"2025-11-24T22:52:11","date_gmt":"2025-11-24T22:52:11","guid":{"rendered":"https:\/\/www.europesays.com\/es\/254009\/"},"modified":"2025-11-24T22:52:11","modified_gmt":"2025-11-24T22:52:11","slug":"nadal-vinicius-tiene-que-entender-quien-es-la-autoridad-y-respetarla","status":"publish","type":"post","link":"https:\/\/www.europesays.com\/es\/254009\/","title":{"rendered":"Nadal: \u201cVinicius tiene que entender qui\u00e9n es la autoridad y respetarla\u201d"},"content":{"rendered":"<p class=\"\">Durante su intervenci\u00f3n este lunes en el programa <b>Universo Valdano<\/b>, de <b>Movistar<\/b>+, <b>Rafa Nadal <\/b>habl\u00f3 sobre un asunto de actualidad en el <b>Real Madrid<\/b>: la situaci\u00f3n de <b>Vinicius<\/b>. El extenista balear hizo una reflexi\u00f3n muy interesante cuando el conductor del programa que lleva su nombre le pregunt\u00f3 c\u00f3mo pod\u00edan arreglarse los problemas del brasile\u00f1o del <b>Real Madrid <\/b>en cuanto a la \u201cdesconsideraci\u00f3n\u201d que tuvo con el entrenador, <b>Xabi Alonso<\/b>. <\/p>\n<p class=\"\">\u201cCreo que se arregla hablando, desde el entendimiento de todas las partes. Yo creo que <b>Vini <\/b>tiene que entender qui\u00e9n es la autoridad y respetarla, y tambi\u00e9n al club, por lo que representa ser jugador del <b>Real Madrid<\/b>. Pero opino que \u00e9l lo hace en el sentido de esforzarse al m\u00e1ximo, y esas cosas que salen de \u00e9l, que a veces no gustan, se pueden corregir desde el di\u00e1logo y desde una concienciaci\u00f3n de que las cosas se pueden mejorar\u201d, dijo <b>Rafa<\/b>. \u201cEl primero que tiene que querer explorar ese camino de mejorar tiene que ser \u00e9l. Cuando le oigo hablar en las entrevistas, que dice que quiere mejorar en todos los aspectos, creo que necesita encontrar aliados potentes, y estoy convencido de que el <b>Madrid <\/b>tendr\u00e1 a las personas adecuadas y \u00e9l en su entorno para asesorarle\u201d, a\u00f1adi\u00f3 el ganador de 22 <b>Grand Slams<\/b>. <\/p>\n<p class=\"\">\u201cEl principio b\u00e1sico es querer hacerlo. Y el <b>Madrid <\/b>tiene en <b>Vinicius <\/b>un activo que no puede devaluar y que tiene que proteger, m\u00e1s all\u00e1 de una actuaci\u00f3n que puede no gustar. Como jugador es un patrimonio del club; es una situaci\u00f3n que el <b>Madrid<\/b>, como club inmenso que es, sabe gestionar y creo que lo ha hecho bien\u201d, reflexion\u00f3 <b>Nadal<\/b>. \u201cLa prueba es que el rendimiento de <b>Vinicius <\/b>est\u00e1 siendo superior al que ven\u00eda mostrando antes. El futbol tiene un problema que es una gran virtud a la vez; al final es que cada semana se escriben muchas p\u00e1ginas y eso magnifica las cosas, pero los futbolistas son personas y as\u00ed se solucionan las cosas, como personas humanas, hablando, entendiendo e intentando proyectar una imagen, que realmente sea real, de unidad, respeto y de ir todos a una\u201d, concluy\u00f3.<\/p>\n<p>Presidente del Madrid<\/p>\n<p class=\"\">Una vez m\u00e1s, <b>Nadal <\/b>habl\u00f3 sobre la posibilidad de convertirse alg\u00fan d\u00eda en presidente del <b>Real Madrid<\/b>. \u201cMe lo preguntan habitualmente y respondo lo mismo: ahora no le conviene al club, porque tienen al mejor. No s\u00e9 lo que me deparar\u00e1 el futuro. A nivel conceptual, si me dicen si me gustar\u00eda, contesto: \u2018pues s\u00ed, \u00bfpor qu\u00e9 no?\u2019. Ser\u00eda un reto bonito, motivacional y excitante para m\u00ed\u201d, reconoce el manacor\u00ed. \u201dDespu\u00e9s tendr\u00eda que ver c\u00f3mo tiene que ser mi vida para llegar a eso. Qu\u00e9 tendr\u00eda que sacrificar. Soy socio de honor desde hace bastantes a\u00f1os. Repito, me gustar\u00eda. \u00bfEso significa que alg\u00fan d\u00eda me plantear\u00eda ser presidente o no? Lo veo lejano y dif\u00edcil, pero nunca se sabe\u00bb, zanj\u00f3 <b>Rafa<\/b>. <\/p>\n<p>Noticias relacionadas<a href=\"https:\/\/colombia.as.com\/futbol\/colombianos-por-el-mundo\/linda-y-su-objetivo-en-real-madrid-el-titulo-dejar-huella-f202511-n\/\" class=\"s_m_w\" title=\"Caicedo renov\u00f3 su contrato con el equipo espa\u00f1ol hasta 2031. En declaraciones posteriores a la firma, manifest\u00f3 su felicidad y optimismo por lo que viene.\" data-tb-link=\"\" rel=\"nofollow noopener\" target=\"_blank\"><img decoding=\"async\" src=\"https:\/\/www.europesays.com\/es\/wp-content\/uploads\/2025\/11\/RY2UCIFIQFCILINENON7X7DVVI.JPG\" alt=\"Linda y su objetivo en Real Madrid: \u201cEl t\u00edtulo, dejar huella...\u201d\" class=\"\" height=\"9\" width=\"16\"   loading=\"lazy\" data-tb-thumbnail=\"\"\/><\/a><a href=\"https:\/\/as.com\/futbol\/videos\/el-larguero-en-directo-xabi-alonso-senalado-y-el-barca-busca-el-top-8-en-londres-f202511-v\/\" class=\"s_m_w\" title=\"Sigue en directo El Larguero, hoy lunes 24 de noviembre, el programa de deportes de la Cadena SER con Manu Carre\u00f1o y el resto del equipo.\" data-tb-link=\"\" rel=\"nofollow noopener\" target=\"_blank\"><img decoding=\"async\" src=\"https:\/\/www.europesays.com\/es\/wp-content\/uploads\/2025\/11\/OQJB75BMBRHANJTQ7OXIIUBI6Y.jpg\" alt=\"El Larguero, en directo: Xabi Alonso, se\u00f1alado y el Bar\u00e7a busca el Top-8 en Londres\" class=\"\" height=\"9\" width=\"16\"   loading=\"lazy\" data-tb-thumbnail=\"\"\/><\/a><\/p>\n<p class=\"\"><b>\u00a1Tus opiniones importan!<\/b> Comenta en los art\u00edculos y suscr\u00edbete gratis a nuestra <a href=\"https:\/\/asfan.as.com\/newsletters\/\" target=\"_blank\" rel=\"nofollow noopener\" title=\"https:\/\/asfan.as.com\/newsletters\/\">newsletter<\/a> y a las alertas informativas en la <a href=\"https:\/\/as.com\/aplicacion-de-as-n\/\" target=\"_blank\" rel=\"nofollow noopener\" title=\"https:\/\/as.com\/aplicacion-de-as-n\/\">App<\/a> o el canal de <a href=\"https:\/\/www.whatsapp.com\/channel\/0029VaAasdA7j6g745nz9M10\" target=\"_blank\" rel=\"nofollow noopener\" title=\"https:\/\/www.whatsapp.com\/channel\/0029VaAasdA7j6g745nz9M10\">WhatsApp<\/a>. <\/p>\n<p class=\"\">\u00bfBuscas licenciar contenido? Haz clic <a href=\"https:\/\/profesional.elpais.com\/soluciones-sindicacion?utm_medium=interno&amp;utm_source=crosslinking&amp;utm_campaign=sindicacion_as_pie_articulos\" target=\"_blank\" rel=\"nofollow noopener\" title=\"https:\/\/profesional.elpais.com\/soluciones-sindicacion?utm_medium=interno&amp;utm_source=crosslinking&amp;utm_campaign=sindicacion_as_pie_articulos\">aqu\u00ed<\/a><\/p>\n","protected":false},"excerpt":{"rendered":"Durante su intervenci\u00f3n este lunes en el programa Universo Valdano, de Movistar+, Rafa Nadal habl\u00f3 sobre un asunto&hellip;\n","protected":false},"author":2,"featured_media":254010,"comment_status":"","ping_status":"","sticky":false,"template":"","format":"standard","meta":{"footnotes":""},"categories":[274],"tags":[168,25,24,23,167,327,326],"class_list":{"0":"post-254009","1":"post","2":"type-post","3":"status-publish","4":"format-standard","5":"has-post-thumbnail","7":"category-tenis","8":"tag-deportes","9":"tag-es","10":"tag-espana","11":"tag-spain","12":"tag-sports","13":"tag-tenis","14":"tag-tennis"},"share_on_mastodon":{"url":"https:\/\/pubeurope.com\/@es\/115607132588321233","error":""},"_links":{"self":[{"href":"https:\/\/www.europesays.com\/es\/wp-json\/wp\/v2\/posts\/254009","targetHints":{"allow":["GET"]}}],"collection":[{"href":"https:\/\/www.europesays.com\/es\/wp-json\/wp\/v2\/posts"}],"about":[{"href":"https:\/\/www.europesays.com\/es\/wp-json\/wp\/v2\/types\/post"}],"author":[{"embeddable":true,"href":"https:\/\/www.europesays.com\/es\/wp-json\/wp\/v2\/users\/2"}],"replies":[{"embeddable":true,"href":"https:\/\/www.europesays.com\/es\/wp-json\/wp\/v2\/comments?post=254009"}],"version-history":[{"count":0,"href":"https:\/\/www.europesays.com\/es\/wp-json\/wp\/v2\/posts\/254009\/revisions"}],"wp:featuredmedia":[{"embeddable":true,"href":"https:\/\/www.europesays.com\/es\/wp-json\/wp\/v2\/media\/254010"}],"wp:attachment":[{"href":"https:\/\/www.europesays.com\/es\/wp-json\/wp\/v2\/media?parent=254009"}],"wp:term":[{"taxonomy":"category","embeddable":true,"href":"https:\/\/www.europesays.com\/es\/wp-json\/wp\/v2\/categories?post=254009"},{"taxonomy":"post_tag","embeddable":true,"href":"https:\/\/www.europesays.com\/es\/wp-json\/wp\/v2\/tags?post=254009"}],"curies":[{"name":"wp","href":"https:\/\/api.w.org\/{rel}","templated":true}]}}