{"id":254011,"date":"2025-11-24T22:53:12","date_gmt":"2025-11-24T22:53:12","guid":{"rendered":"https:\/\/www.europesays.com\/es\/254011\/"},"modified":"2025-11-24T22:53:12","modified_gmt":"2025-11-24T22:53:12","slug":"andoni-lopez-de-abetxuko-correra-en-el-anicolor-portugues-en-2026","status":"publish","type":"post","link":"https:\/\/www.europesays.com\/es\/254011\/","title":{"rendered":"Andoni L\u00f3pez de Abetxuko correr\u00e1 en el Anicolor portugu\u00e9s en 2026"},"content":{"rendered":"<p>\n        <strong>El ciclismo portugu\u00e9s ser\u00e1 el nuevo destino de Andoni L\u00f3pez de Abetxuko para 2026<\/strong>. El de Salvatierra firm\u00f3 la pasada semana con el Anicolor-Tien 21, lo que anteriormente fue el Barbot o Efapel.\n<\/p>\n<p class=\"article-body__text \">\n        Seg\u00fan ha sabido este peri\u00f3dico, <strong>el corredor alav\u00e9s se ha comprometido por una temporada con el conjunto luso<\/strong>.\u00a0En dicha estructura han militado este ejercicio, por ejemplo, los espa\u00f1oles Xabier Ca\u00f1ellas o Rub\u00e9n Fern\u00e1ndez y en 2013 sin ir m\u00e1s lejos otro alav\u00e9s, Arkaitz Dur\u00e1n, o un a\u00f1o m\u00e1s tarde el propio V\u00edctor de la Parte.\n<\/p>\n<p class=\"article-body__text \">\n        Fundado en 2004 en la localidad de Gaia, pr\u00f3xima a Oporto,<strong> el Anicolor-Tien 21 es el de mayor potencial del pa\u00eds vecino<\/strong> y milita en la categor\u00eda continental, la tercera del ciclismo mundial.\n<\/p>\n<p>            <a href=\"https:\/\/www.noticiasdealava.eus\/deportes\/2025\/10\/16\/euskaltel-decide-renovar-jon-aberasturi-andoni-lopez-de-abetxuko-ciclismo-10226458.html\" title=\"El Euskaltel se queda con un solo ciclista alav\u00e9s\" class=\"new__media\" rel=\"nofollow noopener\" target=\"_blank\"><\/p>\n<p>                <img alt=\"El Euskaltel se queda con un solo ciclista alav\u00e9s\" data-src=\"https:\/\/www.europesays.com\/es\/wp-content\/uploads\/2025\/10\/aae70e0d-c993-4fca-bd45-b83be93c1745_16-9-aspect-ratio_default_0.jpg\" class=\"lozad\"\/><\/p>\n<p>        <\/a><\/p>\n<p>        <a href=\"https:\/\/www.noticiasdealava.eus\/deportes\/2025\/10\/16\/euskaltel-decide-renovar-jon-aberasturi-andoni-lopez-de-abetxuko-ciclismo-10226458.html\" title=\"El Euskaltel se queda con un solo ciclista alav\u00e9s\" class=\"new__headline\" rel=\"nofollow noopener\" target=\"_blank\"><br \/>\n            El Euskaltel se queda con un solo ciclista alav\u00e9s<br \/>\n        <\/a><\/p>\n<p class=\"article-body__text \">\n        L\u00f3pez de Abetxuko ha militado las tres \u00faltimas campa\u00f1as en el Euskaltel-Euskadi, de una categor\u00eda superior a su pr\u00f3ximo destino, y <strong>hace poco m\u00e1s de un mes supo que la escuadra naranja no iba a renovar su contrato<\/strong>. Ha formado parte de los cinco integrantes que no seguir\u00e1n defendiendo dicho maillot en 2026, junto al tambi\u00e9n alav\u00e9s Jon Aberasturi.\n<\/p>\n<p>  Una ex\u00f3tica opci\u00f3n en China, descartada<\/p>\n<p class=\"article-body__text \">\n        En las \u00faltimas semanas el sprinter de Salvatierra se ha visto obligado a explorar otras opciones lejos de casa para poder seguir en activo a sus 26 a\u00f1os. <strong>Incluso ha llegado a tener encima de la mesa una opci\u00f3n de China, pero irse tan lejos no entraba en sus planes<\/strong>.\n<\/p>\n<p>        En las \u00faltimas semanas el sprinter de Salvatierra se ha visto obligado a explorar otras opciones lejos de casa para seguir en activo a sus 26 a\u00f1os. Incluso lleg\u00f3 a tener encima de la mesa una opci\u00f3n de China, pero irse tan lejos no entraba en sus planes<\/p>\n<p class=\"article-body__text \">\n        <strong>Correr en Portugal le permitir\u00e1 tener un buen calendario a pesar de estar en una estructura continental<\/strong>. Todas las carreras de dicho pa\u00eds, incluida la Vuelta a Portugal, adem\u00e1s de varias en Espa\u00f1a como Challenge de Mallorca, Vuelta a Asturias o Gran Premio Miguel Indurain e incluso el Tour de Gran Breta\u00f1a, han contado con la participaci\u00f3n del Anicolor-Tien 21 durante el curso reci\u00e9n terminado y es bastante probable que siga siendo as\u00ed para 2026.\n<\/p>\n<p>  \u00bfRetirada de jon Aberasturi? <\/p>\n<p class=\"article-body__text \">\n        Por otro lado, <strong>quien tiene pr\u00e1cticamente decidido finalizar su carrera deportiva es Jon Aberasturi<\/strong>. A sus 36 a\u00f1os, el corredor vitoriano no encuentra demasiadas motivaciones para volver a hacer las maletas y salir de casa de nuevo, tras haber estado estas dos \u00faltimas temporadas en el propio Euskaltel.\n<\/p>\n<p class=\"article-body__text \">\n        Profesional desde 2012 cuando dio el salto el Orbea de categor\u00eda continental, <strong>el sprinter alav\u00e9s ha sumado quince victorias, llegando a estar en el World Tour<\/strong> con la formaci\u00f3n vasca y tambi\u00e9n con el Lidl-Trek dos ejercicios.<\/p>\n","protected":false},"excerpt":{"rendered":"El ciclismo portugu\u00e9s ser\u00e1 el nuevo destino de Andoni L\u00f3pez de Abetxuko para 2026. El de Salvatierra firm\u00f3&hellip;\n","protected":false},"author":2,"featured_media":254012,"comment_status":"","ping_status":"","sticky":false,"template":"","format":"standard","meta":{"footnotes":""},"categories":[273],"tags":[64076,9690,15884,313,8062,312,168,25,24,33318,7355,23,167],"class_list":{"0":"post-254011","1":"post","2":"type-post","3":"status-publish","4":"format-standard","5":"has-post-thumbnail","7":"category-ciclismo","8":"tag-abetxuko","9":"tag-andoni","10":"tag-anicolor","11":"tag-ciclismo","12":"tag-correra","13":"tag-cycling","14":"tag-deportes","15":"tag-es","16":"tag-espana","17":"tag-euskaltel-euskadi","18":"tag-lopez","19":"tag-spain","20":"tag-sports"},"share_on_mastodon":{"url":"https:\/\/pubeurope.com\/@es\/115607136062339293","error":""},"_links":{"self":[{"href":"https:\/\/www.europesays.com\/es\/wp-json\/wp\/v2\/posts\/254011","targetHints":{"allow":["GET"]}}],"collection":[{"href":"https:\/\/www.europesays.com\/es\/wp-json\/wp\/v2\/posts"}],"about":[{"href":"https:\/\/www.europesays.com\/es\/wp-json\/wp\/v2\/types\/post"}],"author":[{"embeddable":true,"href":"https:\/\/www.europesays.com\/es\/wp-json\/wp\/v2\/users\/2"}],"replies":[{"embeddable":true,"href":"https:\/\/www.europesays.com\/es\/wp-json\/wp\/v2\/comments?post=254011"}],"version-history":[{"count":0,"href":"https:\/\/www.europesays.com\/es\/wp-json\/wp\/v2\/posts\/254011\/revisions"}],"wp:featuredmedia":[{"embeddable":true,"href":"https:\/\/www.europesays.com\/es\/wp-json\/wp\/v2\/media\/254012"}],"wp:attachment":[{"href":"https:\/\/www.europesays.com\/es\/wp-json\/wp\/v2\/media?parent=254011"}],"wp:term":[{"taxonomy":"category","embeddable":true,"href":"https:\/\/www.europesays.com\/es\/wp-json\/wp\/v2\/categories?post=254011"},{"taxonomy":"post_tag","embeddable":true,"href":"https:\/\/www.europesays.com\/es\/wp-json\/wp\/v2\/tags?post=254011"}],"curies":[{"name":"wp","href":"https:\/\/api.w.org\/{rel}","templated":true}]}}