{"id":254019,"date":"2025-11-24T22:58:25","date_gmt":"2025-11-24T22:58:25","guid":{"rendered":"https:\/\/www.europesays.com\/es\/254019\/"},"modified":"2025-11-24T22:58:25","modified_gmt":"2025-11-24T22:58:25","slug":"una-obra-de-frida-kahlo-la-mas-cara-para-una-artista-latina","status":"publish","type":"post","link":"https:\/\/www.europesays.com\/es\/254019\/","title":{"rendered":"Una obra de Frida Kahlo, la m\u00e1s cara para una artista latina"},"content":{"rendered":"<p>El dolor y la muerte siempre han sido elementos centrales de su obra. Toda su vida Frida Kahlo tuvo que luchar con una salud fr\u00e1gil, marcada por una enfermedad infantil, la poliomielitis, y un grave accidente de autob\u00fas en 1925. Kahlo, que falleci\u00f3 a los 47 a\u00f1os en 1954, \u201cno estaba de acuerdo\u201d con el hecho de que su obra fuera asociada al movimiento surrealista, agreg\u00f3 la experta.<\/p>\n","protected":false},"excerpt":{"rendered":"El dolor y la muerte siempre han sido elementos centrales de su obra. Toda su vida Frida Kahlo&hellip;\n","protected":false},"author":2,"featured_media":254020,"comment_status":"","ping_status":"","sticky":false,"template":"","format":"standard","meta":{"footnotes":""},"categories":[173],"tags":[64081,229,233,231,230,232,64080,234,146,147,25,24,33621,64079,10362,896,23],"class_list":{"0":"post-254019","1":"post","2":"type-post","3":"status-publish","4":"format-standard","5":"has-post-thumbnail","7":"category-arte-y-diseno","8":"tag-anna-di-stasi","9":"tag-arte","10":"tag-arte-y-diseno","11":"tag-arts","12":"tag-arts-and-design","13":"tag-design","14":"tag-diego-rivera","15":"tag-diseno","16":"tag-entertainment","17":"tag-entretenimiento","18":"tag-es","19":"tag-espana","20":"tag-frida-kahlo","21":"tag-georgia-okeeffe","22":"tag-impreso","23":"tag-nueva-york","24":"tag-spain"},"share_on_mastodon":{"url":"https:\/\/pubeurope.com\/@es\/115607155641531811","error":""},"_links":{"self":[{"href":"https:\/\/www.europesays.com\/es\/wp-json\/wp\/v2\/posts\/254019","targetHints":{"allow":["GET"]}}],"collection":[{"href":"https:\/\/www.europesays.com\/es\/wp-json\/wp\/v2\/posts"}],"about":[{"href":"https:\/\/www.europesays.com\/es\/wp-json\/wp\/v2\/types\/post"}],"author":[{"embeddable":true,"href":"https:\/\/www.europesays.com\/es\/wp-json\/wp\/v2\/users\/2"}],"replies":[{"embeddable":true,"href":"https:\/\/www.europesays.com\/es\/wp-json\/wp\/v2\/comments?post=254019"}],"version-history":[{"count":0,"href":"https:\/\/www.europesays.com\/es\/wp-json\/wp\/v2\/posts\/254019\/revisions"}],"wp:featuredmedia":[{"embeddable":true,"href":"https:\/\/www.europesays.com\/es\/wp-json\/wp\/v2\/media\/254020"}],"wp:attachment":[{"href":"https:\/\/www.europesays.com\/es\/wp-json\/wp\/v2\/media?parent=254019"}],"wp:term":[{"taxonomy":"category","embeddable":true,"href":"https:\/\/www.europesays.com\/es\/wp-json\/wp\/v2\/categories?post=254019"},{"taxonomy":"post_tag","embeddable":true,"href":"https:\/\/www.europesays.com\/es\/wp-json\/wp\/v2\/tags?post=254019"}],"curies":[{"name":"wp","href":"https:\/\/api.w.org\/{rel}","templated":true}]}}