{"id":254021,"date":"2025-11-24T23:00:09","date_gmt":"2025-11-24T23:00:09","guid":{"rendered":"https:\/\/www.europesays.com\/es\/254021\/"},"modified":"2025-11-24T23:00:09","modified_gmt":"2025-11-24T23:00:09","slug":"ot-2025-en-directo-en-prime-video-teyou-expulsada-tinho-favorito-valoracion-del-jurado-pablo-alboran-invitado-y-minuto-a-minuto-los40","status":"publish","type":"post","link":"https:\/\/www.europesays.com\/es\/254021\/","title":{"rendered":"OT 2025, en directo en Prime Video: Teyou expulsada, Tinho favorito, valoraci\u00f3n del jurado, Pablo Albor\u00e1n invitado y minuto a minuto &#8211; LOS40"},"content":{"rendered":"<ol>\n<li><a href=\"https:\/\/news.google.com\/rss\/articles\/CBMiwAFBVV95cUxNVHBFR2RuUl9Rd0I4eTA0MUFzV2tBS2o2VV9URmRXcU5Ma0xZSnNwTmk5M1F1ZDV5SmxDdndYcVlQMWxCbXYxMktEQUU2WjFPRTR5QUhuN1MwNFIxelg1b1FvYmVTdUlNekxsWTZnR3o2MjV6b0xicVdfRkRaN2g5LU03TEg3VzhCTVlLeDRtVG5GX0RxSldkR2hncVZCSnBnUlpvS3VySVdQVUpvU3NsVmpYX0ctRUV2MmVKa0lOM1bSAdQBQVVfeXFMT3dfNlRJWUI0M3NuUWdPUzFVblNmODNGX1FjdWM5SzlJMlBNTnJZcGhWcXlDSVJLOEdfQ0VJc2NUX3NPeS16UGFQS09wSXVTZGlGZEtuY3ZHdWplaGJvck9GN0s5dlZFa1BLVWstTTF3OUlGd1BnVGxaVWw1S2R2aXFGTWwwUVFsWEpLR3E4MFA1enR1V2ZqWnBXNTYxTG56bEtMVDN6U3RxdWtNUnhXQm43QmlWR2NBV2U4Y0pkZWFGUmM1MUtNUXVaN1BiM2VsWW1FbVI?oc=5\" target=\"_blank\" rel=\"nofollow noopener\">OT 2025, en directo en Prime Video: Teyou expulsada, Tinho favorito, valoraci\u00f3n del jurado, Pablo Albor\u00e1n invitado y minuto a minuto<\/a>&nbsp;&nbsp;LOS40<\/li>\n<li><a href=\"https:\/\/news.google.com\/rss\/articles\/CBMieEFVX3lxTFAyTnI4RWxxNmM5cVlob0M3dkp6Y1Y3M3ViQWlYcWdlTlpDZlVCLW00Uy0zVF96OEtKQzZKNlNuZFVrNk92N1JNbnZWcV9OWWZkRmdYbi1rQmd5TmpVT2VzSmFTandReDRyc3luamFCWks4U01YNHNlbA?oc=5\" target=\"_blank\" rel=\"nofollow noopener\">La concursante de &#8216;Operaci\u00f3n Triunfo&#8217; que regresa al programa 23 a\u00f1os despu\u00e9s: ahora triunfa en la serie diaria de TV3<\/a>&nbsp;&nbsp;SensaCine<\/li>\n<li><a href=\"https:\/\/news.google.com\/rss\/articles\/CBMijAFBVV95cUxNNXd0Q3pkNkt6NDhwZ2FDcDNrMmwyb0Z3VGdBci00dGpldmVrb1RWOUJpelNUcWNlLU0wWU12Y2ExWDFLSUlja2NuYTdjV3FlVWVvNTlFTFdfVS1DV2J2eUxFdWp1aGE0TGhaQlVnVFFMcnJ0RkNpakRUSEVRZjNwTWpfRVNqbXUzZjVJT9IBkgFBVV95cUxQcFdweWVnOUhDLVN5MGJYdF9tajEzQXNRRlVsTWo4VVN3eHBSV0p1Y1JEMlVVSUoySDF3eVp1dHFHaG5aRGJGZ0dHeFlSTTl4VGE5S3pWUEZBM01HdXhaYTlZakhhcXRia20yV0RrdmhxQXRuNDFOOUpDSWhSN2M1cEpyWVZSSzlKV2RGUThRZzRIUQ?oc=5\" target=\"_blank\" rel=\"nofollow noopener\">\u2018OT 2025\u2019: horario y c\u00f3mo ver el reparto de temas de la Gala 10<\/a>&nbsp;&nbsp;OkDiario<\/li>\n<li><a href=\"https:\/\/news.google.com\/rss\/articles\/CBMiywFBVV95cUxQWjA2Qkl5dVhidmZ4cUN3VjB6dlRpUDNOVmlvVHktb1BrakNDcGpBYmt4Um5vSWl3cjVPR09pSU5FZ2hpY1FvLVQ3QUZEd01JWlpTaWJEem5yVEtFSjFrSDM3OEJ4YVBaRzJSVmJ6R2MtMWFmUGF2cXo5LVg4MVFjSkx2eW0xSHA1M3R1TWpYNVNXYnZvSnl6cEtVaG4ycDNfOUh5Nm5vMXMtejBvWHZna2dKSUdQYVFSX1VLR25qT2tTY1ppd3JWOEFzb9IB0AFBVV95cUxNczM3bjk1UWdxMVlZb2lQdk5DZjZpNnhJaERQTWtYc0pldm9KRkMtcW84UHlWMkJWYUFDWVBFdUdYY3BXd0lma1I4Tlc4bGdMWF9NWEpQQVdVeHkwclliclNJRHREWUcyeGtpNHdmOGhmaE1hSDRBZ1RjbUR4UXAwS2tDbjVNSTBHR3VaQVY1em1KbGN5N2plbGphamJNeGFTTkhLQUJNWng1T0V5TkFmZ1lNc1RKVXBEUS10VXRzTHdScy1mbDFWNXRDZTFuVGtX?oc=5\" target=\"_blank\" rel=\"nofollow noopener\">Reparto de temas de la Gala 10 de \u2018OT 2025\u2019: Las canciones que defender\u00e1n los concursantes<\/a>&nbsp;&nbsp;Cadena Dial<\/li>\n<li><a href=\"https:\/\/news.google.com\/rss\/articles\/CBMinAJBVV95cUxQZUZFVzV5aXllRGIxTFdLelA2endDV2lHMVgxOG5TcmRMb2dPVUtBalN5YW9xMWZ6dWY2YmxDajV3ekRmUjNyMnRZaDNBUnJLeTFkUDNDOU92d3k4YzdhdFAzUHJ6QWZqLTFJc1pEOHVRT1VZZzFYaUMwUXZGTGlSd1k5RFZWVV9FdkliLTU0TlhiWUF2a2tOZXJlOTZaaVdyNng0cmhrTXhYbk9wb1U1S2dQU011TDB3N1ZtV0Y4TnRoS05IWWRtbEpHRGp3ci03dzd1bm1meDRXaGI0ZVpuZTRxWlVibDZsUTU0UUFLNmhhZ2tTQWVvNTRFMUJjWkVhZENCcC1EX2VWS0ZWczB6b2pZV2xyZWRKcV95btIBtwJBVV95cUxQUjJseE9qNjI3TTVLX2pna0NFWEhsOFBPQWRUOVlWdjduUHU3b05OUlotUlNNTjdVNEotX25iQUlYc2FkYWF3blQ2N0M5M1pnVlRFdFhqUVpSdk9RT21LOVg0R214dGl5a2xmNEZ3clV6MVV5dWpJWlZlTHdIdElkZFNyRWVmRUVxNUZNLVQxcTRKYUc4RWZBdzZNaWZXazA1NEE3NFBjczdxR0x6MUhoZFF2MkkxY3hJX1lyQS1Xd2FqVERnYkU4S2ZPeUFsRlg2NXREUkhOdk16ODRLLXFjdHRQRmp5MTZpZmcxZ0tQd2FpcjZrTHdhRWlSX1RTUFVCQmVIVFd0TWZBbTFpWmVkakdQSlBUQms5T3pKbC1GZEtXMG4yR2s1azhNMnExbEdEc1dQQkN2RQ?oc=5\" target=\"_blank\" rel=\"nofollow noopener\">La gala 10 de \u2018Operaci\u00f3n Triunfo 2025\u2032 estar\u00e1 dedicada a la lucha contra la violencia de g\u00e9nero: una exconcursante cantar\u00e1 con las mujeres de la edici\u00f3n<\/a>&nbsp;&nbsp;Infobae<\/li>\n<\/ol>\n","protected":false},"excerpt":{"rendered":"OT 2025, en directo en Prime Video: Teyou expulsada, Tinho favorito, valoraci\u00f3n del jurado, Pablo Albor\u00e1n invitado y&hellip;\n","protected":false},"author":2,"featured_media":254022,"comment_status":"","ping_status":"","sticky":false,"template":"","format":"standard","meta":{"footnotes":""},"categories":[171],"tags":[146,147,25,24,23,214],"class_list":{"0":"post-254021","1":"post","2":"type-post","3":"status-publish","4":"format-standard","5":"has-post-thumbnail","7":"category-tv","8":"tag-entertainment","9":"tag-entretenimiento","10":"tag-es","11":"tag-espana","12":"tag-spain","13":"tag-tv"},"share_on_mastodon":{"url":"https:\/\/pubeurope.com\/@es\/115607163843735963","error":""},"_links":{"self":[{"href":"https:\/\/www.europesays.com\/es\/wp-json\/wp\/v2\/posts\/254021","targetHints":{"allow":["GET"]}}],"collection":[{"href":"https:\/\/www.europesays.com\/es\/wp-json\/wp\/v2\/posts"}],"about":[{"href":"https:\/\/www.europesays.com\/es\/wp-json\/wp\/v2\/types\/post"}],"author":[{"embeddable":true,"href":"https:\/\/www.europesays.com\/es\/wp-json\/wp\/v2\/users\/2"}],"replies":[{"embeddable":true,"href":"https:\/\/www.europesays.com\/es\/wp-json\/wp\/v2\/comments?post=254021"}],"version-history":[{"count":0,"href":"https:\/\/www.europesays.com\/es\/wp-json\/wp\/v2\/posts\/254021\/revisions"}],"wp:featuredmedia":[{"embeddable":true,"href":"https:\/\/www.europesays.com\/es\/wp-json\/wp\/v2\/media\/254022"}],"wp:attachment":[{"href":"https:\/\/www.europesays.com\/es\/wp-json\/wp\/v2\/media?parent=254021"}],"wp:term":[{"taxonomy":"category","embeddable":true,"href":"https:\/\/www.europesays.com\/es\/wp-json\/wp\/v2\/categories?post=254021"},{"taxonomy":"post_tag","embeddable":true,"href":"https:\/\/www.europesays.com\/es\/wp-json\/wp\/v2\/tags?post=254021"}],"curies":[{"name":"wp","href":"https:\/\/api.w.org\/{rel}","templated":true}]}}