{"id":254023,"date":"2025-11-24T23:01:17","date_gmt":"2025-11-24T23:01:17","guid":{"rendered":"https:\/\/www.europesays.com\/es\/254023\/"},"modified":"2025-11-24T23:01:17","modified_gmt":"2025-11-24T23:01:17","slug":"azulejos-rotos-el-tema-con-el-que-natalie-c-se-lanza-al-mercado-musical","status":"publish","type":"post","link":"https:\/\/www.europesays.com\/es\/254023\/","title":{"rendered":"\u2018Azulejos rotos\u2019 el tema con el que Natalie C se lanza al mercado musical"},"content":{"rendered":"<p>Con \u2018<strong>Azulejos Rotos\u2019<\/strong>, la artista ceut\u00ed <a href=\"https:\/\/elfarodeceuta.es\/natalie-c-artista-emergente-busca-lugar-musica\/\" rel=\"nofollow noopener\" target=\"_blank\"><strong>Natalie C<\/strong><\/a> abre <strong>una nueva etapa en su carrera: m\u00e1s madura, po\u00e9tica<\/strong> y profundamente conectada con Granada, la ciudad que da vida y sentido a su \u00faltimo lanzamiento.<\/p>\n<p>La joven de 22 a\u00f1os, conocida en el panorama musical de la ciudad, se desprende de la l\u00ednea que hab\u00eda mostrado hasta ahora para dar lugar a <strong>una versi\u00f3n m\u00e1s ambiciosa y profesional de s\u00ed misma<\/strong>, en un tema que roza la l\u00edrica lorquiana.<\/p>\n<p>Con un videoclip grabado entre el Albaic\u00edn y el parque Federico Garc\u00eda Lorca, y con la emoci\u00f3n del que est\u00e1 <strong>a punto de cantar por primera vez fuera de su ciudad natal<\/strong>, <a href=\"https:\/\/elfarodeceuta.es\/natalie-momacha10-duo-romantico-musica-urbana-quiere-arrasar\/\" rel=\"nofollow noopener\" target=\"_blank\"><strong>Natalie C<\/strong><\/a> invita a escuchar una canci\u00f3n que define como su pieza m\u00e1s personal.<\/p>\n<p>En esta entrevista, <strong>desvela la evoluci\u00f3n que encierra este nuevo proyecto, sus metas, sus miedos y la voz interior que la empuja a seguir escribiendo<\/strong> para que el mundo la escuche.<strong>\u00a0<\/strong><\/p>\n<p><img loading=\"lazy\" decoding=\"async\" class=\"aligncenter wp-image-1300693 size-full\" src=\"https:\/\/www.europesays.com\/es\/wp-content\/uploads\/2025\/11\/azulejos-rotos-tema-natalie-c-lanza-mercado-musical-2.jpeg\" alt=\"\" width=\"1170\" height=\"1160\"  \/><\/p>\n<p><strong>-Acaba de lanzar su nuevo tema, \u00bfde qu\u00e9 trata \u2018Azulejos Rotos\u2019?<\/strong><\/p>\n<p>-Azulejos Rotos est\u00e1 inspirado en Granada y, bueno, trata sobre una falta de amor muy pura, por as\u00ed decirlo, una carencia de amor que est\u00e1 muy adentro y que no se puede expresar con palabras sencillas, sino que tiene que ir un poco m\u00e1s all\u00e1 para ver el dolor que realmente hay dentro, y eso tambi\u00e9n intento mostrar con un poema de Garc\u00eda Lorca, que como poeta granadino no pod\u00eda faltar en esta canci\u00f3n para m\u00ed, porque representa mucho a Granada.<\/p>\n<p>Viene del romance son\u00e1mbulo, que bueno, quiz\u00e1 por el t\u00edtulo nadie lo conozca, pero de la famosa parte \u201cVerde que te quiero verde\u201d, son los versos menos conocidos de ese poema.<\/p>\n<p>Me llam\u00f3 esa parte espec\u00edfica porque creo que era lo que encajaba con el sentimiento que quer\u00eda transmitir en la canci\u00f3n.<\/p>\n<p><strong>-\u00bfQu\u00e9 supone este nuevo tema que rompe con la l\u00ednea que Natalie C hab\u00eda tra\u00eddo hasta ahora?<\/strong><\/p>\n<p>-Rompo con la l\u00ednea de Natalie C de antes, m\u00e1s que nada, por la evoluci\u00f3n que creo que he tenido y creo que este es el primer tema que confirma ese pensamiento. Una evoluci\u00f3n art\u00edstica.<\/p>\n<p>Hay evoluci\u00f3n en las letras, los ritmos, que de nuevo innovo con el estilo, porque nunca hab\u00eda probado este estilo antes, y normalmente pruebo muchos estilos diferentes, pero s\u00ed siento que he mejorado en eso.<\/p>\n<p>Ya no me conformo con solo sacarlo y ya, sino que quiero que el mundo me escuche, no solo la gente de mi ciudad, sino intentar que estas canciones lleguen a otros lugares para poder abrirme m\u00e1s como artista.<\/p>\n<p><img loading=\"lazy\" decoding=\"async\" class=\"aligncenter wp-image-1300694 size-full\" src=\"https:\/\/www.europesays.com\/es\/wp-content\/uploads\/2025\/11\/azulejos-rotos-tema-natalie-c-lanza-mercado-musical-3.jpeg\" alt=\"\" width=\"546\" height=\"585\"  \/><\/p>\n<p><strong>-\u00bfQu\u00e9 evoluci\u00f3n podemos encontrar en esta nueva canci\u00f3n en Natalie C como artista y ya no como aficionada a la m\u00fasica?<\/strong><\/p>\n<p>-Realmente esta canci\u00f3n es mi favorita, ya que rompe mucho con lo urbano que solemos escuchar. Al fin y al cabo, la canci\u00f3n para m\u00ed no deja de ser canci\u00f3n urbana, pero si yo te digo que voy a presentarte una canci\u00f3n urbana, t\u00fa nunca vas a pensar que la canci\u00f3n es Azulejos Rotos, ni va a ser ese estilo, ni esa forma de poetizar los versos y tratar un desamor de forma que hay que entenderlo bien y escuchar bien para realmente saber qu\u00e9 quiere decir el artista cuando menciona todas las cosas.<\/p>\n<p><strong>-Comentaba que ahora se ha propuesto metas ambiciosas, \u00bfqu\u00e9 metas son estas?<\/strong><\/p>\n<p>-Pues mira, mi meta realmente la ten\u00eda para dentro de bastante tiempo, para finales de 2026 incluso. Pero, hace tres meses dije que mi sue\u00f1o era intentar hacer un concierto fuera de Ceuta y justo antes de que acabe el a\u00f1o voy a hacer uno, o sea que voy a cumplir mi sue\u00f1o antes de lo previsto.<\/p>\n<p>Es este viernes 28. Voy a participar gracias a Samu e Iv\u00e1n, quienes llevan el evento denominado \u2018M\u00fasica Malafoll\u00e1\u2019 en un pub aqu\u00ed de Granada. Tambi\u00e9n cantar\u00e1 otro chaval m\u00e1s.<\/p>\n<p>Entonces, a m\u00ed me hace much\u00edsima ilusi\u00f3n porque va a ser la primera vez cantando fuera de Ceuta y eso pues me va a subir mucho el \u00e1nimo para seguir haciendo mis cosas, para seguir haciendo canciones, seguir queriendo compartir mi m\u00fasica y que me lleve a donde me tenga que llevar.<\/p>\n<p><strong>-Esta canci\u00f3n parece un poema cantado, \u00bfqu\u00e9 nos puede contar sobre su versi\u00f3n como poeta y escritora?<\/strong><\/p>\n<p>-Bueno, pues \u2018Azulejos Rotos\u2019, como he dicho ya, aunque sea de mis favoritas, tambi\u00e9n creo que es una canci\u00f3n muy delicada. Por eso como que la tengo muy cuidada en ese sentido.<\/p>\n<p>Versiona mi antes de la m\u00fasica, mi pasado y mi presente, ya que en el pasado escrib\u00eda poes\u00eda y ahora actualmente escribo canciones y, entonces, realmente, es una canci\u00f3n muy po\u00e9tica.<\/p>\n<p>Tambi\u00e9n refleja c\u00f3mo escribo, eso, sobre todo, es lo que m\u00e1s me gusta de Azulejos Rotos. Es cierto que al hacer m\u00fasica comercial o m\u00fasica que solo tiene estribillos pegadizos las letras son m\u00e1s simples.<\/p>\n<p>Pero con Azulejos Rotos he podido demostrar un poco en una canci\u00f3n que mi pasi\u00f3n es escribir. Yo siempre lo he dicho, que yo canto porque escribo, sino realmente nunca me hubiese metido a cantar, ni a este mundo.<\/p>\n<p>Esta soy yo.<\/p>\n<p><img loading=\"lazy\" decoding=\"async\" class=\"aligncenter wp-image-1300696 \" src=\"https:\/\/www.europesays.com\/es\/wp-content\/uploads\/2025\/11\/azulejos-rotos-tema-natalie-c-lanza-mercado-musical-5.jpeg\" alt=\"\" width=\"730\" height=\"649\"  \/><\/p>\n<p><strong>-Ha sacado <a href=\"https:\/\/elfarodeceuta.es\/sera-nuevo-tema-santaella-natalie-c\/\" rel=\"nofollow noopener\" target=\"_blank\">videoclip<\/a>, es la primera vez que lanza un tema con producci\u00f3n audiovisual? \u00bfC\u00f3mo se decidieron los lugares y el ambiente del proyecto?<\/strong><\/p>\n<p>-No, no es la primera vez que hago un videoclip para mis canciones y es m\u00e1s, actualmente, bueno, desde hace ya mucho tiempo todas mis canciones est\u00e1n producidas por m\u00ed, hablando de videoclip, de producci\u00f3n musical, pues de los bloques o RKP Music, que es mi productor de confianza.<\/p>\n<p>Y hablando de visual de videoclip, con mi c\u00e1mara del m\u00f3vil tiro de alguien que pueda grabarme y ya est\u00e1. A veces grabo hasta yo misma y edito. Para m\u00ed es algo muy divertido.<\/p>\n<p>Respecto a los escenarios de grabaci\u00f3n, una parte est\u00e1 grabada por Albaic\u00edn, que es el famoso barrio de Granada. Y la otra parte est\u00e1 en el parque de Federico Garc\u00eda Lorca, que justo ah\u00ed est\u00e1 en la casa de verano de Lorca.<\/p>\n<p>Es la casa blanca que se ve en el videoclip, la que tengo detr\u00e1s e incluso al final del v\u00eddeo se ve como se est\u00e1 haciendo de noche y la imagen es una casa, pues esa casa es en la que veraneaba Lorca.<\/p>\n<p><strong>-\u00bfLe gustar\u00eda o tiene pensado cantar su nuevo tema en Ceuta?<\/strong><\/p>\n<p>-A m\u00ed me encantar\u00eda much\u00edsimo cantar esta canci\u00f3n en Ceuta.<\/p>\n<p>Sobre todo, por favor, que lo digo por aqu\u00ed, me encantar\u00eda, ser\u00eda mi sue\u00f1o m\u00e1ximo, al menos ahora mismo como telonera, porque soy artista emergente, no estoy consolidada, pero telonera de un concierto en las Murallas Reales.<\/p>\n<p>Que antes de que cante el artista o la banda, me cuenten conmigo para cantar de telonera y cantar esta canci\u00f3n u otras muchas que tengo. Eso me encantar\u00eda, me encantar\u00eda vivir esa experiencia.<\/p>\n<p><img loading=\"lazy\" decoding=\"async\" class=\"aligncenter wp-image-1300695 size-full\" src=\"https:\/\/www.europesays.com\/es\/wp-content\/uploads\/2025\/11\/azulejos-rotos-tema-natalie-c-lanza-mercado-musical-4.jpeg\" alt=\"\" width=\"763\" height=\"633\"  \/><\/p>\n<p><strong>-Para finalizar, \u00bfle gustar\u00eda enviar un mensaje del por qu\u00e9 deber\u00edan escuchar \u2018Azulejos Rotos\u2019 o definirSe como artista? <\/strong><\/p>\n<p>-Bueno, pues yo aconsejar\u00eda escuchar Azulejos Rotos, porque es un estilo que no se escucha, que bueno, si fuera Azulejos Rotos reggaet\u00f3n, pues al fin y al cabo el reggaet\u00f3n ya es muy escuchado, entonces a lo mejor no te esperas tanto de una canci\u00f3n que te la defino como canci\u00f3n po\u00e9tica y a la vez est\u00e1 dentro de lo urbano.<\/p>\n<p>Yo creo que es una canci\u00f3n que se tiene que escuchar, es bonita, en el videoclip cada detalle tiene su significado y hago muchas referencias a lo que Granada es para m\u00ed y, obviamente, a lo que es Lorca.<\/p>\n<p>Espero que le guste a la gente sobre todo y que si realmente le ha gustado a alguien que me escriban, \u00bfno? Que eso siempre motiva a seguir con esto porque si es verdad que a mucha gente a lo mejor le puede gustar y no me dicen nada y a m\u00ed entonces ese mensaje no me llega.<\/p>\n<p>Pero me llega much\u00edsimo que una persona me escriba y me diga: \u201chola Natalia, he escuchado tu tema, me gusta mucho\u201d. A m\u00ed eso me llena much\u00edsimo como cantante y me hace ver que estoy haciendo las cosas bien y que ya no es solo m\u00fasica para m\u00ed, sino que al compartirla ya la hace de todas las personas que escuchen esa m\u00fasica.<\/p>\n","protected":false},"excerpt":{"rendered":"Con \u2018Azulejos Rotos\u2019, la artista ceut\u00ed Natalie C abre una nueva etapa en su carrera: m\u00e1s madura, po\u00e9tica&hellip;\n","protected":false},"author":2,"featured_media":254024,"comment_status":"","ping_status":"","sticky":false,"template":"","format":"standard","meta":{"footnotes":""},"categories":[170],"tags":[146,147,25,24,184,185,23],"class_list":{"0":"post-254023","1":"post","2":"type-post","3":"status-publish","4":"format-standard","5":"has-post-thumbnail","7":"category-musica","8":"tag-entertainment","9":"tag-entretenimiento","10":"tag-es","11":"tag-espana","12":"tag-music","13":"tag-musica","14":"tag-spain"},"share_on_mastodon":{"url":"https:\/\/pubeurope.com\/@es\/115607168112670996","error":""},"_links":{"self":[{"href":"https:\/\/www.europesays.com\/es\/wp-json\/wp\/v2\/posts\/254023","targetHints":{"allow":["GET"]}}],"collection":[{"href":"https:\/\/www.europesays.com\/es\/wp-json\/wp\/v2\/posts"}],"about":[{"href":"https:\/\/www.europesays.com\/es\/wp-json\/wp\/v2\/types\/post"}],"author":[{"embeddable":true,"href":"https:\/\/www.europesays.com\/es\/wp-json\/wp\/v2\/users\/2"}],"replies":[{"embeddable":true,"href":"https:\/\/www.europesays.com\/es\/wp-json\/wp\/v2\/comments?post=254023"}],"version-history":[{"count":0,"href":"https:\/\/www.europesays.com\/es\/wp-json\/wp\/v2\/posts\/254023\/revisions"}],"wp:featuredmedia":[{"embeddable":true,"href":"https:\/\/www.europesays.com\/es\/wp-json\/wp\/v2\/media\/254024"}],"wp:attachment":[{"href":"https:\/\/www.europesays.com\/es\/wp-json\/wp\/v2\/media?parent=254023"}],"wp:term":[{"taxonomy":"category","embeddable":true,"href":"https:\/\/www.europesays.com\/es\/wp-json\/wp\/v2\/categories?post=254023"},{"taxonomy":"post_tag","embeddable":true,"href":"https:\/\/www.europesays.com\/es\/wp-json\/wp\/v2\/tags?post=254023"}],"curies":[{"name":"wp","href":"https:\/\/api.w.org\/{rel}","templated":true}]}}