{"id":254025,"date":"2025-11-24T23:02:10","date_gmt":"2025-11-24T23:02:10","guid":{"rendered":"https:\/\/www.europesays.com\/es\/254025\/"},"modified":"2025-11-24T23:02:10","modified_gmt":"2025-11-24T23:02:10","slug":"se-rodo-en-espana-hace-mas-de-20-anos-y-la-protagoniza-carlos-areces","status":"publish","type":"post","link":"https:\/\/www.europesays.com\/es\/254025\/","title":{"rendered":"se rod\u00f3 en Espa\u00f1a hace m\u00e1s de 20 a\u00f1os&#8230; y la protagoniza Carlos Areces"},"content":{"rendered":"<p>Olvida a Michael J. Fox, olvida a Robert Zemeckis y olvida a Universal Pictures. El verdadero <strong>Regreso al Futuro 4 <\/strong>se rod\u00f3 en Espa\u00f1a hace m\u00e1s de veinte a\u00f1os, con un presupuesto de tres whiskies, y lo protagoniz\u00f3 nada menos que Carlos Areces. \u00bfD\u00f3nde? En <a href=\"https:\/\/www.espinof.com\/tag\/muchachada-nui\" rel=\"nofollow noopener\" target=\"_blank\">MuchaChada Nui<\/a>, ese programa de humor surrealista y descarado que convirti\u00f3 la televisi\u00f3n espa\u00f1ola en un laboratorio de sketches tan frikis como imposibles.\u00a0El mismo equipo que, por cierto, hizo nuestro <a class=\"text-outboundlink\" href=\"https:\/\/www.vidaextra.com\/cine\/chanantes-aqui-esta-el-video-con-el-autentico-kratos-joaquin-reyes\" data-vars-post-title=\"\u00a1Chanantes! Aqu\u00ed est\u00e1 el v\u00eddeo con el aut\u00e9ntico Kratos: Joaqu\u00edn Reyes\" data-vars-post-url=\"https:\/\/www.vidaextra.com\/cine\/chanantes-aqui-esta-el-video-con-el-autentico-kratos-joaquin-reyes\" rel=\"nofollow noopener\" target=\"_blank\">live action espa\u00f1ol de God of War<\/a> por encargo de PlayStation.<\/p>\n<p>\u00bfUna secuela leg\u00edtima? Bueno, fue producido y emitido por Televisi\u00f3n Espa\u00f1ola y emitido en La2. Pero conviene aclarar que ni Universal Pictures ni Robert Zemeckis ni Bob Gale tuvieron nada que ver. El resultado nos lleva a un futuro todav\u00eda m\u00e1s lejano que el visto en la segunda parte de <a class=\"text-outboundlink\" href=\"https:\/\/www.vidaextra.com\/cine\/que-regreso-al-futuro-joya-atemporal-pese-a-que-su-futuro-pura-fantasia\" data-vars-post-title=\"Por qu\u00e9 Regreso al Futuro es una joya atemporal, pese a que su futuro es pura fantas\u00eda\" data-vars-post-url=\"https:\/\/www.vidaextra.com\/cine\/que-regreso-al-futuro-joya-atemporal-pese-a-que-su-futuro-pura-fantasia\" rel=\"nofollow noopener\" target=\"_blank\">la trilog\u00eda del DeLorean<\/a> y su protagonista no deba tantos saltos por el tiempo, sino que navegaba a trav\u00e9s de los l\u00edmites del humor chanante. Tanto, que en el proceso, hasta se top\u00f3 con otros iconos del cine de los 80s y le improvisaron un musical en las narices.\u00a0\u00a0<\/p>\n<p>Eso s\u00ed el protagonista absoluto es Carlos Areces, quien se convirti\u00f3 en nuestro \u00abMarty McFly manchego\u00bb. Demostrando que para viajar al futuro no hace falta plutonio: basta con un guion sinverg\u00fcenza, un par de lingotazos y un equipo dispuesto a re\u00edrse de todo. \u00bfEl resultado? Un cortometraje de m\u00e1s de seis minutos que, posiblemente, tendr\u00eda la reprobaci\u00f3n de todos y cada uno de los responsables de la saga <strong>Regreso al Futuro<\/strong>. Y, sin embargo, como ver\u00e1s, una cuarta entrega muy Made in Spain.<\/p>\n<p>El sketch de <strong>Regreso al Futuro 4<\/strong> fue emitido en aquellos a\u00f1os en los que RTVE se atrev\u00eda con formatos tan gamberros como MuchaChada Nui. El programa, heredero del esp\u00edritu de <strong>La Hora Chanante<\/strong>, se caracterizaba por su humor absurdo, espa\u00f1olizar a las celebridades internacionales y un tono irreverente que convert\u00eda cualquier tema en un festival de carcajadas.<\/p>\n<p>As\u00ed, mientras Hollywood proteg\u00eda celosamente la franquicia de <strong>Back to the Future<\/strong>, negando <a class=\"text-outboundlink\" href=\"https:\/\/www.vidaextra.com\/cine\/veremos-alguna-vez-regreso-al-futuro-4-su-guionista-tiene-clara-su-respuesta-para-fans-que-desean-secuela-franquicia-ciencia-ficcion\" data-vars-post-title=\"\u00bfVeremos alguna vez Regreso al Futuro 4? Su guionista tiene clara su respuesta para los fans que desean una secuela de la franquicia de ciencia ficci\u00f3n\" data-vars-post-url=\"https:\/\/www.vidaextra.com\/cine\/veremos-alguna-vez-regreso-al-futuro-4-su-guionista-tiene-clara-su-respuesta-para-fans-que-desean-secuela-franquicia-ciencia-ficcion\" rel=\"nofollow noopener\" target=\"_blank\">durante d\u00e9cadas<\/a> darnos una cuarta pel\u00edcula, la televisi\u00f3n p\u00fablica de Espa\u00f1a se dedic\u00f3 a hacer la secuela m\u00e1s improbable de la historia del cine. Sin guion oficial, ni presupuesto millonario, ni intenci\u00f3n de expandir la saga.\u00a0<\/p>\n<p>    <a href=\"https:\/\/www.vidaextra.com\/accion\/acabo-ensenarle-a-este-jugador-que-estupidez-cierra-puertas-que-abre-a-veces-literalmente\" class=\"pivot-outboundlink\" data-vars-post-title=\"Acabo de ense\u00f1arle a este jugador que la estupidez cierra m\u00e1s puertas de las que abre, a veces literalmente\" rel=\"nofollow noopener\" target=\"_blank\"><br \/>\n     <img loading=\"lazy\" decoding=\"async\" alt=\"Acabo de ense\u00f1arle a este jugador que la estupidez cierra m\u00e1s puertas de las que abre, a veces literalmente\" width=\"375\" height=\"142\" src=\"https:\/\/i.blogs.es\/97dc81\/arc-raiders-historia-2\/375_142.webp\" onerror=\"this.src=\" https:=\"\"\/><br \/>\n    <\/a><\/p>\n<p>De modo que si alguna vez te preguntan por la cuarta entrega de la saga, ya tienes la respuesta: <strong>Regreso al Futuro 4<\/strong> existe, s\u00ed. Pero no la ver\u00e1s en los cines, ni est\u00e1 guardada en una lata de pel\u00edcula olvidada en alg\u00fan caj\u00f3n de Hollywood: existe en la memoria colectiva de quienes disfrutaron de <strong>MuchaChada Nui<\/strong> y entendieron que el humor absurdo tambi\u00e9n puede ser una m\u00e1quina del tiempo: nos transporta a un lugar donde la risa es m\u00e1s importante que la l\u00f3gica. Sobre todo cuando hay nostalgia de por medio.\u00a0<\/p>\n<p>En VidaExtra | <a class=\"text-outboundlink\" href=\"https:\/\/www.vidaextra.com\/cine\/regreso-al-futuro-no-tenia-secuela-que-videoclub-anuncio\" data-vars-post-title=\"Regreso al Futuro no ten\u00eda secuela... hasta que el videoclub la anunci\u00f3\" data-vars-post-url=\"https:\/\/www.vidaextra.com\/cine\/regreso-al-futuro-no-tenia-secuela-que-videoclub-anuncio\" target=\"_blank\" rel=\"nofollow noopener\">Regreso al Futuro no ten\u00eda secuela&#8230; hasta que el videoclub la anunci\u00f3<\/a><\/p>\n<p>En VidaExtra | <a class=\"text-outboundlink\" href=\"https:\/\/www.vidaextra.com\/cine\/cinco-posters-descartados-regreso-al-futuro-arte-ver-pelicula-a-traves-diferentes-prismas\" data-vars-post-title=\"Los cinco p\u00f3sters descartados de Regreso al Futuro: el arte de ver la misma pel\u00edcula a trav\u00e9s de diferentes prismas \" data-vars-post-url=\"https:\/\/www.vidaextra.com\/cine\/cinco-posters-descartados-regreso-al-futuro-arte-ver-pelicula-a-traves-diferentes-prismas\" target=\"_blank\" rel=\"nofollow noopener\">Los cinco p\u00f3sters descartados de Regreso al Futuro: el arte de ver la misma pel\u00edcula a trav\u00e9s de diferentes prismas<\/a><\/p>\n","protected":false},"excerpt":{"rendered":"Olvida a Michael J. Fox, olvida a Robert Zemeckis y olvida a Universal Pictures. El verdadero Regreso al&hellip;\n","protected":false},"author":2,"featured_media":254026,"comment_status":"","ping_status":"","sticky":false,"template":"","format":"standard","meta":{"footnotes":""},"categories":[169],"tags":[177,146,147,25,24,176,175,23],"class_list":{"0":"post-254025","1":"post","2":"type-post","3":"status-publish","4":"format-standard","5":"has-post-thumbnail","7":"category-cine","8":"tag-cine","9":"tag-entertainment","10":"tag-entretenimiento","11":"tag-es","12":"tag-espana","13":"tag-film","14":"tag-movies","15":"tag-spain"},"share_on_mastodon":{"url":"https:\/\/pubeurope.com\/@es\/115607171606075785","error":""},"_links":{"self":[{"href":"https:\/\/www.europesays.com\/es\/wp-json\/wp\/v2\/posts\/254025","targetHints":{"allow":["GET"]}}],"collection":[{"href":"https:\/\/www.europesays.com\/es\/wp-json\/wp\/v2\/posts"}],"about":[{"href":"https:\/\/www.europesays.com\/es\/wp-json\/wp\/v2\/types\/post"}],"author":[{"embeddable":true,"href":"https:\/\/www.europesays.com\/es\/wp-json\/wp\/v2\/users\/2"}],"replies":[{"embeddable":true,"href":"https:\/\/www.europesays.com\/es\/wp-json\/wp\/v2\/comments?post=254025"}],"version-history":[{"count":0,"href":"https:\/\/www.europesays.com\/es\/wp-json\/wp\/v2\/posts\/254025\/revisions"}],"wp:featuredmedia":[{"embeddable":true,"href":"https:\/\/www.europesays.com\/es\/wp-json\/wp\/v2\/media\/254026"}],"wp:attachment":[{"href":"https:\/\/www.europesays.com\/es\/wp-json\/wp\/v2\/media?parent=254025"}],"wp:term":[{"taxonomy":"category","embeddable":true,"href":"https:\/\/www.europesays.com\/es\/wp-json\/wp\/v2\/categories?post=254025"},{"taxonomy":"post_tag","embeddable":true,"href":"https:\/\/www.europesays.com\/es\/wp-json\/wp\/v2\/tags?post=254025"}],"curies":[{"name":"wp","href":"https:\/\/api.w.org\/{rel}","templated":true}]}}