{"id":254028,"date":"2025-11-24T23:04:13","date_gmt":"2025-11-24T23:04:13","guid":{"rendered":"https:\/\/www.europesays.com\/es\/254028\/"},"modified":"2025-11-24T23:04:13","modified_gmt":"2025-11-24T23:04:13","slug":"150-terapias-dirigidas-y-nuevas-recomendaciones","status":"publish","type":"post","link":"https:\/\/www.europesays.com\/es\/254028\/","title":{"rendered":"150 terapias dirigidas y nuevas recomendaciones"},"content":{"rendered":"<p>            <a href=\"https:\/\/gacetamedica.com\/wp-content\/uploads\/2025\/11\/GettyImages-1297299298-e1763985289505.jpg\" data-caption=\"\" rel=\"nofollow noopener\" target=\"_blank\"><img loading=\"lazy\" decoding=\"async\" width=\"696\" height=\"464\" class=\"entry-thumb td-modal-image\" src=\"https:\/\/www.europesays.com\/es\/wp-content\/uploads\/2025\/11\/GettyImages-1297299298-696x464.jpg\"   alt=\"vacunaci\u00f3n\" title=\"\"\/><\/a><\/p>\n<p>La <strong>Sociedad Espa\u00f1ola de Medicina Preventiva, Salud P\u00fablica y Gesti\u00f3n Sanitaria (SEMPSPGS)<\/strong> ha publicado la quinta edici\u00f3n de la \u00abGu\u00eda de vacunaci\u00f3n en pacientes tratados con anticuerpos monoclonales y otras terapias dirigidas inmunosupresoras\u00bb, un documento que consolida por primera vez una <strong>actualizaci\u00f3n nacional coordinada<\/strong> y que se ha convertido en la referencia m\u00e1s exhaustiva disponible hasta la fecha para los profesionales sanitarios. La nueva versi\u00f3n incorpora 150 terapias dirigidas \u2014131 anticuerpos monoclonales (ACM) y 19 f\u00e1rmacos no ACM\u2014 y actualiza las recomendaciones vacunales en un contexto marcado por el r\u00e1pido crecimiento de las inmunoterapias y su complejidad cl\u00ednica.<\/p>\n<p><a href=\"https:\/\/gacetamedica.com\/politica\/oms-anuncia-recomendaciones-para-composicion-vacuna-influenza\/\" data-type=\"link\" data-id=\"https:\/\/gacetamedica.com\/politica\/oms-anuncia-recomendaciones-para-composicion-vacuna-influenza\/\" target=\"_blank\" rel=\"noreferrer noopener nofollow\">La gu\u00eda<\/a> describe de forma detallada l<strong>os ACM actualmente disponibles<\/strong>, entre ellos 22 incorporados desde la \u00faltima actualizaci\u00f3n de enero de 2024, lo que refleja el dinamismo del campo. Tal como se\u00f1ala el documento, \u00abhemos identificado 131 ACM aprobados por la EMA as\u00ed como varios biosimilares autorizados en los \u00faltimos dos a\u00f1os\u00bb.<\/p>\n<p>De todos ellos, <strong>solo 70 (53,4%) poseen capacidad inmunosupresora<\/strong>, lo que subraya la importancia de discriminar entre f\u00e1rmacos que requieren una estrategia vacunal espec\u00edfica y aquellos que no. La gu\u00eda recuerda, adem\u00e1s, que existen ACM con indicaci\u00f3n diagn\u00f3stica o preventiva \u2014como nirsevimab\u2014 que no deben contemplarse bajo el prisma cl\u00e1sico de inmunosupresi\u00f3n.<\/p>\n<p>La nueva edici\u00f3n tambi\u00e9n <strong>ampl\u00eda el \u00e1mbito a otras terapias dirigidas no biol\u00f3gicas<\/strong>, destacando especialmente los inhibidores de la JAK (-tinib), debido a su asociaci\u00f3n con reactivaci\u00f3n de herpes z\u00f3ster y sus implicaciones en la indicaci\u00f3n vacunal. \u00abAdquieren especial relevancia los anti-JAK por su elevada frecuencia de reactivaci\u00f3n de herpes z\u00f3ster\u00bb, destacan en el documento. <\/p>\n<p><strong>Coordinaci\u00f3n nacional y alineaci\u00f3n con el Ministerio de Sanidad<\/strong><\/p>\n<p>Una de las grandes novedades es la coordinaci\u00f3n directa con la pr\u00f3xima actualizaci\u00f3n de la gu\u00eda de <strong>Vacunaci\u00f3n en grupos de riesgo del Ministerio de Sanidad<\/strong>, cuya revisi\u00f3n est\u00e1 prevista para 2026. La <a href=\"https:\/\/sempspgs.es\/wp-content\/uploads\/2025\/11\/Guia-SEMPSPGS.pdf\" data-type=\"link\" data-id=\"https:\/\/sempspgs.es\/wp-content\/uploads\/2025\/11\/Guia-SEMPSPGS.pdf\" target=\"_blank\" rel=\"noreferrer noopener nofollow\">SEMPSPGS <\/a>destaca que algunos autores participan en ambos documentos con el objetivo de ofrecer recomendaciones coherentes y complementarias. Seg\u00fan la gu\u00eda, \u00abse trat\u00f3 de coordinar esta gu\u00eda con el documento actualizado de Vacunaci\u00f3n en grupos de riesgo tratando de ofrecer una visi\u00f3n complementaria y consistente\u00bb. <\/p>\n<p>Adem\u00e1s, la edici\u00f3n de 2025 incorpora un <strong>enfoque claramente operativo<\/strong>, con anexos detallados que incluyen caracter\u00edsticas farmacocin\u00e9ticas, semividas, clasificaci\u00f3n del grado de inmunosupresi\u00f3n, intervalos recomendados de vacunaci\u00f3n y una lista de ACM sin actividad inmunosupresora. \u00abSe incluyen datos pr\u00e1cticos, \u00fatiles para la vacunaci\u00f3n de pacientes tratados con ACMI\u00bb subraya el documento.<\/p>\n<p><strong>Recomendaciones de vacunaci\u00f3n<\/strong><\/p>\n<p>Aunque la evidencia cient\u00edfica sigue siendo limitada\u2014en gran parte debido a la exclusi\u00f3n habitual de pacientes inmunodeprimidos en ensayos cl\u00ednicos\u2014, la gu\u00eda actualiza las recomendaciones basadas en la mejor informaci\u00f3n disponible. Las \u00fanicas recomendaciones consistentes en la literatura son las referidas a vacunaci\u00f3n frente a <strong>gripe, neumococo, COVID-19, herpes z\u00f3ster y hepatitis B<\/strong>, junto con hepatitis A \u00abpara ACM con especial hepatotoxicidad\u00bb.<\/p>\n<p>Asimismo, el documento insiste en que <strong>no todos los ACM exigen un refuerzo vacunal<\/strong>, una confusi\u00f3n frecuente en la pr\u00e1ctica cl\u00ednica. \u00abNo todos los ACM tienen efecto inmunosupresor y, por tanto, no se considerar\u00e1n autom\u00e1ticamente candidatos a vacunaci\u00f3n por inmunodepresi\u00f3n\u00bb, advierte el texto. <\/p>\n<p>La gu\u00eda tambi\u00e9n dedica un apartado a <strong>los ACM utilizados como profilaxis<\/strong>, destacando el impacto de nirsevimab, que ha transformado la prevenci\u00f3n del VRS en lactantes y ha demostrado resultados excepcionales en Espa\u00f1a. <\/p>\n<p>Este tipo de inmunizaci\u00f3n pasiva abre la puerta a nuevas estrategias preventivas, con f\u00e1rmacos ya en desarrollo como <strong>clesrovimab<\/strong> o <strong>bezlotoxumab<\/strong>.<\/p>\n<p><strong>Herramienta de uso diario para profesionales<\/strong><\/p>\n<p>La SEMPSPGS anuncia adem\u00e1s el desarrollo de una <strong>aplicaci\u00f3n web de b\u00fasqueda por f\u00e1rmaco<\/strong>, destinada a facilitar la consulta r\u00e1pida de las recomendaciones en la pr\u00e1ctica cl\u00ednica. El objetivo es integrar la compleja informaci\u00f3n de la gu\u00eda en un formato accesible desde las consultas.<\/p>\n<p>La gu\u00eda concluye apelando a la participaci\u00f3n de la comunidad profesional: \u00abAnimamos a cuantos autores quieran participar activamente para seguir mejorando y optimizando la vacunaci\u00f3n del paciente con tratamiento inmunosupresor biol\u00f3gico\u00bb.<\/p>\n<p>Con esta actualizaci\u00f3n, la SEMPSPGS consolida un instrumento esencial para los servicios de Medicina Preventiva, Farmacia Hospitalaria, Inmunolog\u00eda, Enfermedades Infecciosas y otras especialidades que atienden a pacientes inmunodeprimidos en un ecosistema terap\u00e9utico cada vez m\u00e1s sofisticado.<\/p>\n<p><strong>Tambi\u00e9n te puede interesar\u2026<\/strong><\/p>\n","protected":false},"excerpt":{"rendered":"La Sociedad Espa\u00f1ola de Medicina Preventiva, Salud P\u00fablica y Gesti\u00f3n Sanitaria (SEMPSPGS) ha publicado la quinta edici\u00f3n de&hellip;\n","protected":false},"author":2,"featured_media":254029,"comment_status":"","ping_status":"","sticky":false,"template":"","format":"standard","meta":{"footnotes":""},"categories":[92],"tags":[25,24,165,166,23],"class_list":{"0":"post-254028","1":"post","2":"type-post","3":"status-publish","4":"format-standard","5":"has-post-thumbnail","7":"category-salud","8":"tag-es","9":"tag-espana","10":"tag-health","11":"tag-salud","12":"tag-spain"},"share_on_mastodon":{"url":"https:\/\/pubeurope.com\/@es\/115607179824528266","error":""},"_links":{"self":[{"href":"https:\/\/www.europesays.com\/es\/wp-json\/wp\/v2\/posts\/254028","targetHints":{"allow":["GET"]}}],"collection":[{"href":"https:\/\/www.europesays.com\/es\/wp-json\/wp\/v2\/posts"}],"about":[{"href":"https:\/\/www.europesays.com\/es\/wp-json\/wp\/v2\/types\/post"}],"author":[{"embeddable":true,"href":"https:\/\/www.europesays.com\/es\/wp-json\/wp\/v2\/users\/2"}],"replies":[{"embeddable":true,"href":"https:\/\/www.europesays.com\/es\/wp-json\/wp\/v2\/comments?post=254028"}],"version-history":[{"count":0,"href":"https:\/\/www.europesays.com\/es\/wp-json\/wp\/v2\/posts\/254028\/revisions"}],"wp:featuredmedia":[{"embeddable":true,"href":"https:\/\/www.europesays.com\/es\/wp-json\/wp\/v2\/media\/254029"}],"wp:attachment":[{"href":"https:\/\/www.europesays.com\/es\/wp-json\/wp\/v2\/media?parent=254028"}],"wp:term":[{"taxonomy":"category","embeddable":true,"href":"https:\/\/www.europesays.com\/es\/wp-json\/wp\/v2\/categories?post=254028"},{"taxonomy":"post_tag","embeddable":true,"href":"https:\/\/www.europesays.com\/es\/wp-json\/wp\/v2\/tags?post=254028"}],"curies":[{"name":"wp","href":"https:\/\/api.w.org\/{rel}","templated":true}]}}