{"id":254048,"date":"2025-11-24T23:19:09","date_gmt":"2025-11-24T23:19:09","guid":{"rendered":"https:\/\/www.europesays.com\/es\/254048\/"},"modified":"2025-11-24T23:19:09","modified_gmt":"2025-11-24T23:19:09","slug":"el-curioso-viaje-del-athletic-turbulencias-una-hora-de-espera-por-el-presidente-de-polonia-y-bolazos-de-nieve","status":"publish","type":"post","link":"https:\/\/www.europesays.com\/es\/254048\/","title":{"rendered":"El curioso viaje del Athletic: turbulencias, una hora de espera por el presidente de Polonia y bolazos de nieve"},"content":{"rendered":"<p>El Athletic ha vivido una llegada totalmente inesperada a Praga en la v\u00edspera de su duelo de Champions ante el Slavia. La expedici\u00f3n rojiblanca sufri\u00f3  &#8230; algunas turbulencias y se vio obligada a esperar ya aterrizada durante una hora dentro de su avi\u00f3n, un vuelo ch\u00e1rter con jugadores, t\u00e9cnicos, directivos, periodistas y aficionados. Ya una vez en la pista, les ha recibido una nevada que ha dado pie a que los jugadores bromeasen lanz\u00e1ndose bolas de nieve. <\/p>\n<p class=\"v-p\">El contratiempo ha sido provocado por el avi\u00f3n del presidente de Polonia, Karol Nawrocki, que ha despegado a la vez que aterrizaba el avi\u00f3n del Athletic. Seg\u00fan explic\u00f3 el personal del aeropuerto, la aeronave presidencial \u2014un vuelo oficial de las Fuerzas A\u00e9reas Polacas\u2014 hab\u00eda coincidido en la pista sur con la presencia del mandatario polaco, lo que activ\u00f3 un estricto protocolo que imped\u00eda que ambos vuelos coincidieran en la misma terminal Sur. Por motivos de seguridad, el aparato rojiblanco no pod\u00eda moverse mientras durase la operaci\u00f3n diplom\u00e1tica.<\/p>\n<p class=\"v-p\">Un viajero en la aeronave rojiblanca explic\u00f3 a EL CORREO que el comandante del vuelo del Athletic realiz\u00f3 varios intentos para obtener permiso y dirigirse a la terminal norte en lugar de la sur, pero las autoridades aeroportuarias lo rechazaron, obligando a la expedici\u00f3n a permanecer inm\u00f3vil dentro del avi\u00f3n hasta que se liber\u00f3 la zona. La misma fuente indic\u00f3 que permanecieron encerrados sin poder salir una hora, entre las 17.45 y las 18.45, aproximadamente.<\/p>\n<p class=\"v-p\">El incidente ha trastocado por completo la planificaci\u00f3n prevista. La rueda de prensa oficial con Ernesto Valverde y Gorka Guruzeta, programada en el estadio para las 19.15 horas, ha tenido que ser ligeramente retrasadas. El equipo ha llegado m\u00e1s tarde a su hotel y, por tanto, ha cenado con retraso.<\/p>\n","protected":false},"excerpt":{"rendered":"El Athletic ha vivido una llegada totalmente inesperada a Praga en la v\u00edspera de su duelo de Champions&hellip;\n","protected":false},"author":2,"featured_media":254049,"comment_status":"","ping_status":"","sticky":false,"template":"","format":"standard","meta":{"footnotes":""},"categories":[268],"tags":[7351,2182,3197,168,25,24,280,282,1458,7027,21940,1461,64086,281,23,167],"class_list":{"0":"post-254048","1":"post","2":"type-post","3":"status-publish","4":"format-standard","5":"has-post-thumbnail","7":"category-futbol","8":"tag-aeropuerto","9":"tag-athletic","10":"tag-avion","11":"tag-deportes","12":"tag-es","13":"tag-espana","14":"tag-football","15":"tag-futbol","16":"tag-hora","17":"tag-polonia","18":"tag-praga","19":"tag-presidente","20":"tag-retiene","21":"tag-soccer","22":"tag-spain","23":"tag-sports"},"share_on_mastodon":{"url":"https:\/\/pubeurope.com\/@es\/115607238414507674","error":""},"_links":{"self":[{"href":"https:\/\/www.europesays.com\/es\/wp-json\/wp\/v2\/posts\/254048","targetHints":{"allow":["GET"]}}],"collection":[{"href":"https:\/\/www.europesays.com\/es\/wp-json\/wp\/v2\/posts"}],"about":[{"href":"https:\/\/www.europesays.com\/es\/wp-json\/wp\/v2\/types\/post"}],"author":[{"embeddable":true,"href":"https:\/\/www.europesays.com\/es\/wp-json\/wp\/v2\/users\/2"}],"replies":[{"embeddable":true,"href":"https:\/\/www.europesays.com\/es\/wp-json\/wp\/v2\/comments?post=254048"}],"version-history":[{"count":0,"href":"https:\/\/www.europesays.com\/es\/wp-json\/wp\/v2\/posts\/254048\/revisions"}],"wp:featuredmedia":[{"embeddable":true,"href":"https:\/\/www.europesays.com\/es\/wp-json\/wp\/v2\/media\/254049"}],"wp:attachment":[{"href":"https:\/\/www.europesays.com\/es\/wp-json\/wp\/v2\/media?parent=254048"}],"wp:term":[{"taxonomy":"category","embeddable":true,"href":"https:\/\/www.europesays.com\/es\/wp-json\/wp\/v2\/categories?post=254048"},{"taxonomy":"post_tag","embeddable":true,"href":"https:\/\/www.europesays.com\/es\/wp-json\/wp\/v2\/tags?post=254048"}],"curies":[{"name":"wp","href":"https:\/\/api.w.org\/{rel}","templated":true}]}}