{"id":254050,"date":"2025-11-24T23:20:09","date_gmt":"2025-11-24T23:20:09","guid":{"rendered":"https:\/\/www.europesays.com\/es\/254050\/"},"modified":"2025-11-24T23:20:09","modified_gmt":"2025-11-24T23:20:09","slug":"nunca-mas-veras-tu-tesoro","status":"publish","type":"post","link":"https:\/\/www.europesays.com\/es\/254050\/","title":{"rendered":"Nunca m\u00e1s ver\u00e1s tu tesoro"},"content":{"rendered":"<p class=\"c-paragraph\">La <b>actriz <a href=\"https:\/\/www.20minutos.es\/tags\/personas\/ester-exposito.html\" title=\"Ester Exp\u00f3sito\" rel=\"nofollow noopener\" target=\"_blank\">Ester Exp\u00f3sito<\/a>\u00a0<\/b>protagoniza la nueva campa\u00f1a institucional del <a href=\"https:\/\/www.20minutos.es\/tags\/instituciones-empresas\/ministerio-de-igualdad.html\" title=\"Ministerio de Igualdad\" rel=\"nofollow noopener\" target=\"_blank\">Ministerio de Igualdad<\/a>\u00a0por el<b> D\u00eda Internacional de la Eliminaci\u00f3n de la Violencia sobre la Mujer<\/b>, que se conmemora este martes 25 de noviembre. Bajo el lema La b\u00fasqueda del tesoro,\u00a0la int\u00e9rprete ha narrado una impactante historia de c\u00f3mo un hombre utiliza a su hija para hacer da\u00f1o a la madre. El spot, de aproximadamente seis minutos, busca visibilizar la\u00a0<a href=\"https:\/\/www.20minutos.es\/tags\/temas\/violencia-vicaria.html\" title=\"Violencia vicaria\" rel=\"nofollow noopener\" target=\"_blank\">violencia vicaria<\/a>.\u00a0<\/p>\n<p class=\"c-paragraph\">El papel de la actriz consiste en ir guiando al espectador a trav\u00e9s del relato para lograr \u00abconcienciar sobre la necesidad de seguir unidas y unidos para hacer frente a esta violencia, tan terrible y compleja\u00bb, ha explicado la\u00a0<a href=\"https:\/\/www.20minutos.es\/tags\/personas\/ana-redondo.html\" title=\"Ana Redondo\" rel=\"nofollow noopener\" target=\"_blank\">ministra de Igualdad, Ana Redondo<\/a>, en la presentaci\u00f3n de la iniciativa.\u00a0<\/p>\n<p class=\"c-paragraph\">Redondo ha concretado que el objetivo de la campa\u00f1a es \u00absensibilizar, tomar conciencia de <b>lo compleja que es la violencia vicaria<\/b>\u00a0para ser capaces de dar alternativas, de seguir avanzando\u00bb. \u00abNuestra lucha tiene que ser incansable. Es una lucha hacia la democracia, hacia la igualdad de derechos y hacia, como digo, mayores cuotas de civilizaci\u00f3n\u00bb, ha asegurado.<\/p>\n<p>\u00bfEn qu\u00e9 consiste el spot?\u00a0<\/p>\n<p class=\"c-paragraph\">Ester Exp\u00f3sito relata en el v\u00eddeo c\u00f3mo, hace un tiempo, recibi\u00f3 un mensaje que parec\u00eda inofensivo: un joven le ped\u00eda grabar un breve v\u00eddeo para una \u00abb\u00fasqueda del tesoro\u00bb con la que planeaba pedir matrimonio a su novia.<\/p>\n<p class=\"c-paragraph\">Seg\u00fan narra la campa\u00f1a, In\u00e9s y Mat\u00edas, la pareja protagonista del caso real que inspira el anuncio, comenzaron su relaci\u00f3n en 2015. Durante a\u00f1os mantuvieron una convivencia aparentemente normal, hasta que en 2021 la situaci\u00f3n empez\u00f3 a deteriorarse: <b>los celos de \u00e9l, el control del tel\u00e9fono, las primeras agresiones <\/b>y las repetidas rupturas y reconciliaciones marcaron la relaci\u00f3n.<\/p>\n<p class=\"c-paragraph\">La actriz pone voz a la historia, contando que un d\u00eda<b> Mat\u00edas recogi\u00f3 a la hija de ambos en el colegio y desapareci\u00f3 con ella <\/b>durante tres d\u00edas en un camping sin cobertura. Al regresar del trabajo, In\u00e9s encontr\u00f3 una serie de notas que la obligaban a seguir pistas relacionadas con momentos \u00edntimos de la pareja. La cadena de mensajes desembocaba en una tablet: al encenderla, In\u00e9s se encontraba con el v\u00eddeo que Ester Exp\u00f3sito hab\u00eda grabado creyendo que formaba parte de una sorpresa rom\u00e1ntica cuando en realidad era parte de un maquiav\u00e9lico plan elaborado por Mat\u00edas.<\/p>\n<blockquote class=\"c-phrase__blockquote\"><p>Ojal\u00e1 quieras pasar el resto de tu vida con \u00e9l. Porque si no, Mat\u00edas se va a poner muy triste y nunca m\u00e1s ver\u00e1s tu tesoro\u00bb<\/p><\/blockquote>\n<p class=\"c-paragraph\">\u00abHola, In\u00e9s. Soy Ester. S\u00e9 que estar\u00e1s un poco sorprendida. Pero tranquila. Mat\u00edas tiene un tesoro escondido muy especial para ti. El amor es plantar un limonero juntos. Compartir un postre. Ver tu serie favorita. Ojal\u00e1 quieras pasar el resto de tu vida con \u00e9l. Porque si no, Mat\u00edas se va a poner muy triste y nunca m\u00e1s ver\u00e1s tu tesoro\u00bb, concluye Exp\u00f3sito en el v\u00eddeo.<\/p>\n<p>Principales objetivos de la campa\u00f1a\u00a0<\/p>\n<p class=\"c-paragraph\">La delegada del Gobierno contra la <a href=\"https:\/\/www.20minutos.es\/tags\/temas\/violencia-de-genero.html\" title=\"Violencia de g\u00e9nero\" rel=\"nofollow noopener\" target=\"_blank\">Violencia de G\u00e9nero<\/a>, Carmen Mart\u00ednez Perza, ha explicado que <b>la campa\u00f1a se centra en cinco ejes fundamentales<\/b>. El primero, identificar esta violencia como una violaci\u00f3n de derechos humanos, tanto de las mujeres como de la infancia y ha alertado de que sus consecuencias son \u00abprofundas y duraderas\u00bb. \u00abHay ni\u00f1os y ni\u00f1as que nunca llegan a superar los traumas que acumulan\u00bb, ha subrayado.<\/p>\n<p class=\"c-paragraph\">En segundo lugar, ha apuntado que la iniciativa busca sensibilizar sobre el impacto devastador que este tipo de violencia tiene en la vida cotidiana. Igualdad destac\u00f3 c\u00f3mo invade los espacios \u00edntimos y transforma el hogar en un lugar marcado por el miedo, la incertidumbre y la tensi\u00f3n permanente.<\/p>\n<p class=\"c-paragraph\">El tercer objetivo ha indicado que es ense\u00f1ar a la sociedad a reconocer se\u00f1ales de alarma, especialmente en los entornos m\u00e1s pr\u00f3ximos. Mart\u00ednez Perza ha expuesto que <b>familiares y amistades deben aprender a identificar cambios<\/b>. \u00abLos entornos pueden salvar vidas\u00bb, ha recalcado.<\/p>\n<p class=\"c-paragraph\">Tambi\u00e9n ha recordado que la <a href=\"https:\/\/www.20minutos.es\/tags\/temas\/violencia-vicaria.html\" title=\"Violencia vicaria\" rel=\"nofollow noopener\" target=\"_blank\">violencia vicaria<\/a> suele intensificarse cuando las mujeres intentan poner distancia con el agresor. As\u00ed, ha se\u00f1alado que <b>el maltratador contin\u00faa da\u00f1\u00e1ndolas mediante los hijos<\/b>, aprovechando custodias, visitas o cualquier contacto permitido.<\/p>\n<p class=\"c-paragraph\">El cuarto eje de la campa\u00f1a es reforzar la confianza en los recursos institucionales y Mart\u00ednez Perza ha destacado que existen servicios especializados preparados para orientar y proteger tanto a las mujeres como a sus hijos. \u00abLa <b>violencia vicaria<\/b> no puede tener justificaci\u00f3n ni silencio c\u00f3mplice. Ning\u00fan maltratador puede ser un buen padre\u00bb, ha indicado para a\u00f1adir la violencia vicaria se puede \u00abprevenir, detectarla y detenerla\u00bb.<\/p>\n<p class=\"c-paragraph\">En lo que llevamos de a\u00f1o han sido asesinados por violencia vicaria tres menores, sumando 65 desde 2013, cuando se empezaron a recabar datos, seg\u00fan cifras del Ministerio de Igualdad.<\/p>\n","protected":false},"excerpt":{"rendered":"La actriz Ester Exp\u00f3sito\u00a0protagoniza la nueva campa\u00f1a institucional del Ministerio de Igualdad\u00a0por el D\u00eda Internacional de la Eliminaci\u00f3n&hellip;\n","protected":false},"author":2,"featured_media":254051,"comment_status":"","ping_status":"","sticky":false,"template":"","format":"standard","meta":{"footnotes":""},"categories":[174],"tags":[62835,658,255,146,147,25,24,30817,33920,256,2178,23,42899,432],"class_list":{"0":"post-254050","1":"post","2":"type-post","3":"status-publish","4":"format-standard","5":"has-post-thumbnail","7":"category-famosos","8":"tag-25n","9":"tag-campana","10":"tag-celebrities","11":"tag-entertainment","12":"tag-entretenimiento","13":"tag-es","14":"tag-espana","15":"tag-ester","16":"tag-exposito","17":"tag-famosos","18":"tag-igualdad","19":"tag-spain","20":"tag-vicaria","21":"tag-violencia"},"share_on_mastodon":{"url":"https:\/\/pubeurope.com\/@es\/115607242447772532","error":""},"_links":{"self":[{"href":"https:\/\/www.europesays.com\/es\/wp-json\/wp\/v2\/posts\/254050","targetHints":{"allow":["GET"]}}],"collection":[{"href":"https:\/\/www.europesays.com\/es\/wp-json\/wp\/v2\/posts"}],"about":[{"href":"https:\/\/www.europesays.com\/es\/wp-json\/wp\/v2\/types\/post"}],"author":[{"embeddable":true,"href":"https:\/\/www.europesays.com\/es\/wp-json\/wp\/v2\/users\/2"}],"replies":[{"embeddable":true,"href":"https:\/\/www.europesays.com\/es\/wp-json\/wp\/v2\/comments?post=254050"}],"version-history":[{"count":0,"href":"https:\/\/www.europesays.com\/es\/wp-json\/wp\/v2\/posts\/254050\/revisions"}],"wp:featuredmedia":[{"embeddable":true,"href":"https:\/\/www.europesays.com\/es\/wp-json\/wp\/v2\/media\/254051"}],"wp:attachment":[{"href":"https:\/\/www.europesays.com\/es\/wp-json\/wp\/v2\/media?parent=254050"}],"wp:term":[{"taxonomy":"category","embeddable":true,"href":"https:\/\/www.europesays.com\/es\/wp-json\/wp\/v2\/categories?post=254050"},{"taxonomy":"post_tag","embeddable":true,"href":"https:\/\/www.europesays.com\/es\/wp-json\/wp\/v2\/tags?post=254050"}],"curies":[{"name":"wp","href":"https:\/\/api.w.org\/{rel}","templated":true}]}}