{"id":254054,"date":"2025-11-24T23:23:09","date_gmt":"2025-11-24T23:23:09","guid":{"rendered":"https:\/\/www.europesays.com\/es\/254054\/"},"modified":"2025-11-24T23:23:09","modified_gmt":"2025-11-24T23:23:09","slug":"broncano-visibiliza-en-la-revuelta-el-problema-de-la-canada-real-con-los-protagonistas-de-ciudad-sin-dueno","status":"publish","type":"post","link":"https:\/\/www.europesays.com\/es\/254054\/","title":{"rendered":"Broncano visibiliza en &#8216;La Revuelta&#8217; el problema de la Ca\u00f1ada Real con los protagonistas de &#8216;Ciudad sin due\u00f1o&#8217;"},"content":{"rendered":"<p class=\"c-paragraph\"><a href=\"https:\/\/www.20minutos.es\/tags\/temas\/la-revuelta.html\" title=\"La Revuelta\" rel=\"nofollow noopener\" target=\"_blank\">La Revuelta<\/a> ha iniciado la semana con la visita de Toni, Sulami y Chule, los protagonistas de <b>Ciudad sin due\u00f1o<\/b><b>, una pel\u00edcula basada en la Ca\u00f1ada Real<\/b> desde la perspectiva de sus propios vecinos. Los tres viven all\u00ed y <a href=\"https:\/\/www.20minutos.es\/tags\/personas\/broncano.html\" title=\"David Broncano\" rel=\"nofollow noopener\" target=\"_blank\">Broncano<\/a> les ha invitado a su programa para visibilizar el gran problema de suministro electr\u00f3nico que sufre la zona desde hace seis a\u00f1os.<\/p>\n<p class=\"c-paragraph\">\u00abVosotros no er\u00e1is actores hasta hace nada\u00bb, apunt\u00f3 el presentador ante ellos. \u00abAs\u00ed es\u00bb, le respondi\u00f3 Sulami. <b>\u00abConozco la zona, he estado por ah\u00ed varias veces\u00bb<\/b>, prosigui\u00f3 el jiennense, algo que sorprendi\u00f3 al m\u00e1s joven. \u00ab\u00bfA qu\u00e9?\u00bb, le pregunt\u00f3. \u00abHe vivido en un barrio cercano y tengo amigos que viven e iban y ven\u00edan\u00bb, explic\u00f3 Broncano.<\/p>\n<p class=\"c-paragraph\">Cada uno le llev\u00f3 al presentador su correspondiente regalo: Sulami un pa\u00f1uelo hecho a mano y un libro del fot\u00f3grafo Manuel Rojas que relata mediante im\u00e1genes la situaci\u00f3n de la Ca\u00f1ada Real; Chule una vara, y Toni un foco de luz sin gas.\u00a0<b>\u00abPara que veas c\u00f3mo se apa\u00f1a la gente para estar en casa\u00bb,<\/b> le explic\u00f3.<\/p>\n<p class=\"c-paragraph\">Por su parte, Broncano les regal\u00f3 <b>una estanter\u00eda para poner los premios que han ganado <\/b>con el largometraje.\u00a0\u00abMientras os los van llevando, para que no quede fea, os hemos puesto algunos. Cuando os lleguen los quit\u00e1is. Para que luzca un poco\u00bb, apunt\u00f3 el jiennense.<\/p>\n<p class=\"c-paragraph\">El comunicador quiso tratar el tema de la luz antes de que sus invitados hablaran de su proyecto cinematogr\u00e1fico. \u00abSeis a\u00f1os sin luz [&#8230;] Algo habr\u00e1 que hacer\u00bb, expuso. \u00abAguantar lo que viene\u00bb, le respondi\u00f3 Chule. \u00abPero eso es escandaloso,<b> es una cosa que se habla de vez en cuando pero no se le da la suficiente importancia\u00bb,<\/b> lament\u00f3 Broncano, que quiso saber qu\u00e9 es lo que hacen en el d\u00eda a d\u00eda para iluminar los sectores.<\/p>\n<p class=\"c-paragraph\">\u00abUsamos placas, generadores de gasolina [&#8230;]\u00bb, explic\u00f3 Chule. \u00abY muchas familias\u00bb, a\u00f1adi\u00f3 el presentador.<b> \u00ab8.000 y la mitad son ni\u00f1os\u00bb, <\/b>indic\u00f3 Sulami, que quiso hacer un alegato sobre la situaci\u00f3n de la Ca\u00f1ada Real.<\/p>\n<p class=\"c-paragraph\">\u00abHa sido muy bien recibida, ya no solo por los gitanos, sino por los payos y por todas las etnias [&#8230;]\u00a0Muy orgullosa de que nos hayan visto, y que no solamente lo malo de la Ca\u00f1ada es que est\u00e1 sin luz, sino que tambi\u00e9n estamos nosotros, personas con sus problemas [&#8230;] Por eso <b>en esta pel\u00edcula nos hacemos ver, que tambi\u00e9n somos personas<\/b>\u00ab, reivindic\u00f3.<\/p>\n","protected":false},"excerpt":{"rendered":"La Revuelta ha iniciado la semana con la visita de Toni, Sulami y Chule, los protagonistas de Ciudad&hellip;\n","protected":false},"author":2,"featured_media":254055,"comment_status":"","ping_status":"","sticky":false,"template":"","format":"standard","meta":{"footnotes":""},"categories":[171],"tags":[63032,9029,146,147,25,24,6870,29956,518,23,214],"class_list":{"0":"post-254054","1":"post","2":"type-post","3":"status-publish","4":"format-standard","5":"has-post-thumbnail","7":"category-tv","8":"tag-canada-real","9":"tag-david-broncano","10":"tag-entertainment","11":"tag-entretenimiento","12":"tag-es","13":"tag-espana","14":"tag-la-1","15":"tag-la-revuelta","16":"tag-rtve","17":"tag-spain","18":"tag-tv"},"share_on_mastodon":{"url":"https:\/\/pubeurope.com\/@es\/115607254197515286","error":""},"_links":{"self":[{"href":"https:\/\/www.europesays.com\/es\/wp-json\/wp\/v2\/posts\/254054","targetHints":{"allow":["GET"]}}],"collection":[{"href":"https:\/\/www.europesays.com\/es\/wp-json\/wp\/v2\/posts"}],"about":[{"href":"https:\/\/www.europesays.com\/es\/wp-json\/wp\/v2\/types\/post"}],"author":[{"embeddable":true,"href":"https:\/\/www.europesays.com\/es\/wp-json\/wp\/v2\/users\/2"}],"replies":[{"embeddable":true,"href":"https:\/\/www.europesays.com\/es\/wp-json\/wp\/v2\/comments?post=254054"}],"version-history":[{"count":0,"href":"https:\/\/www.europesays.com\/es\/wp-json\/wp\/v2\/posts\/254054\/revisions"}],"wp:featuredmedia":[{"embeddable":true,"href":"https:\/\/www.europesays.com\/es\/wp-json\/wp\/v2\/media\/254055"}],"wp:attachment":[{"href":"https:\/\/www.europesays.com\/es\/wp-json\/wp\/v2\/media?parent=254054"}],"wp:term":[{"taxonomy":"category","embeddable":true,"href":"https:\/\/www.europesays.com\/es\/wp-json\/wp\/v2\/categories?post=254054"},{"taxonomy":"post_tag","embeddable":true,"href":"https:\/\/www.europesays.com\/es\/wp-json\/wp\/v2\/tags?post=254054"}],"curies":[{"name":"wp","href":"https:\/\/api.w.org\/{rel}","templated":true}]}}