{"id":254077,"date":"2025-11-24T23:38:14","date_gmt":"2025-11-24T23:38:14","guid":{"rendered":"https:\/\/www.europesays.com\/es\/254077\/"},"modified":"2025-11-24T23:38:14","modified_gmt":"2025-11-24T23:38:14","slug":"el-circuito-challenger-tendra-una-importante-subida-de-premios-economicos-en-2026","status":"publish","type":"post","link":"https:\/\/www.europesays.com\/es\/254077\/","title":{"rendered":"El circuito Challenger tendr\u00e1 una importante subida de premios econ\u00f3micos en 2026"},"content":{"rendered":"<p>El circuito <strong>ATP Challenger<\/strong> planifica una importante mejora en sus premios econ\u00f3micos de cara a 2026. Esta vendr\u00e1 en absolutamente todas sus categor\u00edas, con un incremento de hasta el 12,5% de la cantidad actual. La cifra a repartir en los Challengers 125, la m\u00e1xima categor\u00eda, pasar\u00e1 a ser de 200.000 d\u00f3lares a 225.000.<\/p>\n<p lang=\"en\" dir=\"ltr\" xml:lang=\"en\">Prize money to increase at ATP Challengers in 2026.<\/p>\n<p>CH50: $60,000 \u27a1\ufe0f $63,000 (+5.0%)<br \/>CH75: $100,000 \u27a1\ufe0f $107,000 (+7.0%)<br \/>CH100: $160,000 \u27a1\ufe0f $177,000 (+10.6%)<br \/>CH125: $200,000 \u27a1\ufe0f $225,000 (+12.5%)<\/p>\n<p>\u2014 Oleg S. (@AnnaK_4ever) <a href=\"https:\/\/twitter.com\/AnnaK_4ever\/status\/1992990699164475670?ref_src=twsrc%5Etfw\" rel=\"nofollow noopener\" target=\"_blank\">November 24, 2025<\/a><script async src=\"https:\/\/platform.twitter.com\/widgets.js\" charset=\"utf-8\"><\/script><\/p>\n","protected":false},"excerpt":{"rendered":"El circuito ATP Challenger planifica una importante mejora en sus premios econ\u00f3micos de cara a 2026. Esta vendr\u00e1&hellip;\n","protected":false},"author":2,"featured_media":254078,"comment_status":"","ping_status":"","sticky":false,"template":"","format":"standard","meta":{"footnotes":""},"categories":[274],"tags":[168,25,24,23,167,327,326],"class_list":{"0":"post-254077","1":"post","2":"type-post","3":"status-publish","4":"format-standard","5":"has-post-thumbnail","7":"category-tenis","8":"tag-deportes","9":"tag-es","10":"tag-espana","11":"tag-spain","12":"tag-sports","13":"tag-tenis","14":"tag-tennis"},"share_on_mastodon":{"url":"https:\/\/pubeurope.com\/@es\/115607313061822187","error":""},"_links":{"self":[{"href":"https:\/\/www.europesays.com\/es\/wp-json\/wp\/v2\/posts\/254077","targetHints":{"allow":["GET"]}}],"collection":[{"href":"https:\/\/www.europesays.com\/es\/wp-json\/wp\/v2\/posts"}],"about":[{"href":"https:\/\/www.europesays.com\/es\/wp-json\/wp\/v2\/types\/post"}],"author":[{"embeddable":true,"href":"https:\/\/www.europesays.com\/es\/wp-json\/wp\/v2\/users\/2"}],"replies":[{"embeddable":true,"href":"https:\/\/www.europesays.com\/es\/wp-json\/wp\/v2\/comments?post=254077"}],"version-history":[{"count":0,"href":"https:\/\/www.europesays.com\/es\/wp-json\/wp\/v2\/posts\/254077\/revisions"}],"wp:featuredmedia":[{"embeddable":true,"href":"https:\/\/www.europesays.com\/es\/wp-json\/wp\/v2\/media\/254078"}],"wp:attachment":[{"href":"https:\/\/www.europesays.com\/es\/wp-json\/wp\/v2\/media?parent=254077"}],"wp:term":[{"taxonomy":"category","embeddable":true,"href":"https:\/\/www.europesays.com\/es\/wp-json\/wp\/v2\/categories?post=254077"},{"taxonomy":"post_tag","embeddable":true,"href":"https:\/\/www.europesays.com\/es\/wp-json\/wp\/v2\/tags?post=254077"}],"curies":[{"name":"wp","href":"https:\/\/api.w.org\/{rel}","templated":true}]}}