{"id":254088,"date":"2025-11-24T23:51:24","date_gmt":"2025-11-24T23:51:24","guid":{"rendered":"https:\/\/www.europesays.com\/es\/254088\/"},"modified":"2025-11-24T23:51:24","modified_gmt":"2025-11-24T23:51:24","slug":"jorge-ponce-es-demoledor-al-reaccionar-al-17-de-jovenes-espanoles-que-prefieren-la-dictadura-a-la-democracia","status":"publish","type":"post","link":"https:\/\/www.europesays.com\/es\/254088\/","title":{"rendered":"Jorge Ponce es demoledor al reaccionar al 17% de j\u00f3venes espa\u00f1oles que prefieren la dictadura a la democracia"},"content":{"rendered":"<p>El c\u00f3mico y colaborador de televisi\u00f3n Jorge Ponce ha hecho una aparici\u00f3n estelar <a href=\"https:\/\/www.huffingtonpost.es\/virales\/el-corte-chico-publico-david-broncano-desata-carcajada.html\" rel=\"nofollow noopener\" target=\"_blank\">este lunes en La Revuelta<\/a>, haciendo una de esas intervenciones con el tono humor\u00edstico que tanto le caracterizan. Aparec\u00eda diciendo que desde la semana pasada estaba <b>un poco preocupado con la democracia.<\/b><\/p>\n<p>\u00abS\u00ed, al parecer, hay un porcentaje importante de chavales, no ya los abuelos nost\u00e1lgicos del franquismo, <b><a href=\"https:\/\/www.huffingtonpost.es\/politica\/la-respuesta-marc-giro-quienes-creen-franquismo-malo-visto-mas-220000-veces.html\" rel=\"nofollow noopener\" target=\"_blank\">que no ven tan claro si la democracia es un buen sistema<\/a><\/b>\u00ab, ha comentado junto a David Broncano, presentador del programa de TVE.<\/p>\n<p>Ponce se ha referido a una encuesta del Centro de Investigaciones Sociol\u00f3gicas del mes de octubre en el que reflejaban unos preocupantes resultados en los que casi el 20% de j\u00f3venes espa\u00f1oles entre 18 y 24 a\u00f1os creen que los a\u00f1os de la dictadura franquista fueron \u00abbuenos o muy buenos\u00bb y, por otro lado, <b>un 17% considera que la democracia actual es peor que la dictadura franquista.<\/b><\/p>\n<p>Ha respondido directamente a todos ellos, muy a su estilo, ese ir\u00f3nico y con directas muy directas. \u00c9l ha encontrado una f\u00e1cil soluci\u00f3n: \u00abLo que podemos hacer es probar la dictadura y si no convence se le dice al dictador: <b>Se\u00f1or, al final no nos gusta la dictadura, \u00bfnos devuelve la democracia, por favor?<\/b>\u00ab.<\/p>\n<p>\u00abAqu\u00ed ten\u00e9is las llaves del pa\u00eds y ah\u00ed os qued\u00e1is\u00bb<\/p>\n<p>\u00abY los dictadores son muy de no ponerse pesaos. Ellos, si ven que no est\u00e1n convenciendo a los suyos, dicen<b> &#8216;aqu\u00ed ten\u00e9is las llaves del pa\u00eds y ah\u00ed os qued\u00e1is&#8217;<\/b>\u00ab,\u00a0 ha a\u00f1adido. Sobre Franco ha tirado de sarcasmo para remarcar la cr\u00edtica: \u00abFranco, de hecho, no se fue porque como lo hizo todo bien. No se lo pidi\u00f3 nadie. Invent\u00f3 todo: la Seguridad Social, el pesca\u00edto frito, las pajas, TikTok&#8230;\u00bb.<\/p>\n<p>\u00abHe estado viendo qu\u00e9 le gustan a los j\u00f3venes: los memes, los brainrots, el Roblox, les gustan tambi\u00e9n los Xuso Jones, pero entre las preferencias no est\u00e1 la democracia\u00bb, ha rematado. Por eso ha elaborado un v\u00eddeo ir\u00f3nico con j\u00f3venes a favor de la democracia.<\/p>\n","protected":false},"excerpt":{"rendered":"El c\u00f3mico y colaborador de televisi\u00f3n Jorge Ponce ha hecho una aparici\u00f3n estelar este lunes en La Revuelta,&hellip;\n","protected":false},"author":2,"featured_media":254089,"comment_status":"","ping_status":"","sticky":false,"template":"","format":"standard","meta":{"footnotes":""},"categories":[171],"tags":[10178,64091,146,147,25,24,2224,14791,9173,23,214],"class_list":{"0":"post-254088","1":"post","2":"type-post","3":"status-publish","4":"format-standard","5":"has-post-thumbnail","7":"category-tv","8":"tag-10178","9":"tag-arrasadora","10":"tag-entertainment","11":"tag-entretenimiento","12":"tag-es","13":"tag-espana","14":"tag-jorge","15":"tag-ponce","16":"tag-reaccion","17":"tag-spain","18":"tag-tv"},"share_on_mastodon":{"url":"https:\/\/pubeurope.com\/@es\/115607364207242209","error":""},"_links":{"self":[{"href":"https:\/\/www.europesays.com\/es\/wp-json\/wp\/v2\/posts\/254088","targetHints":{"allow":["GET"]}}],"collection":[{"href":"https:\/\/www.europesays.com\/es\/wp-json\/wp\/v2\/posts"}],"about":[{"href":"https:\/\/www.europesays.com\/es\/wp-json\/wp\/v2\/types\/post"}],"author":[{"embeddable":true,"href":"https:\/\/www.europesays.com\/es\/wp-json\/wp\/v2\/users\/2"}],"replies":[{"embeddable":true,"href":"https:\/\/www.europesays.com\/es\/wp-json\/wp\/v2\/comments?post=254088"}],"version-history":[{"count":0,"href":"https:\/\/www.europesays.com\/es\/wp-json\/wp\/v2\/posts\/254088\/revisions"}],"wp:featuredmedia":[{"embeddable":true,"href":"https:\/\/www.europesays.com\/es\/wp-json\/wp\/v2\/media\/254089"}],"wp:attachment":[{"href":"https:\/\/www.europesays.com\/es\/wp-json\/wp\/v2\/media?parent=254088"}],"wp:term":[{"taxonomy":"category","embeddable":true,"href":"https:\/\/www.europesays.com\/es\/wp-json\/wp\/v2\/categories?post=254088"},{"taxonomy":"post_tag","embeddable":true,"href":"https:\/\/www.europesays.com\/es\/wp-json\/wp\/v2\/tags?post=254088"}],"curies":[{"name":"wp","href":"https:\/\/api.w.org\/{rel}","templated":true}]}}