{"id":254090,"date":"2025-11-24T23:52:27","date_gmt":"2025-11-24T23:52:27","guid":{"rendered":"https:\/\/www.europesays.com\/es\/254090\/"},"modified":"2025-11-24T23:52:27","modified_gmt":"2025-11-24T23:52:27","slug":"singapur-deporta-al-fan-que-se-abalanzo-sobre-ariana-grande-en-el-estreno-de-wicked-for-good","status":"publish","type":"post","link":"https:\/\/www.europesays.com\/es\/254090\/","title":{"rendered":"Singapur deporta al fan que se abalanz\u00f3 sobre Ariana Grande en el estreno de &#8216;Wicked: For Good&#8217;"},"content":{"rendered":"<p><b>Singapur<\/b> ha deportado al fan australiano que se abalanz\u00f3 sobre <b><a title=\"Ariana Grande \" href=\"https:\/\/www.antena3.com\/noticias\/cultura\/quien-johnson-wen-troll-mas-odiado-mundo-que-asalto-ariana-grande-estreno-the-wicked-for-good_202511146917777339b3f1652bee93ff.html\" target=\"_blank\" rel=\"nofollow noopener\">Ariana Grande <\/a><\/b>durante el estreno de <b>Wicked: For Goor,<\/b> la nueva pel\u00edcula del fen\u00f3meno Wicked. Tras haber cumplido nueve d\u00edas de <b>prisi\u00f3n en Singapur<\/b> y haber terminado la condena, el fan, identificado como <b>Johnson Wen,<\/b> ha sido expulsado fulminantemente y enviado de vuelta a <b>Australia<\/b>. Adem\u00e1s, tiene prohibido <b>volver a entrar al pa\u00eds.<\/b><\/p>\n<p>Los hechos tuvieron lugar <b>el jueves 13 de noviembre<\/b>, en la premier de la nueva pel\u00edcula de <b>Wicked: For Good en Singapur<\/b>, cuando un joven sorprend\u00eda a todos los asistentes saltando la valla y lanz\u00e1ndose sobre la cantante <b>Ariana Grande, uno de los rostros m\u00e1s esperadas del estreno,<\/b> que interpreta a la bruja buena de la pel\u00edcula: <b>Glinda.<\/b> Tras el susto, los agentes de seguridad que se encontraban en la alfombra roja intervinieron de inmediato, redujeron al individuo y <b>lo retiraron del lugar.<\/b><\/p>\n<p>Una vez arrestado, el Tribunal decidi\u00f3 elevar ligeramente la pena propuesta a <b>nueve d\u00edas de prisi\u00f3n<\/b>, tras considerar que el fan era un \u00abreincidente\u00bb y que buscaba llamar la atenci\u00f3n. Una vez cumplida esa pena,<b> Wen ha sido expulsado del pa\u00eds.<\/b><\/p>\n<p>Wen, un reincidente profesional<\/p>\n<p>El intruso, que llevaba una <b>camiseta blanca y unos pantalones cortos, <\/b>comparti\u00f3 su v\u00eddeo del asalto con Ariana Grande como si se tratara de <b>\u00abun logro\u00bb<\/b>. No era la primera vez que protagonizaba un acontecimiento de este tipo, y es que ya ha irrumpido en conciertos de <b>Katy Perry y The Weeknd<\/b>. Wen no solo aparece en conciertos, tambi\u00e9n ha llegado a saltar al campo durante la <b>Final del Mundial Femenino en 2023, <\/b>y hasta apareci\u00f3 en una pista de atletismo en los <b>Juegos Ol\u00edmpicos de Par\u00eds en 2024.<\/b><\/p>\n<p>\u00bfQui\u00e9n es el &#8216;Troll m\u00e1s odiado del mundo&#8217;?<\/p>\n<p><b>Johnson Wen,<\/b> es conocido en sus redes sociales como &#8216;Pyjama Man&#8217; y \u00e9l mismo se define como &#8216;<b>el troll m\u00e1s odiado del mundo&#8217;.<\/b> Es un australiano de 26 a\u00f1os, que cuenta con <b>11.000 seguidores<\/b> en su red social de Instagram, en la que comparte fotos con famosos. Aunque parezcan simples fotos de un fan con sus \u00eddolos, lo cierto es que lleva a\u00f1os interviniendo en lugares en los que no est\u00e1 permitido entrar, y <b>que despu\u00e9s celebra como \u00abun logro\u00bb<\/b>. Debido a este tipo de actuaciones, el &#8216;troll m\u00e1s odiado del mundo&#8217; acumula m\u00e1s de <b>20.000 d\u00f3lares de multas <\/b>y est\u00e1 vetado en numerosos estados. Emplea sus redes sociales para <b>pedir donaciones para poder saldar sus deudas.<\/b><\/p>\n<p>\u00bfQu\u00e9 es el fen\u00f3meno &#8216;Wicked&#8217;?<\/p>\n<p><b>El fen\u00f3meno Wicked<\/b>sigue conquistando al p\u00fablico. Tras el \u00e9xito de su primera pel\u00edcula, llega ahora <b>Wicked: For Good,<\/b> que es la segunda parte del largometraje, y que cuenta la historia de la vida de <b>Elphaba,<\/b> una joven incomprendida debido al color de su piel, que debe descubrir su verdadero poder, hasta que un d\u00eda, forja una amistad con una estudiante popular llamada <b>Glinda. <\/b>Sin embargo, su relaci\u00f3n llegar\u00e1 a una encrucijada.<\/p>\n<p>Se trata de una precuela de <b>El Mago de Oz<\/b>, dirigida por Jon M. Chu, e interpretada por<b> Ariana Grande,<\/b> una de las artistas con m\u00e1s relevancia en el mundo.<\/p>\n<p>S\u00edguenos en nuestro <a title=\"canal de WhatsApp\" href=\"https:\/\/www.whatsapp.com\/channel\/0029Va6BhYH2phHPnlatwW3b\" target=\"_blank\" rel=\"nofollow noopener\"><strong>canal de WhatsApp<\/strong><\/a> y no te pierdas la \u00faltima hora y toda la actualidad de antena3noticias.com<\/p>\n<p>   <img decoding=\"async\" title=\"Imagen de archivo de un coche de la Polic\u00eda Nacional\" alt=\"Imagen de archivo de un coche de la Polic\u00eda Nacional\" width=\"480\" height=\"270\" src=\"https:\/\/www.europesays.com\/es\/wp-content\/uploads\/2025\/11\/imagen-archivo-coche-policia-nacional_70.jpg\" loading=\"lazy\" class=\"lazy\"\/><\/p>\n","protected":false},"excerpt":{"rendered":"Singapur ha deportado al fan australiano que se abalanz\u00f3 sobre Ariana Grande durante el estreno de Wicked: For&hellip;\n","protected":false},"author":2,"featured_media":254091,"comment_status":"","ping_status":"","sticky":false,"template":"","format":"standard","meta":{"footnotes":""},"categories":[170],"tags":[146,147,25,24,184,185,23],"class_list":{"0":"post-254090","1":"post","2":"type-post","3":"status-publish","4":"format-standard","5":"has-post-thumbnail","7":"category-musica","8":"tag-entertainment","9":"tag-entretenimiento","10":"tag-es","11":"tag-espana","12":"tag-music","13":"tag-musica","14":"tag-spain"},"share_on_mastodon":{"url":"https:\/\/pubeurope.com\/@es\/115607368581716639","error":""},"_links":{"self":[{"href":"https:\/\/www.europesays.com\/es\/wp-json\/wp\/v2\/posts\/254090","targetHints":{"allow":["GET"]}}],"collection":[{"href":"https:\/\/www.europesays.com\/es\/wp-json\/wp\/v2\/posts"}],"about":[{"href":"https:\/\/www.europesays.com\/es\/wp-json\/wp\/v2\/types\/post"}],"author":[{"embeddable":true,"href":"https:\/\/www.europesays.com\/es\/wp-json\/wp\/v2\/users\/2"}],"replies":[{"embeddable":true,"href":"https:\/\/www.europesays.com\/es\/wp-json\/wp\/v2\/comments?post=254090"}],"version-history":[{"count":0,"href":"https:\/\/www.europesays.com\/es\/wp-json\/wp\/v2\/posts\/254090\/revisions"}],"wp:featuredmedia":[{"embeddable":true,"href":"https:\/\/www.europesays.com\/es\/wp-json\/wp\/v2\/media\/254091"}],"wp:attachment":[{"href":"https:\/\/www.europesays.com\/es\/wp-json\/wp\/v2\/media?parent=254090"}],"wp:term":[{"taxonomy":"category","embeddable":true,"href":"https:\/\/www.europesays.com\/es\/wp-json\/wp\/v2\/categories?post=254090"},{"taxonomy":"post_tag","embeddable":true,"href":"https:\/\/www.europesays.com\/es\/wp-json\/wp\/v2\/tags?post=254090"}],"curies":[{"name":"wp","href":"https:\/\/api.w.org\/{rel}","templated":true}]}}