{"id":254104,"date":"2025-11-24T23:59:09","date_gmt":"2025-11-24T23:59:09","guid":{"rendered":"https:\/\/www.europesays.com\/es\/254104\/"},"modified":"2025-11-24T23:59:09","modified_gmt":"2025-11-24T23:59:09","slug":"hezbola-despide-en-beirut-a-su-abatido-lider-militar-dw-24-11-2025","status":"publish","type":"post","link":"https:\/\/www.europesays.com\/es\/254104\/","title":{"rendered":"Hezbol\u00e1 despide en Beirut a su abatido l\u00edder militar \u2013 DW \u2013 24\/11\/2025"},"content":{"rendered":"<p>El movimiento liban\u00e9s Hezbol\u00e1 despidi\u00f3 este lunes (24.11.2025) a su jefe militar Haitham Ali Tabatabai, que <a class=\"internal-link\" href=\"https:\/\/www.dw.com\/es\/israel-abate-al-jefe-del-estado-mayor-de-hezbol\u00e1-en-ataque-en-l\u00edbano\/a-74854989\" rel=\"nofollow noopener\" target=\"_blank\">muri\u00f3 el domingo en un bombardeo israel\u00ed<\/a> en un suburbio del sur de Beirut.<\/p>\n<p>Tabatabai es el comandante de Hezbol\u00e1 de mayor rango abatido por Israel desde el <a class=\"internal-link\" href=\"https:\/\/www.dw.com\/es\/gabinete-de-seguridad-de-israel-aprueba-acuerdo-de-tregua-en-l\u00edbano\/a-70894280\" rel=\"nofollow noopener\" target=\"_blank\">alto al fuego acordado en noviembre de 2024<\/a> para poner fin a m\u00e1s de un a\u00f1o de hostilidades. El ej\u00e9rcito israel\u00ed dijo que era \u00abel jefe del Estado Mayor\u00bb del grupo.<\/p>\n<p>Simpatizantes de Hezbol\u00e1 se congregaron este lunes en el sur de Beirut para la procesi\u00f3n funeraria de Tabatabai y otros dos cargos del movimiento abatidos el domingo. La multitud grit\u00f3 consignas contra Israel y Estados Unidos y algunos asistentes portaron retratos de dirigentes del grupo y del l\u00edder supremo de Ir\u00e1n, el ayatol\u00e1 Ali Jamenei.<\/p>\n<p><img data-format=\"MASTER_LANDSCAPE\" data-id=\"74853713\" data-url=\"https:\/\/static.dw.com\/image\/74853713_${formatId}.jpg\" data-aspect-ratio=\"16\/9\" alt=\"El bombardeo israel\u00ed alcanz\u00f3 un edificio residencial en el barrio de Haret Hreik, en los suburbios del sur de Beirut (23.11.2025)\" style=\"padding-bottom: 56.25%; height: 0; max-height: 0;\"\/>El bombardeo israel\u00ed alcanz\u00f3 un edificio residencial en el barrio de Haret Hreik, en los suburbios del sur de Beirut (23.11.2025)Imagen: Ibrahim Amro\/AFP<\/p>\n<p><strong>Bombardeos israel\u00edes a pesar de tregua<\/strong><\/p>\n<p>Hezbol\u00e1 declar\u00f3 que Tabatabai hab\u00eda asumido el papel de comandante militar tras la \u00faltima guerra con Israel, en la que el grupo sufri\u00f3 grandes p\u00e9rdidas, incluida la muerte de sus principales dirigentes.<\/p>\n<p>Israel ha bombardeado repetidamente <a class=\"internal-link\" href=\"https:\/\/www.dw.com\/es\/l\u00edbano\/t-17409276\" rel=\"nofollow noopener\" target=\"_blank\">L\u00edbano<\/a> a pesar de la tregua, al argumentar que sus objetivos son miembros e infraestructura\u00a0de Hezbol\u00e1 para impedir que el grupo se rearme.<\/p>\n<p>Seg\u00fan el acuerdo, <a class=\"internal-link\" href=\"https:\/\/www.dw.com\/es\/hezbol\u00e1\/t-37038092\" rel=\"nofollow noopener\" target=\"_blank\">Hezbol\u00e1<\/a> deb\u00eda retirar sus fuerzas al norte del r\u00edo Litani, a unos 30 kil\u00f3metros al norte de la frontera con Israel, y desmantelar su infraestructura militar en esa zona.\u00a0\u00a0\u00a0\u00a0\u00a0<\/p>\n<p>rr afp\/reuters\/ap<\/p>\n","protected":false},"excerpt":{"rendered":"El movimiento liban\u00e9s Hezbol\u00e1 despidi\u00f3 este lunes (24.11.2025) a su jefe militar Haitham Ali Tabatabai, que muri\u00f3 el&hellip;\n","protected":false},"author":2,"featured_media":254105,"comment_status":"","ping_status":"","sticky":false,"template":"","format":"standard","meta":{"footnotes":""},"categories":[42],"tags":[17,18,13,14,11,61,62,63,64,19,20,9,10,15,16,12,21,22,65,66,67],"class_list":{"0":"post-254104","1":"post","2":"type-post","3":"status-publish","4":"format-standard","5":"has-post-thumbnail","7":"category-internacional","8":"tag-breaking-news","9":"tag-breakingnews","10":"tag-featured-news","11":"tag-featurednews","12":"tag-headlines","13":"tag-internacional","14":"tag-international","15":"tag-international-news","16":"tag-internationalnews","17":"tag-latest-news","18":"tag-latestnews","19":"tag-news","20":"tag-noticias","21":"tag-noticias-destacadas","22":"tag-noticiasdestacadas","23":"tag-titulares","24":"tag-ultimas-noticias","25":"tag-ultimasnoticias","26":"tag-world","27":"tag-world-news","28":"tag-worldnews"},"share_on_mastodon":{"url":"https:\/\/pubeurope.com\/@es\/115607395888858103","error":""},"_links":{"self":[{"href":"https:\/\/www.europesays.com\/es\/wp-json\/wp\/v2\/posts\/254104","targetHints":{"allow":["GET"]}}],"collection":[{"href":"https:\/\/www.europesays.com\/es\/wp-json\/wp\/v2\/posts"}],"about":[{"href":"https:\/\/www.europesays.com\/es\/wp-json\/wp\/v2\/types\/post"}],"author":[{"embeddable":true,"href":"https:\/\/www.europesays.com\/es\/wp-json\/wp\/v2\/users\/2"}],"replies":[{"embeddable":true,"href":"https:\/\/www.europesays.com\/es\/wp-json\/wp\/v2\/comments?post=254104"}],"version-history":[{"count":0,"href":"https:\/\/www.europesays.com\/es\/wp-json\/wp\/v2\/posts\/254104\/revisions"}],"wp:featuredmedia":[{"embeddable":true,"href":"https:\/\/www.europesays.com\/es\/wp-json\/wp\/v2\/media\/254105"}],"wp:attachment":[{"href":"https:\/\/www.europesays.com\/es\/wp-json\/wp\/v2\/media?parent=254104"}],"wp:term":[{"taxonomy":"category","embeddable":true,"href":"https:\/\/www.europesays.com\/es\/wp-json\/wp\/v2\/categories?post=254104"},{"taxonomy":"post_tag","embeddable":true,"href":"https:\/\/www.europesays.com\/es\/wp-json\/wp\/v2\/tags?post=254104"}],"curies":[{"name":"wp","href":"https:\/\/api.w.org\/{rel}","templated":true}]}}