{"id":254106,"date":"2025-11-25T00:00:09","date_gmt":"2025-11-25T00:00:09","guid":{"rendered":"https:\/\/www.europesays.com\/es\/254106\/"},"modified":"2025-11-25T00:00:09","modified_gmt":"2025-11-25T00:00:09","slug":"el-abogado-de-una-acusacion-popular-renuncia-a-la-causa-contra-begona-gomez-al-convertirse-en-una-controversia-politica-y-mediatica","status":"publish","type":"post","link":"https:\/\/www.europesays.com\/es\/254106\/","title":{"rendered":"El abogado de una acusaci\u00f3n popular renuncia a la causa contra Bego\u00f1a G\u00f3mez al convertirse en una \u00abcontroversia pol\u00edtica y medi\u00e1tica\u00bb"},"content":{"rendered":"<p class=\"L6-news-detail__text\">El abogado de Manos Limpias en la <b><a title=\"causa contra Bego\u00f1a G\u00f3mez\" href=\"https:\/\/www.lasexta.com\/noticias\/nacional\/juez-peinado-pregunta-begona-gomez-tenia-cualificacion-firmar-pliegos-software-catedra_20251120691ef38eeba8bc0ece0aadb3.html\" target=\"_blank\" rel=\"nofollow noopener\">causa contra Bego\u00f1a G\u00f3mez<\/a><\/b>, Carlos Perales, <b>renuncia a la defensa de la asociaci\u00f3n<\/b> al considerar que no responde a criterios jur\u00eddicos sino que se adentra en el terreno de la \u00ab<b>controversia pol\u00edtica y medi\u00e1tica<\/b>\u00ab.<\/p>\n<p class=\"L6-news-detail__text\">En un escrito al que ha tenido acceso laSexta, el abogado ha se\u00f1alado que, \u00ablo que en un inicio se configuraba como un encargo jur\u00eddico de naturaleza estrictamente t\u00e9cnica, orientado a la correcta interpretaci\u00f3n y aplicaci\u00f3n del Derecho, con el objetivo de obtener una resoluci\u00f3n judicial fundada en la verdad material y en el derecho a la tutela judicial efectiva reconocido en el art\u00edculo 24 de la Constituci\u00f3n Espa\u00f1ola, ha ido transform\u00e1ndose de manera paulatina en un asunto cuya exposici\u00f3n y tratamiento <b>exceden del marco jur\u00eddico<\/b> para situarse en el terreno de la controversia pol\u00edtica y medi\u00e1tica\u00bb.<\/p>\n<p class=\"L6-news-detail__text\">A\u00f1ade que en el transcurso de los acontecimientos se ha podido observar \u00abc\u00f3mo las decisiones estrat\u00e9gicas en torno al litigio ya no se inspiran prioritariamente en la l\u00f3gica procesal ni en la solidez de los argumentos jur\u00eddicos, sino que responden, en buena medida, a consideraciones de oportunidad pol\u00edtica, <b>impacto en la opini\u00f3n p\u00fablica o posicionamiento ideol\u00f3gico<\/b>\u00ab.<\/p>\n<p class=\"L6-news-detail__text\">A su juicio, esta evoluci\u00f3n es \u00ableg\u00edtima desde la \u00f3ptica de la propia Asociaci\u00f3n, que puede valorar la conveniencia de orientar sus actuaciones hacia un plano reivindicativo o medi\u00e1tico\u00bb, pero desde la perspectiva de este despacho profesional<b> resulta \u00abincompatible con la praxis que rige el ejercicio de la abogac\u00eda<\/b>, fundada en la independencia, el rigor t\u00e9cnico y la estricta sujeci\u00f3n a criterios jur\u00eddicos objetivos\u00bb.<\/p>\n<p class=\"L6-news-detail__text\">\u00abNo puede obviarse que el C\u00f3digo Deontol\u00f3gico de la Abogac\u00eda Espa\u00f1ola impone al letrado el deber de actuar con plena independencia, preservando la funci\u00f3n social de la Abogac\u00eda frente a presiones o intereses ajenos al proceso\u00bb, ha explicado.<\/p>\n<p class=\"L6-news-detail__text\">De esta manera, apunta que \u00abla utilizaci\u00f3n del procedimiento judicial como instrumento para la obtenci\u00f3n de fines de naturaleza pol\u00edtica, ajenos a la estricta resoluci\u00f3n de la controversia planteada, sit\u00faa al abogado en una posici\u00f3n que compromete dicha independencia y, en \u00faltima instancia, erosiona la confianza en la funci\u00f3n t\u00e9cnica que debe desempe\u00f1ar\u00bb. De igual modo, recalca que \u00ab<b>la abogac\u00eda no puede ser confundida con el activismo pol\u00edtico<\/b> ni con la estrategia de comunicaci\u00f3n p\u00fablica\u00bb.<\/p>\n<p class=\"L6-news-detail__text\">\u00abEl abogado debe ejercer como operador jur\u00eddico, no como agente pol\u00edtico o portavoz medi\u00e1tico. Mantener la direcci\u00f3n letrada en un escenario en el que los tiempos y los mensajes se dise\u00f1an m\u00e1s en clave de repercusi\u00f3n p\u00fablica que de eficacia procesal, supondr\u00eda para este despacho quebrantar el mandato profesional asumido y diluir la frontera esencial entre la defensa t\u00e9cnica del Derecho y la instrumentalizaci\u00f3n pol\u00edtica del proceso\u00bb, concluye.<\/p>\n<p><b><a title=\"*Sigue a laSexta en Google. Toda la actualidad y el mejor contenido aqu\u00ed.\" href=\"https:\/\/profile.google.com\/cp\/CgkvbS8wZG5xejA\" target=\"_blank\" rel=\"nofollow noopener\">*Sigue a laSexta en Google. Toda la actualidad y el mejor contenido aqu\u00ed.<\/a><\/b>\t    <\/p>\n<p class=\"L6-support-news-video__title\">SE RUEGA COLABORACI\u00d3N<\/p>\n<p>            <a href=\"https:\/\/www.lasexta.com\/noticias\/sociedad\/yeyo-monje-vidente-pantoja-asi-son-algunos-fugitivos-mas-buscados-policia-nacional_202511246924be9edf41134465e7d2b5.html\" class=\"L6-news__link\" rel=\"nofollow noopener\" target=\"_blank\"><br \/>\n                &#8216;El Yeyo&#8217;, &#8216;El Monje Vidente&#8217; y &#8216;El Pantoja&#8217;: as\u00ed son algunos de los fugitivos m\u00e1s buscados por la Polic\u00eda Nacional<\/p>\n<p class=\"recirculation-video-desc\">\u00bfPor qu\u00e9 es importante? La Polic\u00eda Nacional ha publicado la lista de los diez fugitivos m\u00e1s buscados y ha solicitado la colaboraci\u00f3n ciudadana para localizarlos. Por primera vez han utilizado IA para recrear su aspecto f\u00edsico.<\/p>\n<p>            <\/a><\/p>\n","protected":false},"excerpt":{"rendered":"El abogado de Manos Limpias en la causa contra Bego\u00f1a G\u00f3mez, Carlos Perales, renuncia a la defensa de&hellip;\n","protected":false},"author":2,"featured_media":254107,"comment_status":"","ping_status":"","sticky":false,"template":"","format":"standard","meta":{"footnotes":""},"categories":[8],"tags":[17,18,25,24,13,14,11,19,20,9,10,15,16,23,12,21,22],"class_list":{"0":"post-254106","1":"post","2":"type-post","3":"status-publish","4":"format-standard","5":"has-post-thumbnail","7":"category-espana","8":"tag-breaking-news","9":"tag-breakingnews","10":"tag-es","11":"tag-espana","12":"tag-featured-news","13":"tag-featurednews","14":"tag-headlines","15":"tag-latest-news","16":"tag-latestnews","17":"tag-news","18":"tag-noticias","19":"tag-noticias-destacadas","20":"tag-noticiasdestacadas","21":"tag-spain","22":"tag-titulares","23":"tag-ultimas-noticias","24":"tag-ultimasnoticias"},"share_on_mastodon":{"url":"https:\/\/pubeurope.com\/@es\/115607399606881371","error":""},"_links":{"self":[{"href":"https:\/\/www.europesays.com\/es\/wp-json\/wp\/v2\/posts\/254106","targetHints":{"allow":["GET"]}}],"collection":[{"href":"https:\/\/www.europesays.com\/es\/wp-json\/wp\/v2\/posts"}],"about":[{"href":"https:\/\/www.europesays.com\/es\/wp-json\/wp\/v2\/types\/post"}],"author":[{"embeddable":true,"href":"https:\/\/www.europesays.com\/es\/wp-json\/wp\/v2\/users\/2"}],"replies":[{"embeddable":true,"href":"https:\/\/www.europesays.com\/es\/wp-json\/wp\/v2\/comments?post=254106"}],"version-history":[{"count":0,"href":"https:\/\/www.europesays.com\/es\/wp-json\/wp\/v2\/posts\/254106\/revisions"}],"wp:featuredmedia":[{"embeddable":true,"href":"https:\/\/www.europesays.com\/es\/wp-json\/wp\/v2\/media\/254107"}],"wp:attachment":[{"href":"https:\/\/www.europesays.com\/es\/wp-json\/wp\/v2\/media?parent=254106"}],"wp:term":[{"taxonomy":"category","embeddable":true,"href":"https:\/\/www.europesays.com\/es\/wp-json\/wp\/v2\/categories?post=254106"},{"taxonomy":"post_tag","embeddable":true,"href":"https:\/\/www.europesays.com\/es\/wp-json\/wp\/v2\/tags?post=254106"}],"curies":[{"name":"wp","href":"https:\/\/api.w.org\/{rel}","templated":true}]}}