{"id":254108,"date":"2025-11-25T00:01:16","date_gmt":"2025-11-25T00:01:16","guid":{"rendered":"https:\/\/www.europesays.com\/es\/254108\/"},"modified":"2025-11-25T00:01:16","modified_gmt":"2025-11-25T00:01:16","slug":"detenido-en-cuba-el-profesor-gallego-buscado-por-la-policia-por-agredir-sexualmente-de-una-alumna","status":"publish","type":"post","link":"https:\/\/www.europesays.com\/es\/254108\/","title":{"rendered":"Detenido en Cuba el profesor gallego buscado por la Polic\u00eda por agredir sexualmente de una alumna"},"content":{"rendered":"<p>    MADRID 24 Nov. (EUROPA PRESS) &#8211; <\/p>\n<p>   El profesor gallego Marti\u00f1o Ramos Soto ha sido detenido este lunes en Cuba, despu\u00e9s de que la Polic\u00eda Nacional lo incluyera en la lista de los diez fugitivos m\u00e1s buscados por las autoridades espa\u00f1olas por abusar sexualmente de una alumna menor de edad recurriendo a pr\u00e1cticas s\u00e1dicas.<\/p>\n<p>    Seg\u00fan han confirmado a Europa Press fuentes policiales, las autoridades cubanas han comunicado a Espa\u00f1a este lunes por la tarde el arresto de Marti\u00f1o Ramos, que fue condenado a 13 a\u00f1os de prisi\u00f3n por la agresi\u00f3n sexual de una menor.<\/p>\n<p>    La Polic\u00eda Nacional hab\u00eda pedido en las \u00faltimas horas a Cuba que extremara las medidas de vigilancia sobre Marti\u00f1o Ramos Soto, sobre el que pesaba una orden internacional de detenci\u00f3n desde el 31 de octubre.<\/p>\n<p>    El fugitivo huy\u00f3 de Espa\u00f1a en julio, antes de que el 16 de septiembre pasado la autoridad judicial emitiera una orden de b\u00fasqueda nacional para que ingresara en prisi\u00f3n.<\/p>\n<p>     Desde el 31 de octubre hab\u00eda ya una orden internacional y se hab\u00edan intensificado los contactos con las autoridades cubanas, un pa\u00eds con el que Espa\u00f1a no tiene acuerdo de extradici\u00f3n bilateral.<\/p>\n<p>    La b\u00fasqueda de Marti\u00f1o Ramos fue muy medi\u00e1tica por abusar de una menor con pr\u00e1cticas s\u00e1dicas en Orense, donde el fugitivo fue militante de la formaci\u00f3n En Marea. La Polic\u00eda ha confirmado este lunes que se fug\u00f3 en julio a Cuba, pasando antes por Portugal, Brasil y Per\u00fa.<\/p>\n<p>    Seg\u00fan la ficha publicada por la Polic\u00eda en la lista de los diez fugitivos m\u00e1s buscados, que se ha actualizado este lunes, Marti\u00f1o Ramos es natural de Ourense y tiene 50 a\u00f1os. Est\u00e1 condenado a 13 a\u00f1os de prisi\u00f3n por abusos sexuales a una alumna menor de edad mediante pr\u00e1cticas s\u00e1dicas cuando la v\u00edctima ten\u00eda entre 12 y 16 a\u00f1os.<\/p>\n<p>HUIDA PLANIFICADA Y CUENTA CON AYUDA<\/p>\n<p>   A preguntas de la prensa, el jefe de la secci\u00f3n de fugitivos de la Polic\u00eda Nacional ha confirmado que siguieron el rastro de Marti\u00f1o Ramos desde que en octubre salt\u00f3 a los medios que era buscado por la agresi\u00f3n sexual a una alumna menor de edad. Los agentes creen que cuenta con ayuda en Cuba de conocidos.<\/p>\n<p>    \u00abConseguimos rastrear que se hab\u00eda ido hasta Cuba y nos sorprendi\u00f3 por c\u00f3mo lo hab\u00eda hecho, estaba planificado y utiliz\u00f3 medios t\u00e9cnicos\u00bb, ha comentado este responsable policial.<\/p>\n<p>    \u00abA trav\u00e9s de autoridades cubanas conseguimos confirmar que estaba all\u00ed y por eso procedimos a solicitar al juez competente la orden internacional de detenci\u00f3n\u00bb, ha a\u00f1adido, recordando que con este pa\u00eds no existe acuerdo de extradici\u00f3n pero que se trabaja para que sea entregado a Espa\u00f1a, de ah\u00ed su publicaci\u00f3n en la lista de los m\u00e1s buscados.<\/p>\n<p>    El jefe de fugitivos de la Polic\u00eda ha reconocido que la publicaci\u00f3n en prensa sobre su paradero lo que ha podido hacer es alertar a Marti\u00f1o Ramos. \u00abEn previsi\u00f3n de que pudiera pasar, hemos solicitado a las autoridades Cubanas que adopte medidas cautelares; estamos esperando ahora mismo a ver si funcionan todos esos mecanismos de cooperaci\u00f3n internacional\u00bb, ha a\u00f1adido.<\/p>\n<p>AUTO DE SOLICITUD DE EXTRADICI\u00d3N<\/p>\n<p>   La Audiencia Provincial de Ourense emiti\u00f3 el pasado 31 de octubre un auto de solicitud de extradici\u00f3n desde Cuba de Marti\u00f1o Ramos Soto, el profesor de Ourense que se fug\u00f3 antes de entrar en prisi\u00f3n.<\/p>\n<p>   Seg\u00fan han explicado a Europa Press fuentes del Tribunal Superior de Xustiza de Galicia (TSXG), la Audiencia Provincial recibi\u00f3 informaci\u00f3n policial de que el pr\u00f3fugo hab\u00eda sido localizado en Cuba, por lo que el 31 de octubre dict\u00f3 orden internacional de detenci\u00f3n y pidi\u00f3 \u00abinmediatamente\u00bb la extradici\u00f3n.<\/p>\n<p>   Seg\u00fan las fuentes del TSXG consultadas, la petici\u00f3n de extradici\u00f3n \u00abya ha sido tramitada por el Ministerio de Justicia\u00bb. No obstante, no existe un tratado activo de extradici\u00f3n con Cuba.<\/p>\n<p>   El propio subdelegado del Gobierno ha corroborado que \u00abno hay un tratado efectivo y activo de extradici\u00f3n\u00bb. A\u00fan as\u00ed, ha dicho que \u00abel Gobierno de Espa\u00f1a y la Polic\u00eda siguen trabajando para que esta persona cumpla definitivamente su condena en Espa\u00f1a\u00bb.<\/p>\n","protected":false},"excerpt":{"rendered":"MADRID 24 Nov. (EUROPA PRESS) &#8211; El profesor gallego Marti\u00f1o Ramos Soto ha sido detenido este lunes en&hellip;\n","protected":false},"author":2,"featured_media":254109,"comment_status":"","ping_status":"","sticky":false,"template":"","format":"standard","meta":{"footnotes":""},"categories":[5],"tags":[17,18,25,24,13,14,11,19,20,9,10,15,16,23,12,21,22],"class_list":{"0":"post-254108","1":"post","2":"type-post","3":"status-publish","4":"format-standard","5":"has-post-thumbnail","7":"category-titulares","8":"tag-breaking-news","9":"tag-breakingnews","10":"tag-es","11":"tag-espana","12":"tag-featured-news","13":"tag-featurednews","14":"tag-headlines","15":"tag-latest-news","16":"tag-latestnews","17":"tag-news","18":"tag-noticias","19":"tag-noticias-destacadas","20":"tag-noticiasdestacadas","21":"tag-spain","22":"tag-titulares","23":"tag-ultimas-noticias","24":"tag-ultimasnoticias"},"share_on_mastodon":{"url":"https:\/\/pubeurope.com\/@es\/115607403468896735","error":""},"_links":{"self":[{"href":"https:\/\/www.europesays.com\/es\/wp-json\/wp\/v2\/posts\/254108","targetHints":{"allow":["GET"]}}],"collection":[{"href":"https:\/\/www.europesays.com\/es\/wp-json\/wp\/v2\/posts"}],"about":[{"href":"https:\/\/www.europesays.com\/es\/wp-json\/wp\/v2\/types\/post"}],"author":[{"embeddable":true,"href":"https:\/\/www.europesays.com\/es\/wp-json\/wp\/v2\/users\/2"}],"replies":[{"embeddable":true,"href":"https:\/\/www.europesays.com\/es\/wp-json\/wp\/v2\/comments?post=254108"}],"version-history":[{"count":0,"href":"https:\/\/www.europesays.com\/es\/wp-json\/wp\/v2\/posts\/254108\/revisions"}],"wp:featuredmedia":[{"embeddable":true,"href":"https:\/\/www.europesays.com\/es\/wp-json\/wp\/v2\/media\/254109"}],"wp:attachment":[{"href":"https:\/\/www.europesays.com\/es\/wp-json\/wp\/v2\/media?parent=254108"}],"wp:term":[{"taxonomy":"category","embeddable":true,"href":"https:\/\/www.europesays.com\/es\/wp-json\/wp\/v2\/categories?post=254108"},{"taxonomy":"post_tag","embeddable":true,"href":"https:\/\/www.europesays.com\/es\/wp-json\/wp\/v2\/tags?post=254108"}],"curies":[{"name":"wp","href":"https:\/\/api.w.org\/{rel}","templated":true}]}}