{"id":254110,"date":"2025-11-25T00:05:10","date_gmt":"2025-11-25T00:05:10","guid":{"rendered":"https:\/\/www.europesays.com\/es\/254110\/"},"modified":"2025-11-25T00:05:10","modified_gmt":"2025-11-25T00:05:10","slug":"camilo-villegas-y-su-esposa-maria-ochoa-traen-a-medellin-el-torneo-de-golf-de-la-fundacion-mias-miracles","status":"publish","type":"post","link":"https:\/\/www.europesays.com\/es\/254110\/","title":{"rendered":"Camilo Villegas y su esposa Mar\u00eda Ochoa traen a Medell\u00edn el torneo de golf de la Fundaci\u00f3n Mia\u2019s Miracles"},"content":{"rendered":"\n<p>El golfista antioque\u00f1o Camilo Villegas y su esposa, Mar\u00eda Ochoa, traer\u00e1n, por primera vez a Colombia, el torneo de golf de la Fundaci\u00f3n Mia\u2019s Miracles, el evento que realizan para recaudar fondos y ayudar a los ni\u00f1os que luchan contra el c\u00e1ncer.<\/p>\n<p>En esta ocasi\u00f3n y por primera vez en el pa\u00eds, los amantes del golf y quienes quieran vincularse a la ayuda para los ni\u00f1os que luchan contra el c\u00e1ncer, se podr\u00e1n divertir con los mejores exponentes de este deporte y algunos invitados especiales del cinco veces campe\u00f3n del PGA Tour.<\/p>\n<p>La cita est\u00e1 prevista para el 6 de diciembre en el club Campestre Llanogrande y ya se ha confirmado que el evento reunir\u00e1 a m\u00e1s de 120 jugadores entre aficionados e invitados especiales en pro de una linda cauda.<\/p>\n<p>Camilo quiere seguir expandiendo su legado, a trav\u00e9s de una labor social que le permita a ni\u00f1os y familias atravesar los momentos dif\u00edciles con un soporte adicional. Hay que recordar que hace unos meses, Villegas y su esposa inauguraron en Medell\u00edn un centro oncol\u00f3gico pedi\u00e1trico con el Hospital Infantil San Vicente Fundaci\u00f3n.<\/p>\n<p>En esa ocasi\u00f3n, la pareja confirm\u00f3 la inversi\u00f3n de cerca de $700 millones para la adecuaci\u00f3n de la unidad de oncolog\u00eda pedi\u00e1trica en Medell\u00edn, dinero entregado a trav\u00e9s de la Fundaci\u00f3n Mia\u2019s Miracles.<\/p>\n<p>\u201cTraer el torneo de Mia\u2019s Miracles a Colombia es una manera de honrar a Mia y de seguir construyendo esperanza para cientos de ni\u00f1os y familias. Aqu\u00ed naci\u00f3 nuestra historia y aqu\u00ed queremos que nuestros esfuerzos tengan un impacto transformador\u201d, expres\u00f3 Camilo Villegas.<\/p>\n<p>Mar\u00eda Ochoa, por su lado, recalc\u00f3 que \u201cla misi\u00f3n de la Fundaci\u00f3n es llevar alegr\u00eda y esperanza a quienes m\u00e1s lo necesitan. Con este torneo esperamos unir al pa\u00eds en torno a un prop\u00f3sito que trasciende el deporte\u201d.<\/p>\n<p>Adem\u00e1s de los golfistas, a la iniciativa de Villegas y su esposa se han sumado marcas y empresas como la Fundaci\u00f3n Argos, la Fundaci\u00f3n Bancolombia, Bancolombia, Seguros Sura Colombia, y Ron Parce, entre otras.<\/p>\n","protected":false},"excerpt":{"rendered":"El golfista antioque\u00f1o Camilo Villegas y su esposa, Mar\u00eda Ochoa, traer\u00e1n, por primera vez a Colombia, el torneo&hellip;\n","protected":false},"author":2,"featured_media":254111,"comment_status":"","ping_status":"","sticky":false,"template":"","format":"standard","meta":{"footnotes":""},"categories":[275],"tags":[168,25,24,329,1267,23,167],"class_list":{"0":"post-254110","1":"post","2":"type-post","3":"status-publish","4":"format-standard","5":"has-post-thumbnail","7":"category-golf","8":"tag-deportes","9":"tag-es","10":"tag-espana","11":"tag-golf","12":"tag-noticias-el-colombiano","13":"tag-spain","14":"tag-sports"},"share_on_mastodon":{"url":"https:\/\/pubeurope.com\/@es\/115607419283769153","error":""},"_links":{"self":[{"href":"https:\/\/www.europesays.com\/es\/wp-json\/wp\/v2\/posts\/254110","targetHints":{"allow":["GET"]}}],"collection":[{"href":"https:\/\/www.europesays.com\/es\/wp-json\/wp\/v2\/posts"}],"about":[{"href":"https:\/\/www.europesays.com\/es\/wp-json\/wp\/v2\/types\/post"}],"author":[{"embeddable":true,"href":"https:\/\/www.europesays.com\/es\/wp-json\/wp\/v2\/users\/2"}],"replies":[{"embeddable":true,"href":"https:\/\/www.europesays.com\/es\/wp-json\/wp\/v2\/comments?post=254110"}],"version-history":[{"count":0,"href":"https:\/\/www.europesays.com\/es\/wp-json\/wp\/v2\/posts\/254110\/revisions"}],"wp:featuredmedia":[{"embeddable":true,"href":"https:\/\/www.europesays.com\/es\/wp-json\/wp\/v2\/media\/254111"}],"wp:attachment":[{"href":"https:\/\/www.europesays.com\/es\/wp-json\/wp\/v2\/media?parent=254110"}],"wp:term":[{"taxonomy":"category","embeddable":true,"href":"https:\/\/www.europesays.com\/es\/wp-json\/wp\/v2\/categories?post=254110"},{"taxonomy":"post_tag","embeddable":true,"href":"https:\/\/www.europesays.com\/es\/wp-json\/wp\/v2\/tags?post=254110"}],"curies":[{"name":"wp","href":"https:\/\/api.w.org\/{rel}","templated":true}]}}