{"id":254120,"date":"2025-11-25T00:11:12","date_gmt":"2025-11-25T00:11:12","guid":{"rendered":"https:\/\/www.europesays.com\/es\/254120\/"},"modified":"2025-11-25T00:11:12","modified_gmt":"2025-11-25T00:11:12","slug":"tu-te-la-echas-y-sientes-inmediatamente-que-la-piel-se-calma-se-hidrata-tiene-jugosidad","status":"publish","type":"post","link":"https:\/\/www.europesays.com\/es\/254120\/","title":{"rendered":"T\u00fa te la echas y sientes inmediatamente que la piel se calma, se hidrata, tiene jugosidad"},"content":{"rendered":"<p><strong>\u00abSoy la Nivea de las actrices\u00bb<\/strong>. Maribel Verd\u00fa bromeaba en una de sus entrevistas compar\u00e1ndose con la cl\u00e1sica crema Nieva, la del tarro azul, un imprescindible en su d\u00eda a d\u00eda y que no falta en sus rutinas de belleza. La actriz puede presumir de un cutis perfecto, hidratado y sin imperfecciones. Y el secreto no es otro que la crema que han utilizado nuestras madres y nuestras abuelas.<\/p>\n<p>No es la \u00fanica int\u00e9rprete que ha querido confesar los buenos resultados de esta crema. Nombres como <strong>Lolita Flores, Carmen Lomana o Ana Obreg\u00f3n<\/strong> han contado, a lo largo de los a\u00f1os, los beneficios que han obtenido para su piel. Si tienen que confiar en una hidratante que sea efectiva y eficaz, es la Nivea de toda la vida. As\u00ed nos lo han contado ellas mismas.<\/p>\n<p>El imprescindible de Maribel Verd\u00fa<\/p>\n<p>\u00abMe impresion\u00f3 ver c\u00f3mo en pocos d\u00edas mi piel se transformaba, haci\u00e9ndome sentir bien al instante\u00bb. <strong>Maribel Verd\u00fa<\/strong> hablaba con la revista femenina &#8216;Magas&#8217; despu\u00e9s de convertirse en embajadora de Nieva. La actriz lleva toda la vida confiando en la marca y utilizando su hidratante para tener la piel jugosa y sin imperfecciones. Pero ha ido un paso m\u00e1s all\u00e1.<\/p>\n<p><img loading=\"lazy\" decoding=\"async\"   src=\"https:\/\/www.europesays.com\/es\/wp-content\/uploads\/2025\/11\/crema-nivea_a58d0891_251124200712_1200x1200.webp.webp\" alt=\"Crema Nivea\" class=\"lazyload\" width=\"1200\" height=\"1200\" data-aspectratio=\"1200\/1200\"\/>&#13;Nivea<\/p>\n<p>\u00abLlevo un mes prob\u00e1ndola, desde que la mandaron, y realmente yo pienso, &#8216;qu\u00e9 suerte ser embajadora de algo que me creo'\u00bb, explicaba sobre el s\u00e9rum rejuvenecedor que ha lanzado la marca,\u00a0Cellular Epigenetic. <strong>\u00abT\u00fa te la echas y sientes inmediatamente que la piel se calma, se hidrata, tiene jugosidad\u00bb<\/strong>, a\u00f1ad\u00eda impresionada por los resultados en tan poco tiempo.<\/p>\n<p>El truco de Lolita<\/p>\n<p>Otra de las que no se separa de su bote azul de Nivea es <strong>Lolita Flores<\/strong>. La cantante cuida mucho su piel. Es algo que aprendi\u00f3 de su madre, Lola Flores, y que ha transmitido a su hija Elena Furiase. La piel es vital y seguir una buena rutina cada ma\u00f1ana y cada noche es esencial para prevenir.<\/p>\n<p><img loading=\"lazy\" decoding=\"async\"   src=\"https:\/\/www.europesays.com\/es\/wp-content\/uploads\/2025\/11\/lolita_52264fa3_251124201057_1200x1605.webp.webp\" alt=\"Lolita\" class=\"lazyload\" width=\"1200\" height=\"1605\" data-aspectratio=\"1200\/1605\"\/>&#13;<\/p>\n<p><strong>\u00abYo soy de Nivea, del bote azul de toda la vida\u00bb<\/strong>, explicaba hace ya m\u00e1s de cinco a\u00f1os. La cantante conced\u00eda una entrevista para revelar sus secretos beauty y confirmaba lo que muchos imaginaban. Conf\u00eda en un esencial de belleza. Lolita se cuida por dentro y por fuera y ha hecho de la crema cl\u00e1sica de Nivea su complemento infalible.<\/p>\n<p><strong>Merece mucho la pena como complemento <\/strong>para\u00a0la rutina diaria, incorpor\u00e1ndolo tanto en el cuidado facial, como para\u00a0hidratar las manos o calmar zonas irritadas, <a href=\"https:\/\/www.lecturas.com\/belleza\/rafaela-ribeiro-farmaceutica-portuguesa-sobre-beneficios-crema-clasica-nivea-al-final-se-trata-hacer-bien-basico_184289\" rel=\"nofollow noopener\" target=\"_blank\">entre otros beneficios.<\/a><\/p>\n<p>Carmen Lomana, una fiel seguidora<\/p>\n<p>\u00abCada vez que abro la lata su aroma me trae a la memoria escenas de mi ni\u00f1ez\u00bb. Carmen Lomana se ha sincerado sobre la crema Nivea en varias ocasiones. La socialit\u00e9, una de las que puede presumir de tener mejor piel, explica que su secreto reside en el tarro azul que todas tenemos en casa. \u00abUn must en casa y, tambi\u00e9n en el bolso, para garantizar una piel hidratada a todas horas\u00bb, a\u00f1ad\u00eda en sus redes sociales.<\/p>\n<p><img loading=\"lazy\" decoding=\"async\"   src=\"https:\/\/www.europesays.com\/es\/wp-content\/uploads\/2025\/11\/carmen-lomana_0ca68e80_251124201127_1200x1346.webp.webp\" alt=\"Carmen Lomana\" class=\"lazyload\" width=\"1200\" height=\"1346\" data-aspectratio=\"1200\/1346\"\/>&#13;GTRES<\/p>\n<p>Lomana es, como Lolita, una fiel seguidora de la crema Nivea. Es la f\u00f3rmula que utiliza para su d\u00eda a d\u00eda y para mantener hidratada la piel. No hay un producto en el mercado que tenga una hidrataci\u00f3n mejor. Fortalecer la barrera protectora de la piel, hidratarla y lograr esa sensaci\u00f3n de jugosidad que hace que comencemos el d\u00eda de otra forma.<\/p>\n<p>Los trucos de Ana Obreg\u00f3n<\/p>\n<p>\u00abCada ma\u00f1ana, soy muy r\u00e1pida. Me pongo una ampolla antiedad de laCabine y listo. Despu\u00e9s me pongo la Nivea, la de toda la vida, la de la caja azul\u00bb. Ana Obreg\u00f3n explicaba sus rutinas de belleza en una entrevista para &#8216;Europa Press&#8217;. La presentadora dejaba claro el mensaje: la crema Nieva, la de toda la vida, es un esencial en su rutina diaria.<\/p>\n<p><img loading=\"lazy\" decoding=\"async\"   src=\"https:\/\/www.europesays.com\/es\/wp-content\/uploads\/2025\/11\/ana-obregon_2d9cd25f_251124201145_1200x1800.webp.webp\" alt=\"Ana Obreg\u00f3n \" class=\"lazyload\" width=\"1200\" height=\"1800\" data-aspectratio=\"1200\/1800\"\/>&#13;GETTY NO USAR<\/p>\n<p>\u00abMi madre toda la vida se ha dado la Nivea y ten\u00eda la piel perfecta\u00bb, a\u00f1ad\u00eda. \u00abAhora hay que reforzar porque no hay la poluci\u00f3n de entonces ni toda la porquer\u00eda que nos rodea, que hace envejecer la piel\u00bb. Hay que tener siempre en cuenta que la crema Nieva es una hidratante que podemos completar con otras f\u00f3rmulas que aporten otros beneficios para la piel.<\/p>\n<p>Cuatro nombres muy conocidos, cuatro mujeres que lucen una piel perfecta y un solo producto que ha conquistado a todas.<\/p>\n<p>\u00a0<\/p>\n","protected":false},"excerpt":{"rendered":"\u00abSoy la Nivea de las actrices\u00bb. Maribel Verd\u00fa bromeaba en una de sus entrevistas compar\u00e1ndose con la cl\u00e1sica&hellip;\n","protected":false},"author":2,"featured_media":254121,"comment_status":"","ping_status":"","sticky":false,"template":"","format":"standard","meta":{"footnotes":""},"categories":[174],"tags":[255,146,147,25,24,256,23],"class_list":{"0":"post-254120","1":"post","2":"type-post","3":"status-publish","4":"format-standard","5":"has-post-thumbnail","7":"category-famosos","8":"tag-celebrities","9":"tag-entertainment","10":"tag-entretenimiento","11":"tag-es","12":"tag-espana","13":"tag-famosos","14":"tag-spain"},"share_on_mastodon":{"url":"https:\/\/pubeurope.com\/@es\/115607443058268671","error":""},"_links":{"self":[{"href":"https:\/\/www.europesays.com\/es\/wp-json\/wp\/v2\/posts\/254120","targetHints":{"allow":["GET"]}}],"collection":[{"href":"https:\/\/www.europesays.com\/es\/wp-json\/wp\/v2\/posts"}],"about":[{"href":"https:\/\/www.europesays.com\/es\/wp-json\/wp\/v2\/types\/post"}],"author":[{"embeddable":true,"href":"https:\/\/www.europesays.com\/es\/wp-json\/wp\/v2\/users\/2"}],"replies":[{"embeddable":true,"href":"https:\/\/www.europesays.com\/es\/wp-json\/wp\/v2\/comments?post=254120"}],"version-history":[{"count":0,"href":"https:\/\/www.europesays.com\/es\/wp-json\/wp\/v2\/posts\/254120\/revisions"}],"wp:featuredmedia":[{"embeddable":true,"href":"https:\/\/www.europesays.com\/es\/wp-json\/wp\/v2\/media\/254121"}],"wp:attachment":[{"href":"https:\/\/www.europesays.com\/es\/wp-json\/wp\/v2\/media?parent=254120"}],"wp:term":[{"taxonomy":"category","embeddable":true,"href":"https:\/\/www.europesays.com\/es\/wp-json\/wp\/v2\/categories?post=254120"},{"taxonomy":"post_tag","embeddable":true,"href":"https:\/\/www.europesays.com\/es\/wp-json\/wp\/v2\/tags?post=254120"}],"curies":[{"name":"wp","href":"https:\/\/api.w.org\/{rel}","templated":true}]}}