{"id":254122,"date":"2025-11-25T00:14:09","date_gmt":"2025-11-25T00:14:09","guid":{"rendered":"https:\/\/www.europesays.com\/es\/254122\/"},"modified":"2025-11-25T00:14:09","modified_gmt":"2025-11-25T00:14:09","slug":"tinho-acaricia-la-gran-final-de-ot-2025-con-una-actuacion-historica-en-la-gala-10-que-lo-consagra-como-favorito-absoluto","status":"publish","type":"post","link":"https:\/\/www.europesays.com\/es\/254122\/","title":{"rendered":"Tinho acaricia la gran final de &#8216;OT 2025&#8217; con una actuaci\u00f3n hist\u00f3rica en la Gala 10 que lo consagra como favorito absoluto"},"content":{"rendered":"<p><b>Tinho roza con los dedos la gran final<\/b> de <a title=\"&#039;OT 2025&#039;\" href=\"https:\/\/www.larazon.es\/tags\/operacion-triunfo\/\" target=\"_blank\" rel=\"nofollow noopener\">&#8216;OT 2025&#8217;<\/a> con <b>una nueva actuaci\u00f3n consecutiva digna de entrar en los anales de la historia del concurso<\/b> producido por <b>Gestmusic<\/b>, que vive su <b>segunda edici\u00f3n bajo<\/b> el paraguas de <b>Amazon Prime Video<\/b>. Adem\u00e1s de convertirse por segunda vez en <b>favorito de la semana en la Gala 10<\/b> (con el <b>30% de los votos del p\u00fablico<\/b>) y sumarse <b>otros 3.000 \u20ac cortes\u00eda de ING<\/b> para su carrera profesional m\u00e1s all\u00e1 del programa, <a title=\"el joven de 22 a\u00f1os\" href=\"https:\/\/www.larazon.es\/television\/programas\/tinho-cumple-hoy-22-anos-celebra-como-nuevo-concursante-favorito-2025_202510286900badc4e775547a9053422.html\" target=\"_blank\" rel=\"nofollow noopener\">el joven de 22 a\u00f1os<\/a> ha brillado en el escenario de &#8216;OT 2025&#8217; <b>cantando en gallego<\/b>, en una actuaci\u00f3n que ha sido <b>puro rock and roll<\/b>.<\/p>\n<p>En cuanto a <b>las despedidas en la Gala 10<\/b>, giro inesperado con el <b>adi\u00f3s de T\u00e9you<\/b>, quien <b>se convierte en la nueva concursante expulsada<\/b> de <a title=\"&#039;OT 2025&#039;\" href=\"https:\/\/www.larazon.es\/television\/programas\/aplaudida-reflexion-ruslana-2025-falta-educacion-financiera-institutos_20251124692443f86c137a69877a86a9.html\" target=\"_blank\" rel=\"nofollow noopener\">&#8216;OT 2025&#8217;<\/a>. La <a title=\"c\u00e1ntabra\" href=\"https:\/\/www.larazon.es\/television\/programas\/asi-teyou-nueva-concursante-favorita-audiencia-2025_2025101468ee4f399c028a4cad38d6ab.html\" target=\"_blank\" rel=\"nofollow noopener\">c\u00e1ntabra<\/a> recibi\u00f3 el <b>48% de los votos del p\u00fablico<\/b> y a pesar de realizar una actuaci\u00f3n \u00edntima y brillante en la noche de hoy, <b>su paso por el concurso ha ido de m\u00e1s a menos<\/b>. La otra cara de la moneda fue <a title=\"Guillo Rist\" href=\"https:\/\/www.larazon.es\/television\/programas\/vergonzoso-mensaje-fan-2025-guillo-rist-firma-discos-barcelona-que_20251117691b046e39b3f1652bf3a04b.html\" target=\"_blank\" rel=\"nofollow noopener\">Guillo Rist<\/a> (<b>salvado con el 52%<\/b> de los votos del p\u00fablico de <a title=\"&#039;Operaci\u00f3n Triunfo&#039;\" href=\"https:\/\/www.larazon.es\/television\/programas\/ricky-merino-destapa-recelo-industria-musical-marca-piden-desvincularte_202511246924a91ddf41134465e7bd13.html\" target=\"_blank\" rel=\"nofollow noopener\">&#8216;Operaci\u00f3n Triunfo&#8217;<\/a>), quien mejor\u00f3 durante toda la semana y <b>sac\u00f3 adelante durante la Gala 10 una canci\u00f3n bastante compleja como es &#8216;Abracadabra&#8217; de <\/b><a title=\"Lady Gaga\" href=\"https:\/\/www.larazon.es\/tags\/lady-gaga\/\" target=\"_blank\" rel=\"nofollow noopener\">Lady Gaga<\/a>, pero <b>desenton\u00f3 a nivel bocal <\/b>y no <b>convenci\u00f3 al jurado<\/b>, que <b>pidi\u00f3 de nuevo su nominaci\u00f3n<\/b>.<\/p>\n<p>Guillo Rist y Crespo, nominados tras las valoraciones del jurado<\/p>\n<p>Durante la Gala 10 de &#8216;OT 2025&#8217;, el jurado <b>dej\u00f3 claras sus impresiones<\/b> desde el primer momento. <b>Crespo<\/b> se convirti\u00f3 en el p<b>rimer nominado de la noche al no firmar una actuaci\u00f3n tan s\u00f3lida<\/b> como se esperaba. <b>Guillo Rist<\/b>, aunque evit\u00f3 la expulsi\u00f3n, no pudo librarse de la nominaci\u00f3n: su n\u00famero brill\u00f3 esc\u00e9nicamente, pero <b>vocalmente se qued\u00f3 corto<\/b>. En el lado opuesto, <b>Cristina cruz\u00f3 la pasarela despu\u00e9s de que Abraham Mateo destacara su potencial eurovisivo<\/b>, situ\u00e1ndola directamente en la Gala 11. Tambi\u00e9n <b>Guille Toledano recibi\u00f3 elogios por su actuaci\u00f3n brillante, aunque la exigencia general de la noche <\/b>le llev\u00f3 a la nominaci\u00f3n. <b>Claudia Arenas<\/b>, muy <b>afectada por problemas vocales<\/b>, tambi\u00e9n acab\u00f3 entre los nominados pese a su esfuerzo. <b>Olivia<\/b> fue otra de las <b>triunfadoras de la noche, recibiendo palabras como \u00abemocionante\u00bb o \u00abprecioso\u00bb<\/b> que la impulsaron a cruzar la pasarela. Finalmente, los <b>profesores decidieron salvar a Claudia Arenas<\/b>, mientras que <b>los compa\u00f1eros otorgaron su apoyo a Guille Toledano<\/b>, dejando como<b> nominados definitivos a Guillo Rist y Crespo para la Gala 11<\/b>.<\/p>\n<p>Nuevas fechas confirmadas para los conciertos de &#8216;OT 2025&#8217;<\/p>\n<p>Tras anunciar <a title=\"las entradas de los conciertos\" href=\"https:\/\/www.larazon.es\/television\/programas\/valiosa-leccion-vida-que-noemi-galera-concursantes-2025-academia-burbuja-fuera-mas-probable-que-tengais-que-buscar-vosotros-vida_20251110691200555d5dad37ab8cd45c.html\" target=\"_blank\" rel=\"nofollow noopener\">las entradas de los conciertos<\/a> del <b>Movistar Arena (Madrid), Palau Sant Jordi (Barcelona) y Roig Arena (Valencia)<\/b> para el<b> 3, 10 y 18 de julio de 2026<\/b> respectivamente, este fin de semana la cuenta oficial del concurso revel\u00f3 nuevas fechas para la gira de &#8216;OT 2025&#8217; y han sido reveladas a los concursantes en la Gala 10. Las fechas son las siguientes:<\/p>\n<ul>\n<li>18\/04\/26 \u2014 Bilbao<\/li>\n<li>19\/04\/26 \u2014 A Coru\u00f1a<\/li>\n<li>08\/05\/26 \u2014 Granada<\/li>\n<li>27\/06\/26 \u2014 Murcia<\/li>\n<li>17\/07\/26 \u2014 Alicante<\/li>\n<li>24\/07\/26 \u2014 Santander<\/li>\n<li>31\/07\/26 \u2014 Fuengirola<\/li>\n<li>08\/08\/26 \u2014 C\u00e1diz<\/li>\n<li>12\/09\/26 \u2014 Zaragoza<\/li>\n<li>18\/09\/26 \u2014 Sevilla<\/li>\n<\/ul>\n<p>Las <b>entradas ya han salido a la venta<\/b> y pronto se desvelara la <b>ubicaci\u00f3n exacta en la que se celebrar\u00e1n los nuevos conciertos de esta nueva camada de \u00abtriunfitos\u00bb<\/b> que se suma a los que ya conocemos de <b>la capital de Espa\u00f1a, la Ciudad Condal y la Ciudad del Turia<\/b>.<\/p>\n","protected":false},"excerpt":{"rendered":"Tinho roza con los dedos la gran final de &#8216;OT 2025&#8217; con una nueva actuaci\u00f3n consecutiva digna de&hellip;\n","protected":false},"author":2,"featured_media":254123,"comment_status":"","ping_status":"","sticky":false,"template":"","format":"standard","meta":{"footnotes":""},"categories":[171],"tags":[146,147,25,24,23,214],"class_list":{"0":"post-254122","1":"post","2":"type-post","3":"status-publish","4":"format-standard","5":"has-post-thumbnail","7":"category-tv","8":"tag-entertainment","9":"tag-entretenimiento","10":"tag-es","11":"tag-espana","12":"tag-spain","13":"tag-tv"},"share_on_mastodon":{"url":"https:\/\/pubeurope.com\/@es\/115607454777724475","error":""},"_links":{"self":[{"href":"https:\/\/www.europesays.com\/es\/wp-json\/wp\/v2\/posts\/254122","targetHints":{"allow":["GET"]}}],"collection":[{"href":"https:\/\/www.europesays.com\/es\/wp-json\/wp\/v2\/posts"}],"about":[{"href":"https:\/\/www.europesays.com\/es\/wp-json\/wp\/v2\/types\/post"}],"author":[{"embeddable":true,"href":"https:\/\/www.europesays.com\/es\/wp-json\/wp\/v2\/users\/2"}],"replies":[{"embeddable":true,"href":"https:\/\/www.europesays.com\/es\/wp-json\/wp\/v2\/comments?post=254122"}],"version-history":[{"count":0,"href":"https:\/\/www.europesays.com\/es\/wp-json\/wp\/v2\/posts\/254122\/revisions"}],"wp:featuredmedia":[{"embeddable":true,"href":"https:\/\/www.europesays.com\/es\/wp-json\/wp\/v2\/media\/254123"}],"wp:attachment":[{"href":"https:\/\/www.europesays.com\/es\/wp-json\/wp\/v2\/media?parent=254122"}],"wp:term":[{"taxonomy":"category","embeddable":true,"href":"https:\/\/www.europesays.com\/es\/wp-json\/wp\/v2\/categories?post=254122"},{"taxonomy":"post_tag","embeddable":true,"href":"https:\/\/www.europesays.com\/es\/wp-json\/wp\/v2\/tags?post=254122"}],"curies":[{"name":"wp","href":"https:\/\/api.w.org\/{rel}","templated":true}]}}