{"id":254132,"date":"2025-11-25T00:20:19","date_gmt":"2025-11-25T00:20:19","guid":{"rendered":"https:\/\/www.europesays.com\/es\/254132\/"},"modified":"2025-11-25T00:20:19","modified_gmt":"2025-11-25T00:20:19","slug":"kevin-spacey-aclaro-los-rumores-de-que-se-encuentra-sin-hogar-tengo-muchisimo-que-agradecer","status":"publish","type":"post","link":"https:\/\/www.europesays.com\/es\/254132\/","title":{"rendered":"Kevin Spacey aclar\u00f3 los rumores de que se encuentra sin hogar: \u201cTengo much\u00edsimo que agradecer\u201d"},"content":{"rendered":"<p><img alt=\"Kevin Spacey se sincer\u00f3 sobre\" class=\"global-image\" decoding=\"async\" fetchpriority=\"high\" height=\"1080\" loading=\"eager\" src=\"https:\/\/www.europesays.com\/es\/wp-content\/uploads\/2025\/11\/5DNZYUFKTVFHPAVYGY5YTR3FUQ.jpg\" width=\"1920\"\/>Kevin Spacey se sincer\u00f3 sobre supuestamente no tener un hogar. (Cr\u00e9ditos: REUTERS \/ Manon Cruz )<\/p>\n<p class=\"paragraph\"><b>Kevin Spacey<\/b> volvi\u00f3 al centro de la conversaci\u00f3n p\u00fablica este fin de semana, luego de que una reciente entrevista generara titulares asegurando que el actor estaba \u201csin hogar\u201d. <\/p>\n<p class=\"paragraph\">El ganador del \u00d3scar, de 66 a\u00f1os, decidi\u00f3 aclarar directamente la situaci\u00f3n a trav\u00e9s de un video publicado en Instagram el domingo 23 de noviembre, en el que asegur\u00f3 que, si bien ha pasado gran parte del \u00faltimo a\u00f1o viviendo entre hoteles y alojamientos temporales, no se encuentra en situaci\u00f3n de calle ni enfrenta las condiciones que suelen asociarse a ese t\u00e9rmino.<\/p>\n<p class=\"paragraph\">\u201c<b>No suelo hacer de corregir a los medios parte de mi rutina<\/b>, si lo hiciera no tendr\u00eda tiempo para mucho m\u00e1s. Pero, a la luz de los recientes art\u00edculos afirmando que estoy sin hogar, siento la necesidad de responder\u201d, coment\u00f3. <\/p>\n<p><img alt=\"Kevin Spacey us\u00f3 sus redes\" class=\"global-image\" decoding=\"async\" fetchpriority=\"low\" height=\"681\" loading=\"lazy\" src=\"https:\/\/www.europesays.com\/es\/wp-content\/uploads\/2025\/11\/CKCHOSIDZRHD3MGW2PHGB3EQW4.jpeg\" width=\"871\"\/>Kevin Spacey us\u00f3 sus redes sociales para dejar en claro que no est\u00e1 viviendo en la calle. (Instagram)<\/p>\n<p class=\"paragraph\">El video surge d\u00edas despu\u00e9s de que The Telegraph publicara una entrevista en la que el actor hablaba sobre su estilo de vida itinerante, y que el medio titul\u00f3: \u00abEntrevista a Kevin Spacey: Sin hogar, cancelado y cantando en Chipre\u2019\u00bb.<\/p>\n<p class=\"paragraph\">El artista explic\u00f3 que su intenci\u00f3n nunca fue sugerir que viv\u00eda en una situaci\u00f3n de precariedad extrema. <\/p>\n<p class=\"paragraph\">\u201cNo es para la prensa, sino para los miles de<b> ustedes que se han acercado en los \u00faltimos d\u00edas, ofreci\u00e9ndome un lugar para quedarme<\/b> o simplemente preguntando si estoy bien. Estoy profundamente conmovido por su generosidad, punto. Pero <b>ser\u00eda deshonesto permitirles creer que realmente estoy sin hogar<\/b> en el sentido coloquial\u201d, se\u00f1al\u00f3.<\/p>\n<p><img alt=\"Kevin Spacey revel\u00f3 que sus\" class=\"global-image\" decoding=\"async\" fetchpriority=\"low\" height=\"3668\" loading=\"lazy\" src=\"https:\/\/www.europesays.com\/es\/wp-content\/uploads\/2025\/11\/6ZDE7LW3J5AHPJ5ZQOJ22KS3C4.JPG\" width=\"5500\"\/>Kevin Spacey revel\u00f3 que sus fans le han ofrecido un lugar donde quedarse desde la noticia. (REUTERS\/Yara Nardi)<\/p>\n<p class=\"paragraph\">Y a\u00f1adi\u00f3: \u201cDije que estaba b\u00e1sicamente viviendo en hoteles y Airbnbs y yendo a donde est\u00e1 el trabajo. Exactamente como lo hac\u00eda cuando reci\u00e9n comenc\u00e9 en este negocio\u201d.<\/p>\n<p class=\"paragraph\">Durante 2024 y 2025, <b>Kevin Spacey<\/b> ha retomado de manera gradual su actividad profesional, participando en proyectos teatrales y cinematogr\u00e1ficos en Europa, raz\u00f3n por la cual, afirma, ha mantenido un estilo de vida n\u00f3mada. \u201cHe estado trabajando casi sin parar este a\u00f1o, y por eso tengo much\u00edsimo que agradecer\u201d, dijo.<\/p>\n<p class=\"paragraph\">Aunque reconoci\u00f3 que su situaci\u00f3n financiera \u201cno es excelente\u201d, el int\u00e9rprete fue enf\u00e1tico al diferenciar su realidad de la de quienes realmente se encuentran en situaciones vulnerables. <\/p>\n<p><img alt=\"Kevin Spacey asegur\u00f3 que ora\" class=\"global-image\" decoding=\"async\" fetchpriority=\"low\" height=\"3863\" loading=\"lazy\" src=\"https:\/\/www.europesays.com\/es\/wp-content\/uploads\/2025\/11\/HILMUBRJI5EYJKNEC52NWKGKKU.JPG\" width=\"5795\"\/>Kevin Spacey asegur\u00f3 que ora por las personas indigentes, pero \u00e9l no es una de ellas. (REUTERS\/Manuel Silvestri)<\/p>\n<p class=\"paragraph\">\u201cHay muchas personas viviendo en las calles, en sus autos o en situaciones financieras terribles. Mi coraz\u00f3n est\u00e1 con ellos, pero es evidente, incluso en el art\u00edculo, que <b>yo no soy una de esas personas, ni intent\u00e9 decir que lo era<\/b>\u201d, indic\u00f3.<\/p>\n<p class=\"paragraph\">Spacey tambi\u00e9n se refiri\u00f3 a c\u00f3mo los \u00faltimos siete a\u00f1os han impactado sus ingresos y estabilidad econ\u00f3mica. Tras enfrentar m\u00faltiples acusaciones de conducta sexual inapropiada \u2014de las cuales fue absuelto en los casos que llegaron a juicio\u2014, el actor confes\u00f3 que los costos legales y la p\u00e9rdida de trabajos fueron \u201castron\u00f3micos\u201d. <\/p>\n<p class=\"paragraph\">En su entrevista con The Telegraph, lleg\u00f3 a decir: \u201cLiteralmente no tengo casa, eso es lo que intento explicar\u201d, refiri\u00e9ndose a que todas sus pertenencias est\u00e1n actualmente almacenadas mientras contin\u00faa viajando por compromisos laborales.<\/p>\n<p><img alt=\"En la entrevista, Kevin Spacey\" class=\"global-image\" decoding=\"async\" fetchpriority=\"low\" height=\"3161\" loading=\"lazy\" src=\"https:\/\/www.europesays.com\/es\/wp-content\/uploads\/2025\/11\/746JPJE77NGMHHYV26ESH335ZI.jpg\" width=\"4742\"\/>En la entrevista, Kevin Spacey intent\u00f3 decir que por el momento viaja mucho y no puede estar en su casa todo el tiempo. (REUTERS\/Manon Cruz)<\/p>\n<p class=\"paragraph\">\u201c<b>Siento que estoy de vuelta donde empec\u00e9<\/b>, viajando a donde hay trabajo. Todo est\u00e1 en almacenamiento, y espero que en alg\u00fan momento, si las cosas contin\u00faan mejorando, pueda decidir d\u00f3nde volver a establecerme\u201d, a\u00f1adi\u00f3 en su video.<\/p>\n<p class=\"paragraph\">Su aclaraci\u00f3n apunta a zanjar una narrativa medi\u00e1tica que \u00e9l considera exagerada o fuera de contexto. Aun as\u00ed, el actor aprovech\u00f3 la ocasi\u00f3n para agradecer la preocupaci\u00f3n genuina de quienes le escribieron. <\/p>\n","protected":false},"excerpt":{"rendered":"Kevin Spacey se sincer\u00f3 sobre supuestamente no tener un hogar. (Cr\u00e9ditos: REUTERS \/ Manon Cruz ) Kevin Spacey&hellip;\n","protected":false},"author":2,"featured_media":254133,"comment_status":"","ping_status":"","sticky":false,"template":"","format":"standard","meta":{"footnotes":""},"categories":[91],"tags":[3118,146,147,25,24,406,23,18853],"class_list":{"0":"post-254132","1":"post","2":"type-post","3":"status-publish","4":"format-standard","5":"has-post-thumbnail","7":"category-entretenimiento","8":"tag-arts-culture-entertainment","9":"tag-entertainment","10":"tag-entretenimiento","11":"tag-es","12":"tag-espana","13":"tag-europe","14":"tag-spain","15":"tag-venice"},"share_on_mastodon":{"url":"https:\/\/pubeurope.com\/@es\/115607478722149488","error":""},"_links":{"self":[{"href":"https:\/\/www.europesays.com\/es\/wp-json\/wp\/v2\/posts\/254132","targetHints":{"allow":["GET"]}}],"collection":[{"href":"https:\/\/www.europesays.com\/es\/wp-json\/wp\/v2\/posts"}],"about":[{"href":"https:\/\/www.europesays.com\/es\/wp-json\/wp\/v2\/types\/post"}],"author":[{"embeddable":true,"href":"https:\/\/www.europesays.com\/es\/wp-json\/wp\/v2\/users\/2"}],"replies":[{"embeddable":true,"href":"https:\/\/www.europesays.com\/es\/wp-json\/wp\/v2\/comments?post=254132"}],"version-history":[{"count":0,"href":"https:\/\/www.europesays.com\/es\/wp-json\/wp\/v2\/posts\/254132\/revisions"}],"wp:featuredmedia":[{"embeddable":true,"href":"https:\/\/www.europesays.com\/es\/wp-json\/wp\/v2\/media\/254133"}],"wp:attachment":[{"href":"https:\/\/www.europesays.com\/es\/wp-json\/wp\/v2\/media?parent=254132"}],"wp:term":[{"taxonomy":"category","embeddable":true,"href":"https:\/\/www.europesays.com\/es\/wp-json\/wp\/v2\/categories?post=254132"},{"taxonomy":"post_tag","embeddable":true,"href":"https:\/\/www.europesays.com\/es\/wp-json\/wp\/v2\/tags?post=254132"}],"curies":[{"name":"wp","href":"https:\/\/api.w.org\/{rel}","templated":true}]}}