{"id":254144,"date":"2025-11-25T00:30:22","date_gmt":"2025-11-25T00:30:22","guid":{"rendered":"https:\/\/www.europesays.com\/es\/254144\/"},"modified":"2025-11-25T00:30:22","modified_gmt":"2025-11-25T00:30:22","slug":"puedes-ganar-mucho-dinero-pero-luego-pierdes-en-segunda-ronda","status":"publish","type":"post","link":"https:\/\/www.europesays.com\/es\/254144\/","title":{"rendered":"Puedes ganar mucho dinero, pero luego pierdes en segunda ronda"},"content":{"rendered":"<p>El extenista estadounidense Jimmy Connors, ganador de ocho Grand Slams, ha criticado la planificaci\u00f3n de Carlos Alcaraz de cara al inicio de la pr\u00f3xima temporada, especialmente por mantener su participaci\u00f3n en varias exhibiciones en Estados Unidos pese a <b><a title=\"su reciente lesi\u00f3n\" href=\"https:\/\/www.antena3.com\/noticias\/deportes\/tenis\/carlos-alcaraz-copa-davis-bolonia-lesion-muslo-derecho_20251118691c3504eba8bc0ece047603.html\" target=\"_blank\" rel=\"nofollow noopener\">su reciente lesi\u00f3n<\/a><\/b> y la exigencia del calendario previo al Open de Australia.<\/p>\n<blockquote class=\"blockquote \">\n<p class=\"blockquote__quote\">\u00abS\u00ed, es la temporada para ganar dinero, como si no hubieras ganado suficiente ya\u00bb<\/p>\n<\/blockquote>\n<p>Tras confirmarse su baja en las Finales de la Copa Davis de Tur\u00edn por precauci\u00f3n debido a un edema \u00f3seo en el isquiotibial derecho, el n\u00famero uno del mundo ha decidido descansar unas semanas antes de disputar dos compromisos ya cerrados: el 7 de diciembre en Nueva Jersey contra Frances Tiafoe, adem\u00e1s de un dobles mixto, y otro encuentro el 8 de diciembre en Miami ante Joao Fonseca.<\/p>\n<p>Una decisi\u00f3n que Connors considera arriesgada, tal y como expres\u00f3 en su p\u00f3dcast Advantage Connors, recogido por Sports Keeda: \u00abS\u00ed, es la temporada para ganar dinero, como si no hubieras ganado suficiente ya (r\u00ede). Va a ser interesante ver. \u00bfSe esfuerzan demasiado y juegan m\u00e1s partidos de exhibici\u00f3n y llegan cansados al Abierto de Australia? Ya sabes qu\u00e9 dir\u00e1n: &#8216;He estado viajando, he estado haciendo esto y aquello, y he jugado demasiados partidos de exhibici\u00f3n, demasiados torneos especiales&#8217;. Puedes ganar mucho dinero, pero luego pierdes la segunda ronda del Open de Australia\u00bb, opin\u00f3 el estadounidense.<\/p>\n<p>Connors, uno de los grandes nombres de la historia del tenis, cuestiona que el murciano no opte por una pretemporada completa sin viajes, que le permita llegar en su mejor condici\u00f3n f\u00edsica al primer Grand Slam del a\u00f1o.<\/p>\n<p>Amistoso con Sinner en Se\u00fal<\/p>\n<p>El plan de Alcaraz, en cambio, pasa por descansar un par de semanas en casa antes de volver a entrenar para disputar las exhibiciones estadounidenses, y comenzar su pretemporada el 12 de diciembre, como ya es habitual sin participar en torneos previos a Melbourne. Adem\u00e1s, est\u00e1 previsto que dispute un encuentro amistoso con Jannik Sinner en Se\u00fal antes de iniciar el calendario oficial.<\/p>\n<p>\u00abDe cara al nuevo a\u00f1o, veremos cu\u00e1ntos partidos de exhibici\u00f3n juega Carlos Alcaraz el pr\u00f3ximo mes. Bueno, quiero decir, todo esto es&#8230; es la temporada para ganar dinero\u00bb, a\u00f1adi\u00f3 Brett Connors, hijo del legendario tenista y coanfitri\u00f3n del programa.<\/p>\n<p>El debate est\u00e1 servido entre quienes valoran el compromiso comercial y los que creen que el murciano deber\u00eda priorizar su preparaci\u00f3n f\u00edsica de cara a una temporada que promete volver a ser de m\u00e1xima exigencia, m\u00e1xime cuando se ha fijado el Grand Slam australiano como <b><a title=\"el gran objetivo de la temporada\" href=\"https:\/\/www.antena3.com\/noticias\/deportes\/tenis\/director-open-australia-pulso-sinner-alcaraz-podria-ser-mayor-rivalidad-que-tenis-haya-visto-jamas_2025100868e684730e3c6c50982892fe.html\" target=\"_blank\" rel=\"nofollow noopener\">el gran objetivo de la temporada<\/a><\/b>.<\/p>\n<p>S\u00edguenos en nuestro <a title=\"canal de WhatsApp\" href=\"https:\/\/www.whatsapp.com\/channel\/0029Va6BhYH2phHPnlatwW3b\" target=\"_blank\" rel=\"nofollow noopener\"><strong>canal de WhatsApp<\/strong><\/a> y no te pierdas la \u00faltima hora y toda la actualidad en nuestro <b><a title=\"perfil de Google\" href=\"https:\/\/profile.google.com\/cp\/CgovbS8wMngwNnFy\" target=\"_blank\" rel=\"nofollow noopener\">perfil de Google<\/a>.<\/b><\/p>\n<p>   <img decoding=\"async\" title=\"Florentino P\u00e9rez en la Asamblea de Socios del Real Madrid\" alt=\"Florentino P\u00e9rez en la Asamblea de Socios del Real Madrid\" width=\"480\" height=\"270\" src=\"https:\/\/www.europesays.com\/es\/wp-content\/uploads\/2025\/11\/florentino-perez-asamblea-socios-real-madrid_70.jpg\" loading=\"lazy\" class=\"lazy\"\/><\/p>\n","protected":false},"excerpt":{"rendered":"El extenista estadounidense Jimmy Connors, ganador de ocho Grand Slams, ha criticado la planificaci\u00f3n de Carlos Alcaraz de&hellip;\n","protected":false},"author":2,"featured_media":254145,"comment_status":"","ping_status":"","sticky":false,"template":"","format":"standard","meta":{"footnotes":""},"categories":[274],"tags":[168,25,24,23,167,327,326],"class_list":{"0":"post-254144","1":"post","2":"type-post","3":"status-publish","4":"format-standard","5":"has-post-thumbnail","7":"category-tenis","8":"tag-deportes","9":"tag-es","10":"tag-espana","11":"tag-spain","12":"tag-sports","13":"tag-tenis","14":"tag-tennis"},"share_on_mastodon":{"url":"https:\/\/pubeurope.com\/@es\/115607517820876366","error":""},"_links":{"self":[{"href":"https:\/\/www.europesays.com\/es\/wp-json\/wp\/v2\/posts\/254144","targetHints":{"allow":["GET"]}}],"collection":[{"href":"https:\/\/www.europesays.com\/es\/wp-json\/wp\/v2\/posts"}],"about":[{"href":"https:\/\/www.europesays.com\/es\/wp-json\/wp\/v2\/types\/post"}],"author":[{"embeddable":true,"href":"https:\/\/www.europesays.com\/es\/wp-json\/wp\/v2\/users\/2"}],"replies":[{"embeddable":true,"href":"https:\/\/www.europesays.com\/es\/wp-json\/wp\/v2\/comments?post=254144"}],"version-history":[{"count":0,"href":"https:\/\/www.europesays.com\/es\/wp-json\/wp\/v2\/posts\/254144\/revisions"}],"wp:featuredmedia":[{"embeddable":true,"href":"https:\/\/www.europesays.com\/es\/wp-json\/wp\/v2\/media\/254145"}],"wp:attachment":[{"href":"https:\/\/www.europesays.com\/es\/wp-json\/wp\/v2\/media?parent=254144"}],"wp:term":[{"taxonomy":"category","embeddable":true,"href":"https:\/\/www.europesays.com\/es\/wp-json\/wp\/v2\/categories?post=254144"},{"taxonomy":"post_tag","embeddable":true,"href":"https:\/\/www.europesays.com\/es\/wp-json\/wp\/v2\/tags?post=254144"}],"curies":[{"name":"wp","href":"https:\/\/api.w.org\/{rel}","templated":true}]}}